{"id":11850,"date":"2007-12-18T10:30:00","date_gmt":"2007-12-18T09:30:00","guid":{"rendered":"http:\/\/www.fedaiisf.it\/aiisf-nazionale-primo-piano-aiisf-incontra-codacons-a-roma\/"},"modified":"2007-12-18T10:30:00","modified_gmt":"2007-12-18T09:30:00","slug":"aiisf-nazionale-primo-piano-aiisf-incontra-codacons-a-roma","status":"publish","type":"post","link":"https:\/\/www.fedaiisf.it\/en\/aiisf-nazionale-primo-piano-aiisf-incontra-codacons-a-roma\/","title":{"rendered":"NATIONAL AIISF \u2013 CLOSE UP \u2013 AIISF MEETS CODACONS IN ROME"},"content":{"rendered":"<div class=\"Section1\">\n<p class=\"MsoNormal\" style=\"margin: 0pt; text-align: center\" align=\"center\"><span style=\"mso-spacerun: yes\"><font face=\"Times New Roman\" size=\"3\"><span lang=\"FR\" style=\"font-size: 11pt; color: #003300; mso-ansi-language: FR\"><font face=\"Times New Roman\"><\/font><\/span><\/font><\/span><\/p>\n<p class=\"MsoNormal\" style=\"margin: 0pt; text-align: center\" align=\"center\"><span style=\"mso-spacerun: yes\"><font face=\"Times New Roman\" size=\"3\"><span lang=\"FR\" style=\"font-size: 11pt; color: #003300; mso-ansi-language: FR\"><font face=\"Times New Roman\"><span style=\"mso-spacerun: yes\"><font face=\"Times New Roman\" size=\"3\"><span lang=\"FR\" style=\"font-size: 11pt; color: #003300; mso-ansi-language: FR\"><font face=\"Times New Roman\"><span style=\"font-size: 11pt; color: #003300\"><img decoding=\"async\" id=\"DLImmagini__ctl1_Img\" style=\"width: 68px; height: 68px\" height=\"40\" alt=\"\" border=\"0\" src=\"http:\/\/www.informatori.aiisf.it\/img\/Archivio\/\/N14.gif\" \/><\/span><\/font><\/span><\/font><\/span><\/font><\/span><\/font><\/span><\/p>\n<\/p><\/div>\n<div class=\"Section2\">\n<p class=\"MsoNormal\" style=\"margin: 0pt; text-align: center\" align=\"center\"><font face=\"Times New Roman\"><strong><span style=\"font-size: 11pt; color: #003300\">ASSOCIATION<\/span><\/strong><strong style=\"mso-bidi-font-weight: normal\"><span style=\"font-size: 11pt; color: #003300\">AND<span style=\"mso-spacerun: yes\">&nbsp; <\/span><span style=\"mso-bidi-font-weight: bold\">THE<\/span>TALIAN<span style=\"mso-spacerun: yes\">&nbsp; <\/span><span style=\"mso-bidi-font-weight: bold\">THE<\/span>INFORMERS<span style=\"mso-spacerun: yes\">&nbsp; <\/span><span style=\"mso-bidi-font-weight: bold\">St<\/span>SCIENTIFIC<span style=\"mso-spacerun: yes\">&nbsp; <\/span>OF THE<span style=\"mso-spacerun: yes\">&nbsp; <\/span><span style=\"mso-bidi-font-weight: bold\">f<\/span>ARMACO<\/p>\n<p><\/span><\/strong><\/font><\/p>\n<p class=\"MsoNormal\" style=\"margin: 0pt; text-align: center\" align=\"center\"><strong style=\"mso-bidi-font-weight: normal\"><span lang=\"FR\" style=\"font-size: 11pt; color: #003300; mso-ansi-language: FR\"><font face=\"Times New Roman\">\u00ab Member of the Union Internationale des Associations D\u00e9l\u00e9gu\u00e9s M\u00e9dicaux \u00bb<\/font><\/span><\/strong><\/p>\n<p class=\"MsoNormal\" style=\"margin: 0pt -1.1pt 0pt 0pt\"><font face=\"Times New Roman\"><span style=\"color: #003300\"><font size=\"3\"><span style=\"mso-spacerun: yes\">&nbsp;&nbsp;&nbsp;&nbsp;&nbsp;&nbsp;&nbsp;&nbsp;&nbsp;&nbsp;&nbsp;&nbsp;&nbsp;&nbsp;&nbsp;&nbsp;&nbsp;&nbsp;&nbsp;&nbsp;&nbsp;&nbsp;&nbsp;&nbsp;&nbsp;&nbsp;&nbsp;&nbsp;&nbsp;&nbsp;&nbsp;&nbsp;&nbsp;&nbsp;&nbsp;&nbsp;&nbsp;&nbsp;&nbsp;&nbsp;&nbsp;<\/span><span style=\"mso-spacerun: yes\">&nbsp;&nbsp;&nbsp;&nbsp;&nbsp;&nbsp;&nbsp;&nbsp;&nbsp;&nbsp;&nbsp;&nbsp;&nbsp;&nbsp;&nbsp;&nbsp;&nbsp;&nbsp;&nbsp;&nbsp;&nbsp;&nbsp;&nbsp;&nbsp;&nbsp;&nbsp;&nbsp;&nbsp;&nbsp;&nbsp;&nbsp;&nbsp;&nbsp;&nbsp;&nbsp;&nbsp;&nbsp;&nbsp;&nbsp;&nbsp;&nbsp;&nbsp;&nbsp;&nbsp;<\/span><\/font><\/span><strong style=\"mso-bidi-font-weight: normal\"><span style=\"font-size: 10pt; color: green\"><span style=\"mso-spacerun: yes\">&nbsp;&nbsp;&nbsp;&nbsp;&nbsp;&nbsp; <\/span><\/p>\n<p><\/span><\/strong><\/font><\/p>\n<\/p><\/div>\n<p><span style=\"font-size: 12pt; font-family: 'Times New Roman'; mso-ansi-language: IT; mso-fareast-font-family: 'Times New Roman'; mso-fareast-language: IT; mso-bidi-language: AR-SA\" \/><\/p>\n<p class=\"MsoNormal\" style=\"margin: 0pt 151.25pt 0pt 0pt\"><span style=\"mso-spacerun: yes\"><font face=\"Times New Roman\" size=\"3\">&nbsp;&nbsp;&nbsp;&nbsp;&nbsp;&nbsp;&nbsp; <\/font><\/span><\/p>\n<p class=\"MsoNormal\" style=\"margin: 0pt 151.25pt 0pt 0pt\"><strong style=\"mso-bidi-font-weight: normal\"><span style=\"color: #003300\"><font size=\"3\"><font face=\"Times New Roman\"><span style=\"mso-spacerun: yes\">&nbsp;&nbsp;&nbsp;&nbsp;&nbsp;&nbsp;&nbsp;&nbsp;&nbsp;&nbsp;&nbsp;&nbsp; National Executive&nbsp;<\/span><\/font><\/font><\/span><\/strong><\/p>\n<p class=\"MsoNormal\" style=\"margin: 0pt 151.25pt 0pt 0pt\"><strong style=\"mso-bidi-font-weight: normal\"><sp\n<\/p>","protected":false},"excerpt":{"rendered":"<p>ASSOCIAZIONE&nbsp; ITALIANA&nbsp; INFORMATORI&nbsp; SCIENTIFICI&nbsp; DEL&nbsp; FARMACO &laquo;&nbsp;Membro dell&rsquo;Union Internationale des Associations D&eacute;l&eacute;gu&eacute;s M&eacute;dicaux&nbsp;&raquo; &nbsp;&nbsp;&nbsp;&nbsp;&nbsp;&nbsp;&nbsp;&nbsp;&nbsp;&nbsp;&nbsp;&nbsp;&nbsp;&nbsp;&nbsp;&nbsp;&nbsp;&nbsp;&nbsp;&nbsp;&nbsp;&nbsp;&nbsp;&nbsp;&nbsp;&nbsp;&nbsp;&nbsp;&nbsp;&nbsp;&nbsp;&nbsp;&nbsp;&nbsp;&nbsp;&nbsp;&nbsp;&nbsp;&nbsp;&nbsp;&nbsp;&nbsp;&nbsp;&nbsp;&nbsp;&nbsp;&nbsp;&nbsp;&nbsp;&nbsp;&nbsp;&nbsp;&nbsp;&nbsp;&nbsp;&nbsp;&nbsp;&nbsp;&nbsp;&nbsp;&nbsp;&nbsp;&nbsp;&nbsp;&nbsp;&nbsp;&nbsp;&nbsp;&nbsp;&nbsp;&nbsp;&nbsp;&nbsp;&nbsp;&nbsp;&nbsp;&nbsp;&nbsp;&nbsp;&nbsp;&nbsp;&nbsp;&nbsp;&nbsp;&nbsp;&nbsp;&nbsp;&nbsp;&nbsp;&nbsp;&nbsp; &nbsp;&nbsp;&nbsp;&nbsp;&nbsp;&nbsp;&nbsp; &nbsp;&nbsp;&nbsp;&nbsp;&nbsp;&nbsp;&nbsp;&nbsp;&nbsp;&nbsp;&nbsp;&nbsp; Esecutivo&nbsp;Nazionale&nbsp;<\/p>","protected":false},"author":1,"featured_media":9846,"comment_status":"closed","ping_status":"closed","sticky":false,"template":"","format":"standard","meta":{"footnotes":""},"categories":[90],"tags":[],"class_list":["post-11850","post","type-post","status-publish","format-standard","has-post-thumbnail","hentry","category-fedaiisf-archivio-storico"],"amp_enabled":true,"_links":{"self":[{"href":"https:\/\/www.fedaiisf.it\/en\/wp-json\/wp\/v2\/posts\/11850","targetHints":{"allow":["GET"]}}],"collection":[{"href":"https:\/\/www.fedaiisf.it\/en\/wp-json\/wp\/v2\/posts"}],"about":[{"href":"https:\/\/www.fedaiisf.it\/en\/wp-json\/wp\/v2\/types\/post"}],"author":[{"embeddable":true,"href":"https:\/\/www.fedaiisf.it\/en\/wp-json\/wp\/v2\/users\/1"}],"replies":[{"embeddable":true,"href":"https:\/\/www.fedaiisf.it\/en\/wp-json\/wp\/v2\/comments?post=11850"}],"version-history":[{"count":0,"href":"https:\/\/www.fedaiisf.it\/en\/wp-json\/wp\/v2\/posts\/11850\/revisions"}],"wp:featuredmedia":[{"embeddable":true,"href":"https:\/\/www.fedaiisf.it\/en\/wp-json\/wp\/v2\/media\/9846"}],"wp:attachment":[{"href":"https:\/\/www.fedaiisf.it\/en\/wp-json\/wp\/v2\/media?parent=11850"}],"wp:term":[{"taxonomy":"category","embeddable":true,"href":"https:\/\/www.fedaiisf.it\/en\/wp-json\/wp\/v2\/categories?post=11850"},{"taxonomy":"post_tag","embeddable":true,"href":"https:\/\/www.fedaiisf.it\/en\/wp-json\/wp\/v2\/tags?post=11850"}],"curies":[{"name":"wp","href":"https:\/\/api.w.org\/{rel}","templated":true}]}}