{"id":120,"date":"2014-04-30T17:39:00","date_gmt":"2014-04-30T15:39:00","guid":{"rendered":"http:\/\/www.fedaiisf.it\/?p=120"},"modified":"2014-05-09T17:39:18","modified_gmt":"2014-05-09T15:39:18","slug":"nota-del-presidente-federale-sul-film-il-venditore-di-medicine","status":"publish","type":"post","link":"https:\/\/www.fedaiisf.it\/en\/nota-del-presidente-federale-sul-film-il-venditore-di-medicine\/","title":{"rendered":"Note from the Federal President on the film &quot;The Medicine Seller&quot;"},"content":{"rendered":"<p>I consider it my duty, as National President of the Federation of Pharmaceutical Scientists&#039; Associations, to comment on a film being programmed which denounces wrongdoing between doctors and ISF. In truth, we had decided to ignore it: advertising is always the responsibility of the producers.<\/p>\n<p>&nbsp;<\/p>\n<p>An idea, even a provocative one, can legitimately be materialized in a film.<\/p>\n<p>&nbsp;<\/p>\n<p>If this were not the case, we would intervene on the sacred concept of freedom and democracy.<\/p>\n<p>&nbsp;<\/p>\n<p>Wanting to assimilate it - however - to a cross-section of daily life is the limit of the film.<\/p>\n<p>&nbsp;<\/p>\n<p>The denunciation of a negative emotion always tends to rebound in consciences drawing lifeblood from the elements of the show, which we wanted to amplify, integrating them with the director&#039;s fantasies and with the need to sell tickets.<\/p>\n<p>&nbsp;<\/p>\n<p>Perhaps, to propose a film closer to reality, it would have been useful to consult this Federation: if they had done so, I fear this film would never have been produced.<\/p>\n<p>&nbsp;<\/p>\n<p>Unless \u2026 .<\/p>\n<p>&nbsp;<\/p>\n<p>Everyone can find the right answer.<\/p>\n<p>&nbsp;<\/p>\n<p>&nbsp;<\/p>\n<p>&nbsp;<\/p>\n<p>Fabio Carinci<\/p>\n<p>&nbsp;<\/p>\n<p>FEDAISF<\/p>\n<p>&nbsp;<\/p>\n<p>Federation of drug sales representatives.<\/p>\n<p>&nbsp;<\/p>\n<p>Federal National President<\/p>","protected":false},"excerpt":{"rendered":"<p>Ritengo doveroso, come Presidente Nazionale della Federazione delle Associazioni di Informatori Scientifici del farmaco esprimere un commento su un film in programmazione, che denuncia illeciti tra medici ed ISF. Per la verit\u00e0 avevamo deciso di ignorarlo: la pubblicit\u00e0 \u00e8 sempre a carico dei produttori. &nbsp; Un&#8217;idea, anche provocatoria, \u00e8 legittimo possa essere materializzata in un &hellip;<\/p>","protected":false},"author":1,"featured_media":121,"comment_status":"open","ping_status":"closed","sticky":false,"template":"","format":"standard","meta":{"footnotes":""},"categories":[14,15],"tags":[],"class_list":["post-120","post","type-post","status-publish","format-standard","has-post-thumbnail","hentry","category-news-fedaiisf","category-news"],"amp_enabled":true,"_links":{"self":[{"href":"https:\/\/www.fedaiisf.it\/en\/wp-json\/wp\/v2\/posts\/120","targetHints":{"allow":["GET"]}}],"collection":[{"href":"https:\/\/www.fedaiisf.it\/en\/wp-json\/wp\/v2\/posts"}],"about":[{"href":"https:\/\/www.fedaiisf.it\/en\/wp-json\/wp\/v2\/types\/post"}],"author":[{"embeddable":true,"href":"https:\/\/www.fedaiisf.it\/en\/wp-json\/wp\/v2\/users\/1"}],"replies":[{"embeddable":true,"href":"https:\/\/www.fedaiisf.it\/en\/wp-json\/wp\/v2\/comments?post=120"}],"version-history":[{"count":0,"href":"https:\/\/www.fedaiisf.it\/en\/wp-json\/wp\/v2\/posts\/120\/revisions"}],"wp:featuredmedia":[{"embeddable":true,"href":"https:\/\/www.fedaiisf.it\/en\/wp-json\/wp\/v2\/media\/121"}],"wp:attachment":[{"href":"https:\/\/www.fedaiisf.it\/en\/wp-json\/wp\/v2\/media?parent=120"}],"wp:term":[{"taxonomy":"category","embeddable":true,"href":"https:\/\/www.fedaiisf.it\/en\/wp-json\/wp\/v2\/categories?post=120"},{"taxonomy":"post_tag","embeddable":true,"href":"https:\/\/www.fedaiisf.it\/en\/wp-json\/wp\/v2\/tags?post=120"}],"curies":[{"name":"wp","href":"https:\/\/api.w.org\/{rel}","templated":true}]}}