{"id":14346,"date":"2011-12-05T18:30:00","date_gmt":"2011-12-05T17:30:00","guid":{"rendered":"http:\/\/www.fedaiisf.it\/sanofi-lossessione-del-profitto-affossa-leccellenza\/"},"modified":"2011-12-05T18:30:00","modified_gmt":"2011-12-05T17:30:00","slug":"sanofi-lossessione-del-profitto-affossa-leccellenza","status":"publish","type":"post","link":"https:\/\/www.fedaiisf.it\/en\/sanofi-lossessione-del-profitto-affossa-leccellenza\/","title":{"rendered":"Sanofi. The obsession with profit sinks excellence"},"content":{"rendered":"<p style=\"margin: 0cm 0cm 10pt\" class=\"MsoNormal\"><span style=\"mso-ansi-language: EN-US\" lang=\"EN-US\"><font size=\"3\"><font face=\"Calibri\">05-12-2011 <\/p>\n<p><\/font><\/font><\/span><\/p>\n<p style=\"margin: 0cm 0cm 10pt\" class=\"MsoNormal\"><span style=\"mso-ansi-language: EN-US\" lang=\"EN-US\"><font size=\"3\"><font face=\"Calibri\">Pr\u00e8s de 200 persons, dont une majorit\u00e9 de Fran\u00e7ais, sont venus soutenir vendredi dernier au center de recherches de Sanofi-Aventis \u00e0 Milan, leurs camarades italiens menac\u00e9s de licenciement malgr\u00e9 the 9 milliards d&#039;euros de b\u00e9n\u00e9fices de la multinationale pharmaceutique. <\/p>\n<p><\/font><\/font><\/span><\/p>\n<p style=\"margin: 0cm 0cm 10pt\" class=\"MsoNormal\"><span style=\"mso-ansi-language: EN-US\" lang=\"EN-US\"><font size=\"3\"><font face=\"Calibri\">The announcement of the closure of the Sanofi-Aventis research center in Milan threatens the sites of Montpellier and Sisteron.<\/p>\n<p><\/font><\/font><\/span><\/p>\n<p style=\"margin: 0cm 0cm 10pt\" class=\"MsoNormal\"><span style=\"mso-ansi-language: EN-US\" lang=\"EN-US\"><font size=\"3\"><font face=\"Calibri\">An immense enthusiastic clamor has come from the scarf assembled on the floor of the flamboyant new building of the prestige research and development center of Sanofi-Aventis in Milan (Italy) to acquire the minibuses which transport the CGT delegations from the Montpellier and Sisteron sites of the French multinational pharmaceutique.<\/p>\n<p><\/font><\/font><\/span><\/p>\n<p style=\"margin: 0cm 0cm 10pt\" class=\"MsoNormal\"><font size=\"3\"><font face=\"Calibri\"><span style=\"mso-ansi-language: EN-US\" lang=\"EN-US\"><span style=\"mso-spacerun: yes\">&nbsp;<\/span>The banni\u00e8res rouges de la centrale syndicale fran\u00e7aise ondoient \u00e0 travers les fen\u00eatres du minibus, adding a touch of gaiet\u00e9 and de couleur a cette froide et grise matin\u00e9e milanaise, tandis que les sons stridents des cornes de brume et des sifflets le disputent aux cris de joie des militant syndicaux. <\/span>C&#039;est dire si le voyage entre Montpellier et Sisteron, puis Milan, a \u00e9t\u00e9 long et donc propice \u00e0 exacerber la combativit\u00e9 des demonstrants\u2026<\/p>\n<p><\/font><\/font><\/p>\n<p style=\"margin: 0cm 0cm 10pt\" class=\"MsoNormal\"><strong style=\"mso-bidi-font-weight: normal\"><font size=\"3\"><font face=\"Calibri\">Une initiative fran\u00e7aise<\/p>\n<p><\/font><\/font><\/strong><\/p>\n<p style=\"margin: 0cm 0cm 10pt\" class=\"MsoNormal\"><font size=\"3\"><font face=\"Calibri\"><span style=\"mso-spacerun: yes\">&nbsp;<\/span>C&#039;est \u00e0 l&#039;appel de la CGT que pr\u00e8s de 150 personnes issues des sites industriels fran\u00e7ais du g\u00e9ant pharmaceutique se sont rendues \u00e0 Milan vendredi 2 d\u00e9cembre dernier afin de soutenir leurs coll\u00e8gues italiens en gr\u00e8ve pour protester against the decision to stop the center de recherche pharmaceutique de la ville italienne. Celui-ci, inaugurated in large pumps with the local authorities of the city and of the Lombardy region in 2008, is a research pole which contributes to the elaboration of medicines such as Plavix and the researchers who publish articles in scientific reviews of international recognition. Les syndicats, also bien Italiens que la CGT fran\u00e7aise, d\u00e9noncent une volont\u00e9 de rabaisser les co\u00fbts de production, ce malgr\u00e9 les 9 milliards d&#039;euros de b\u00e9n\u00e9fices enregistr\u00e9s en 2010 par l&#039;un des fleurons de notre industrie nationale.<\/p>\n<p><\/font><\/font><\/p>\n<p style=\"margin: 0cm 0cm 10pt\" class=\"MsoNormal\"><font size=\"3\"><font face=\"Calibri\"><span style=\"mso-spacerun: yes\">&nbsp;<\/span><strong style=\"mso-bidi-font-weight: normal\">Un seul mot d&#039;ordre : solidarit\u00e9<o:p\n<\/p>","protected":false},"excerpt":{"rendered":"<p>05-12-2011 Pr&egrave;s de 200 personnes, dont une majorit&eacute; de Fran&ccedil;ais, sont venus soutenir vendredi dernier au centre de recherches de Sanofi-Aventis &agrave; Milan, leurs camarades italiens menac&eacute;s de licenciement malgr&eacute; les 9 milliards d&rsquo;euros de b&eacute;n&eacute;fices de la multinationale pharmaceutique. L&rsquo;annonce de la fermeture du centre de recherches de Sanofi-Aventis &agrave; Milan menace les sites &hellip;<\/p>","protected":false},"author":1,"featured_media":9846,"comment_status":"closed","ping_status":"closed","sticky":false,"template":"","format":"standard","meta":{"footnotes":""},"categories":[90],"tags":[],"class_list":["post-14346","post","type-post","status-publish","format-standard","has-post-thumbnail","hentry","category-fedaiisf-archivio-storico"],"amp_enabled":true,"_links":{"self":[{"href":"https:\/\/www.fedaiisf.it\/en\/wp-json\/wp\/v2\/posts\/14346","targetHints":{"allow":["GET"]}}],"collection":[{"href":"https:\/\/www.fedaiisf.it\/en\/wp-json\/wp\/v2\/posts"}],"about":[{"href":"https:\/\/www.fedaiisf.it\/en\/wp-json\/wp\/v2\/types\/post"}],"author":[{"embeddable":true,"href":"https:\/\/www.fedaiisf.it\/en\/wp-json\/wp\/v2\/users\/1"}],"replies":[{"embeddable":true,"href":"https:\/\/www.fedaiisf.it\/en\/wp-json\/wp\/v2\/comments?post=14346"}],"version-history":[{"count":0,"href":"https:\/\/www.fedaiisf.it\/en\/wp-json\/wp\/v2\/posts\/14346\/revisions"}],"wp:featuredmedia":[{"embeddable":true,"href":"https:\/\/www.fedaiisf.it\/en\/wp-json\/wp\/v2\/media\/9846"}],"wp:attachment":[{"href":"https:\/\/www.fedaiisf.it\/en\/wp-json\/wp\/v2\/media?parent=14346"}],"wp:term":[{"taxonomy":"category","embeddable":true,"href":"https:\/\/www.fedaiisf.it\/en\/wp-json\/wp\/v2\/categories?post=14346"},{"taxonomy":"post_tag","embeddable":true,"href":"https:\/\/www.fedaiisf.it\/en\/wp-json\/wp\/v2\/tags?post=14346"}],"curies":[{"name":"wp","href":"https:\/\/api.w.org\/{rel}","templated":true}]}}