{"id":1510,"date":"2014-07-23T11:57:46","date_gmt":"2014-07-23T09:57:46","guid":{"rendered":"http:\/\/www.fedaiisf.it\/?p=1510"},"modified":"2014-07-27T12:01:35","modified_gmt":"2014-07-27T10:01:35","slug":"calabria-sanita-quando-il-vecchio-e-usato-per-nuovo-sul-commissario-interviene-anche-il-sole-24-ore","status":"publish","type":"post","link":"https:\/\/www.fedaiisf.it\/en\/calabria-sanita-quando-il-vecchio-e-usato-per-nuovo-sul-commissario-interviene-anche-il-sole-24-ore\/","title":{"rendered":"Calabria. Healthcare: When old is used for new. &#039;Il Sole 24 ore&#039; also intervenes on the commissioner"},"content":{"rendered":"<p><i>Il commissario sarebbe Renzo Lusetti, nato nel 1958 a Castelnovo di sotto (RE). Lusetti, per inciso, di sanit\u00e0 non \u00e8 che sia una cima di sapere. Ex deputato, si \u00e8 occupato di sanit\u00e0 solo come primo firmatario di tre Pdl, una sugli informatori scientifici, una sugli ottici-optometristi e una sulle infezioni da legionella.<\/i><\/p>\n<p><span style=\"color: #0000ff;\"><a href=\"http:\/\/www.lametino.it\/Calabria\/sanita-quando-il-vecchio-e-usato-per-nuovo-sul-commissario-interviene-anche-il-sole-24-ore.html\" target=\"_blank\" rel=\"noopener\"><span style=\"color: #0000ff;\">Mercoled\u00ec, 23 Luglio \u2013 <i>il Lametino.it<\/i><\/span><\/a><\/span><i><\/i><\/p>\n<p><img loading=\"lazy\" decoding=\"async\" class=\"alignleft\" alt=\"\" src=\"data:image\/jpeg;base64,\/9j\/4AAQSkZJRgABAQAAAQABAAD\/2wCEAAkGBxQQERUUEBQUFRUUFhcUFhQWFxQUFxUUFxUXFhQUFBQYHCggGBolHBUUITUhJSkrLi4uGB8zODMsNygtLisBCgoKDg0OGxAQGiwkHCYyKy0sLSwsLCwsLCwsLCw3LCwsLCwsLCwsLCwsLC4sLCwsLCwsLCwsLDcsLCwsLCwsLP\/AABEIALYAhAMBIgACEQEDEQH\/xAAcAAABBAMBAAAAAAAAAAAAAAAAAQIGBwMEBQj\/xABAEAACAQICBwYCCAQEBwAAAAABAgADEQQhBQYSMUFRYQcTcYGRoSLBMkJSYnKSsvA1gtHxIySisRQlM1Njc4P\/xAAaAQEAAwEBAQAAAAAAAAAAAAAAAQMEAgUG\/8QAJxEBAAIBBAAFBAMAAAAAAAAAAAECEQMEITEFEkFhgSIyM7FCQ1H\/2gAMAwEAAhEDEQA\/ALthCJAWEIQCEIQCJFiQCEIQCEIQCEIQCEIQCEIQCEIQCEIQCY8RiFpqWqMqKN7MQoHiTIXrl2iUsHdKFqtXMHP4VPU8T0EpvWPWzEY4hsS5KjNV3KPwoP1G5kZThdeK7S8AjWFRqme+mjMPzbppHtWwm1bZq7P2tn5Xnn\/EY82sgsp5f14zUWrzNj++EjMmHp7RvaJgK7hBVKs27bUqL8ryVqwIuMxzE8gU6ptz685J9WtfcTo+qLOalMkbVFiSLXz2T9U\/vOTkw9MQnL1c0\/Rx9HvaBy3Mp+kjfZYTqSUCEIQCEIQCEIQEhCEBZXfa3rYcNTXDUGtWrAliDmlMZb+BY5eAMsOeXe0DS3faRxFQkn\/EKJ0VPhA8MjIlMOJjq92+IXNt\/wBnw6zGuIFrMLjnc7vnJrqzqquIp95VG+xA3eBkx0VqfhaYu1MO3NvkJX5\/RdGnnlTg2SLAEjhkcvGMpYFmOSk+A95fKaKw67qaDpYTFWwNIblA8BIm7qNKFYaM1fqlQSPWY9YtW2RRUGVszbjylnV7AWGXrNeqgqKVYZHIyvzzlZOnXCvuzzWp9HYlamZpvZaq55pf6Vua3M9NowYAg3BAIPMHMGeUdMaN7iuVO4Z8uM9C9mGKNTRlDaJJQNTN\/uMQPa00VnLJaMJVCEJ05EIQgEIQgNhEiwFE8nad0e1LG1qdQ5rWqAniQajW8zvnrCec+1zAmhpOsd3eBaqnncWa3mDIlMJro9gtNAu7ZA9pu0ah4Tg6vvtYdG4ERH09WW+zh9pRu2TdrczMuOWyJSax4k+kaFyOZkToa6IxIdWptyYTsPXqd2WA35gSXTZxKjn7zVo1U2goddr7O0L+kg2ktZKlV9gMEUGzNxnQ0M2Gf6JLn7ZsST0I3SMeqJn0HaJR2HpPa4a6n2ll9j9UtgnB+rVNvNVJ97yF64Yc4jBFlzamyv4gZEehMm3ZDTto+4+tVY+yy6ks+pCbwiRZapEIQgLCJCAyLGxYCyqO27R71nw5RL2SpZhvJup2b8uPnLWmhprACvRZCLmxKnk1sreO6RbOOHVJiJ5VJq4hGFCcRce+U5WksLiHYgsaaWIBG8HnY7+HpJPhqIpZD+xmzXVXttDfMs9tcQr7Q2gttx3jM7bRYstwAOAuZZNFbUipzsJqVKS0l+EAXyHWZaWLphWDOt\/Eeknt1EYRGvoLug6pTVw4IIIJJU8I\/QuCsFQ09lUJKjP4Sd5F+eWc6mOxyK6kVFvkDTuLjavst52M2EbaORkZnpPlb2jsIO7KHccvWS\/UbA9xhALW2nZiBmAclyP8t\/ORjR5PHmJONDLs0EFiMibHqSZbpwz6s8N+8I28Ly5nPhG3iwFhEhAZeEbeLeAt4t428LwINrNow06rOFIRzfaFtkE8Oh3zjipsyxdMYTvqLoN5F1\/EM1lXpWDTPqVxLVpWyetYVHu30V4cyZGMbq8i7TUWqKzNfeTvnRx9OqXC0GUDMsTf0ynNejjycqtMcgoNh43veRVdzJuG0d8V3F24k9Bb5TsYRirWBuN4\/pOJhtH4gsdrE25hQDf81851dEYbufhJLEnec5E4JzCYaLG0w6kCWCTITqvR2qg5D4j5bve0mV5dpxwyas8n3i3mO8W8sVMl4t5iBjrwH3hGXhASF4kICxY2Nq1VQFnYKo3sxCgeJOQgZAZUGmKPcYiqu4B29LyRazdqGEw6EYV1xFXcuzc0lP2mcZMByG+RjuqlbCUMTUJZ667bt99iTu4C24dLTi8cLNOeT8JUBJ3ZzHjdBirn3hXwnEdmptlkeXA+EbX049rW9DKcNEWdjCaGp0TfbZupsPYTaQDfyMjGH0jUcyS4JCQNqRgmcp1qcllc\/h+ckV5WWkdKVcHhFx9O5FOsm1T4VcOwNNx0zIYH7ok50Lp2hjKYfD1Fa4zW4216Mu8TTWOGW\/bqXhtTHeF5Llk2ooaYrxQ0DLeEZeJAwY3StCh\/161Kn+N1X2JvItpTtQwFHJHasf8Axqbfmawnn6tiWY3Ykk7ySST4kzF3hnWBa2l+2arn\/wANQppyNQmo35RYD3leae1mxWPa+Jqs44JuQeCDKckm8QGBmDS89QqgraLw4YbVqewR4XlE3l3dmRZdHUGHJlI5gMbTqsIlq6e0CyglAXT\/AFL+IcR1EiFXAnkR4jKXXk4vb5ESvtadLYM5UGLPchjTANPqSTkT1WU6unFYzEtOjNrzjGUbwYCC5P769JItD4RsQRtXWlxO4v8AdXp1nG0BXwu2Bidu98iQO7HVhv8AM5SzMNggLcRvFtx8JxpUi3My61\/NTjGHJ1+pg6Nq0gLbS2A5WzFvSUjgMS3dqVZlZdzKSCLdRL41jod4jL91v9pQbrs1Kijg2U0YZUl0X2kY\/D5Gr3gHCqoceuTe8mOiu2EHLE4e33qLX\/0Nn7yoagjAZGB6W0TrlgsVbusQgY\/Uc923o2\/yneBnlBKpHGSrV\/XXFYS3d1SV\/wC2\/wAaHpY5jyIkYHofahK5wfavQKDvaVRX4hSGXxBNjFkYkUaxgIy8W87CsYqxBASA+Xv2WG+i6Pi49HMocS2+zvHVl0ZTp4db1HqVQrsLpSXazd+ZF8l4zuqJZe0rWV1IwWFuzuNquVzKU+CZcW3noOsguFbaWWvoPVSnhSXu1Sq+b1XN2ZuJlcaw0UwuKrqv0A912c7FgGK2GdwT7iZt1XiJel4dqRma\/LQRbv4XP9+XtJZqPrTWp12pOjPhgAdoC7Um+0BvKnivS4kXw1QX3XJsqC2\/jf3Es3VbQ4o0viHxNmTI21P5Snf639cJIFSqAykMrDJlIIIPIzzjphdjE1Ryf5CX3TwRw526J2bm7J9R\/FeB6j3lE6zUimMrhrX287bswDl6zVZ5kOe5uJhLZZxSZisSbnyE4Sy3j6NXOYjGAwOg1Sx3wmniH+KEBgigxFiXgZBFEbeLAdLk7IATo\/8A+tS3rKavLc7HK\/8Ak3XlWb3AM6r2iVg1KoVSzGyqCxPQC5lJ42sa9Q1G3uzVCPxHIeQNvMHlLP10xXd4Opb64CfmNj7XlXlrD+\/7\/d+Ey7u3MQ9bw2n02v8ADoavUg2JS4vYkeGXL98eUtiiLDKVFq1VtiEvxa3r+\/brLbRpbtp+hm38Y1c\/6K5lC67D\/mFfqw\/QsvbENKK15\/iFbxX9Al1umKHBaM2o8zGTOEn8JjBmQ7vKYYGeol7eEJsULFRCBpiEIhgOEW8bFEB95anYyf8ALVf\/AG\/KVTLN7GW\/wq4++D7TqvaJ6d7tHr\/4dFPtOzHwRf6t7SB1j4fL05fI2ks7Qal69Jfs0ycrXuzcL\/gHpIjUPL2t5Wv5ked5g3E51Je9sq40K\/P7JhKpRweRB4XyIv8AK\/lLlwtTaUHnKTU58N3lbh5b7efSWvqniu9wtNjvA2T4jKXbWeZhl8SrxW3w6lU5ykdfv4hV\/l\/SJdbNnKT1\/wD4hV\/l\/SJrt08qHBaYjMpmIyt0e26YJnb6M1hA26FSwhMaDKEBgMUQhAFMcIQgBll9jhtTr\/jH+xhCdV7RPTJrrUvi26Io9ix\/fMCRhmuefjx2hfO3O2ftCE87V++z6LbfipHsxqbn+vXjl4e3UyxOzurfDMPs1G9wD84Qlu2+9m3\/AOHPukO1nKY7QP4hW\/k\/QIQm63TxYcCMcQhK3R1T6M1RCEDZotlCEIH\/2Q==\" width=\"132\" height=\"182\" \/>Catanzaro &#8211; La vicenda del commissario della sanit\u00e0 calabrese \u00e8 ormai un altro cult, al pari della scelta del candidato del centrosinistra per la presidenza. Sono 4 mesi che Scopelliti non \u00e8 pi\u00f9 presidente, e quindi nemmeno commissario della sanit\u00e0 ma il Governo Renzi non muove foglia. Oggi sulla questione \u00e8 nientemeno intervenuto che \u2018Il Sole 24 ore\u2019. Addirittura nel suo fascicolo speciale dedicato alla sanit\u00e0, il quotidiano di Confindustria non lesina critiche e polemiche. Scrive cosi\u2019: \u2018\u2019Un nome vecchio (spacciato per nuovo) sembra spuntare alla ribalta per il ruolo di commissario alla sanit\u00e0 per il piano di rientro in Calabria nel dopo-Scopelliti. Per il momento sono indiscrezioni, ma sembrerebbe molto possibile. Dunque, il commissario sarebbe <span style=\"color: #0000ff;\"><a href=\"http:\/\/leg16.camera.it\/29?shadow_deputato=29920\" target=\"_blank\" rel=\"noopener\"><span style=\"color: #0000ff;\"><b>Renzo Lusetti<\/b><\/span><\/a><\/span>, nato nel 1958 a Castelnovo di sotto (RE), \u00e8 un dirigente di azienda privata, che fino alla XVI legislatura \u00e8 stato eletto prima nell&#8217;Ulivo (ha iniziato la sua carriera politica in Parlamento nel 1987 con la Dc, passando poi alla Margherita e all&#8217;Ulivo), poi nel Pd, che ha abbandonato nel 2010 passando all\u2019Udc. Alchimie della politica, ai tempi di Renzi, in quella autentica fossa dei leoni che \u00e8 la Calabria. Dove in un primo momento sembrava che potesse sbarcare come commissario Ettore Jorio, professore presso l&#8217;Universit\u00e0 della Calabria di diritto amministrativo sanitario. Poi la politica avrebbe fatto il suo corso.<\/p>\n<p><span style=\"color: #0000ff;\"><a href=\"http:\/\/www.ilrestodelcarlino.it\/reggio_emilia\/2008\/12\/18\/139838-appalti_indagato_renzo_lusetti.shtml\" target=\"_blank\" rel=\"noopener\"><span style=\"color: #0000ff;\"><b>Lusetti<\/b><\/span><\/a><\/span>, per inciso, di sanit\u00e0 non \u00e8 che sia una cima di sapere. Nella sua attivit\u00e0 parlamentare, abbandonata nella XVII legislatura, si \u00e8 occupato di sanit\u00e0 in realt\u00e0 solo come primo firmatario di tre Pdl, una sugli <span style=\"color: #0000ff;\"><a href=\"http:\/\/leg16.camera.it\/camera\/browse\/995?sezione=documenti&amp;tipoDoc=lavori_testo_pdl&amp;idLegislatura=16&amp;codice=16PDL0013950&amp;back_to=http:\/\/leg16.camera.it\/126?tab=2-e-leg=16-e-idDocumento=554&amp;sede=&amp;tipo=\" target=\"_blank\" rel=\"noopener\"><span style=\"color: #0000ff;\"><b>scientific informants<\/b><\/span><\/a><\/span>, una sugli ottici-optometristi e una sulle infezioni da legionella. Niente altro. Quanto al distacco dai partiti, beh, l\u00ec \u00e8 stata (con orgoglio legittimo per lui) tutta la sua vita. E questo mentre il Patto per la salute appena firmato promette che il Commissario ad acta deve possedere un curriculum che evidenzi \u00abqualificate e comprovate professionalit\u00e0 ed esperienza di gestione sanitaria anche in base ai risultati in precedenza conseguiti\u00bb. Ci sarebbe poco da aggiungere, se non che forse Renzi sulla Calabria oltre che le sue gradite visite (un\u2019altra e\u2019 in programma a Gioia Tauro per la vigilia di Ferragosto) dovrebbe aggiungere qualche consigliere locale piu\u2019 addentro alle vere cose della politica e dell\u2019amministrazione.<\/p>\n<p>F.V.<\/p>\n<p>&nbsp;<\/p>\n<p>&nbsp;<\/p>\n<p>TO<\/p>","protected":false},"excerpt":{"rendered":"<p>Il commissario sarebbe Renzo Lusetti, nato nel 1958 a Castelnovo di sotto (RE). Lusetti, per inciso, di sanit\u00e0 non \u00e8 che sia una cima di sapere. Ex deputato, si \u00e8 occupato di sanit\u00e0 solo come primo firmatario di tre Pdl, una sugli informatori scientifici, una sugli ottici-optometristi e una sulle infezioni da legionella. Mercoled\u00ec, 23 &hellip;<\/p>","protected":false},"author":4,"featured_media":1517,"comment_status":"closed","ping_status":"closed","sticky":false,"template":"","format":"standard","meta":{"footnotes":""},"categories":[1,16],"tags":[21],"class_list":["post-1510","post","type-post","status-publish","format-standard","has-post-thumbnail","hentry","category-notizie","category-primo-piano","tag-informatori-scientifici"],"amp_enabled":true,"_links":{"self":[{"href":"https:\/\/www.fedaiisf.it\/en\/wp-json\/wp\/v2\/posts\/1510","targetHints":{"allow":["GET"]}}],"collection":[{"href":"https:\/\/www.fedaiisf.it\/en\/wp-json\/wp\/v2\/posts"}],"about":[{"href":"https:\/\/www.fedaiisf.it\/en\/wp-json\/wp\/v2\/types\/post"}],"author":[{"embeddable":true,"href":"https:\/\/www.fedaiisf.it\/en\/wp-json\/wp\/v2\/users\/4"}],"replies":[{"embeddable":true,"href":"https:\/\/www.fedaiisf.it\/en\/wp-json\/wp\/v2\/comments?post=1510"}],"version-history":[{"count":0,"href":"https:\/\/www.fedaiisf.it\/en\/wp-json\/wp\/v2\/posts\/1510\/revisions"}],"wp:featuredmedia":[{"embeddable":true,"href":"https:\/\/www.fedaiisf.it\/en\/wp-json\/wp\/v2\/media\/1517"}],"wp:attachment":[{"href":"https:\/\/www.fedaiisf.it\/en\/wp-json\/wp\/v2\/media?parent=1510"}],"wp:term":[{"taxonomy":"category","embeddable":true,"href":"https:\/\/www.fedaiisf.it\/en\/wp-json\/wp\/v2\/categories?post=1510"},{"taxonomy":"post_tag","embeddable":true,"href":"https:\/\/www.fedaiisf.it\/en\/wp-json\/wp\/v2\/tags?post=1510"}],"curies":[{"name":"wp","href":"https:\/\/api.w.org\/{rel}","templated":true}]}}