{"id":1565,"date":"2014-07-26T10:19:25","date_gmt":"2014-07-26T08:19:25","guid":{"rendered":"http:\/\/www.fedaiisf.it\/?p=1565"},"modified":"2014-07-27T13:20:25","modified_gmt":"2014-07-27T11:20:25","slug":"italia-francia-sul-bus-dei-pensionati-che-cercano-farmaci-a-meta-prezzo","status":"publish","type":"post","link":"https:\/\/www.fedaiisf.it\/en\/italia-francia-sul-bus-dei-pensionati-che-cercano-farmaci-a-meta-prezzo\/","title":{"rendered":"Italy-France, on the bus of pensioners looking for half-price medicines"},"content":{"rendered":"<p><i>Partenza a Torino, arrivo a Brian\u00e7on: a bordo del torpedone tanti anziani \u00abfrontalieri\u00bb che vanno a comperare medicinali [di fascia C] che costano due o tre volte di meno che da noi. Un farmacista: \u00abSi, esiste questo \u201cpellegrinaggio\u201d fuori confine, ma io assisto anche al fenomeno contrario: in tanti arrivano dalla Francia per acquistare farmaci da noi. Soprattutto quelli anti tumorali, che costano meno che da loro\u00bb.<\/i><\/p>\n<p><b>di\u00a0<\/b><b>Alessandro Fulloni<\/b><b><\/b><\/p>\n<p>Comperare in Francia medicinali che in Italia costano la met\u00e0, se non un terzo. Per questi singolari \u00abfrontalieri\u00bb \u00e8 qualcosa a met\u00e0 tra passatempo e modo per risparmiare, senza limare la pensione. Ore 15 e 30. La corriera che da\u00a0<b>Brian\u00e7on<\/b>\u00a0porta a\u00a0<b>Torino<\/b>\u00a0parte puntualissima. Solo due i passeggeri. Un uomo e una donna sui settant\u2019anni, italiani. Saliti entrambi, prima l\u2019uno e poi l\u2019altra, alla fermata presso la piazzetta centrale della tranquilla cittadina francese tra le montagne dell\u2019<b>Haute Alpes<\/b>. Aria limpida (siamo a 1300 metri d\u2019altezza) e attorno l\u2019<b>Izoard\u00a0<\/b>e il<b>\u00a0<\/b><b>Galibier<\/b>, i passi del ciclismo mitico. I due anziani si scambiano un saluto una volta seduti sulle poltroncine, ma sono distanti. \u00abBuongiorno\u00bb, \u00abBuongiorno\u00bb. Niente di pi\u00f9. Si conoscono di vista. A loro modo su questa linea che si snoda verso la frontiera, lungo la\u00a0<b>val di Susa\u00a0<\/b>e i tornanti impervi del<b>\u00a0<\/b><b>Monginevro<\/b>, possono definirsi pendolari. Ogni settimana, se non addirittura ogni due o tre giorni, prendono &#8211; ma come loro anche altri viaggiatori &#8211; il torpedone da Torino,\u00a0<b>Avigliana<\/b>,\u00a0<b>Chiomonte<\/b>, e raggiungono Brian\u00e7on. Il tempo di una passeggiata nel borgo medievale,<i>caf\u00e8 et croissant<\/i>, magari una<i>\u00a0<\/i><i>baguette<\/i>, e poi eccoli in farmacia. Dove fanno la spesa.<\/p>\n<p><b>Gli habitu\u00e8 del torpedone per la Francia<\/b><\/p>\n<p>Comperano scatole di medicinali (meglio chiarirlo subito, sono farmaci di fascia C, ovvero quelli acquistabili liberamente, senza prescrizione: il prezzo insomma fluttua scelto dal mercato) in gran quantit\u00e0, riempiono buste, zainetti e borsoni. \u00abLo fanno in tanti. Da tutta Europa. Ma soprattutto italiani. Volti familiari che incontro spesso anche su questa corriera\u00bb \u00e8 il racconto di uno di questi\u00a0<i>habitu\u00e9,<\/i>\u00a0il rubicondo Domenico, sulla sessantina, ex dipendente Fiat Iveco, pensionato da una dozzina d\u2019anni. Quel suo giro Oltralpe \u00e8 qualcosa tra hobby ed effettiva necessit\u00e0 di contenere le spese domestiche. \u00abL\u2019et\u00e0 c\u2019\u00e8. E si fa sentire. Dolorini, reumatismi. Sempre pi\u00f9 frequenti\u00bb. Quelle scatole di creme e pomate che mostra aprendo lo zaino non danno l\u2019impressione di essere davvero necessarie alla cura dei suoi acciacchi. Ma l\u2019effetto complessivo dell\u2019uso deve essere rassicurante. Un po\u2019 placebo, un po\u2019 coperta di Linus. E un po\u2019 scusa per una gita sulle Alpi francesi. \u00abLi compero per me, per i parenti, amici, vicini di casa\u00bb. Si fa una specie di colletta. E poi eccolo al via sul torpedone. Anche l\u2019altra passeggera &#8211; una gonna lunga nera, un golfino ricamato all\u2019uncinetto, scarpe da ginnastica &#8211; ha acquistato medicine a Brian\u00e7on. Lei per\u00f2 che sinora ha parlato a ruota libera di tutto, non spiega il perch\u00e9 di quel giretto di poche ore oltre confine. Arrossisce. E dice solo che i farmaci sono per \u00abi miei nipoti\u00bb. Non insistiamo.<\/p>\n<p><b>Si parte alle 8 e 25. Ritorno alle 15 e 15<\/b><\/p>\n<p>La puntualit\u00e0 \u00e8 di rito sabaudo: ogni viaggio comincia alle 8:25 per terminare in Francia alle 11:50. Tre ore di sosta e alle 15:15 si torna con le borse piene: destinazione Torino Autostazione. Mentre si scende dai tornanti del Monginevro che a chiunque darebbero la nausea da viaggio, Domenico snocciola sereno il tariffario dei risparmi, mostrando uno degli scontrini delle\u00a0<i>pharmacies<\/i>\u00a0francesi. \u00abL\u2019aspirina viene 7 euro e 75, in Italia \u00e8 il doppio. Il Voltaren 7 euro e 50 invece di 11 e 90&#8230; L\u2019Efferalgan costa 2 euro invece di 6. Acquisto anche altri medicinali che magari in Italia non trovo. Ad esempio il Kamol. A cosa serve? \u00c8 una crema canforata, scalda i muscoli, serve anche contro le contusioni. Quante scatole compero? Non c\u2019\u00e8 limite in Francia, ne puoi prendere quante ne vuoi. Cosa me ne faccio? Mah&#8230; la uso se fa freddo<\/p>\n<p><b>La Val di Susa dal finestrino<\/b><\/p>\n<p>Dal finestrino scorre la val di Susa. Gravere, Chiomonte, Oulx. Si vedono i cantieri della Tav e lo sguardo del pensionato si fa pensieroso, se non contrariato: \u00abQuesti posti sono stati sventrati due volte. Prima per l\u2019autostrada e ora per l\u2019alta velocit\u00e0. Potevano squarciare tutto una sola volta. Almeno risparmiavano\u00bb. Sulla corriera sono salite nel frattempo altre passeggere, tutte anziane. Alcune sono vedove, c\u2019\u00e8 anche una divorziata. C\u2019\u00e8 familiarit\u00e0 con l\u2019autista, un calabrese sulla cinquantina che ha sorrisi e parole per ciascuna. Si parla di matrimoni, figli, nipoti, lavoro che non c\u2019\u00e8, tasse, bollette, pensioni che non bastano mai. Corruccia la fronte Domenico, quando gli chiediamo perch\u00e9 secondo lui le stesse medicine in Francia costano la met\u00e0 che in Italia: \u00abSono pi\u00f9 attenti alle famiglie\u00bb \u00e8 la sua risposta.<\/p>\n<p><b>La replica delle aziende: \u00abE\u2019 il mercato\u00bb<\/b><\/p>\n<p>Alla stessa domanda, l\u2019Aifa (l\u2019Agenzia italiana del farmaco, ovvero l\u2019ente che regola i prezzi dopo intese con governo, regioni e aziende) ribatte che \u00abEfferalgan e Voltaren sono medicinali in fascia C, quindi sono totalmente a carico del cittadino, in quanto ritenute n\u00e9 essenziali n\u00e9 da utilizzare per malattie croniche. Infatti, essendo presenti sul mercato farmaci equivalenti ad un prezzo inferiore, il cittadino \u00e8 tenuto a pagare il differenziale\u00bb. E dunque \u00abnon \u00e8 nostra competenza regolamentare o disciplinare i prezzi di tali farmaci che seguono logiche di mercato proprie in ciascun Paese europeo\u00bb. Stessa risposta che viene da Bristol-Myers Squibb, la multinazionale che produce l\u2019Efferalgan: \u00abTrattandosi di un medicinale di classe C, alla determinazione di un prezzo nei paesi concorrono diversi fattori e variabili, tipo distribuzione e margini imposti da grossisti e farmacie\u00bb. Dello stesso tenore quanto affermato da Novartis, la societ\u00e0 che commercializza il Voltaren: \u00abIn Italia il prezzo al pubblico dei farmaci non soggetti a prescrizione medica \u00e8 stabilito liberamente da ciascun titolare di farmacia\u00bb. Da noi \u00abil mercato dei rimedi anti-infiammatori topici offre molti prodotti, tutti non rimborsati, il cui prezzo \u00e8 in linea con quelli della linea di Voltaren\u00bb. Un farmacista aggiunge: \u00abSi, esiste questo \u201cpellegrinaggio\u201d fuori confine, ma io assisto anche al fenomeno contrario: in tanti arrivano dalla Francia per acquistare farmaci da noi. Soprattutto quelli anti tumorali, che costano meno che da loro\u00bb. Intanto il torpedone da Brian\u00e7on \u00e8 arrivato a Torino. La settimana prossima si riparte.<\/p>\n<p><span style=\"color: #0000ff;\"><a href=\"http:\/\/www.corriere.it\/cronache\/14_luglio_24\/bus-torino-briancon-medicinali-meta-prezzo-italia-francia-27104616-1341-11e4-bb47-dc581d38d44f.shtml\" target=\"_blank\" rel=\"noopener\"><span style=\"color: #0000ff;\">25 luglio 2014\u00a0|<b><i>CORRIERE DELLA SERA<\/i><\/b> \/ CRONACHE<\/span><\/a><\/span><\/p>\n<p>&nbsp;<\/p>\n","protected":false},"excerpt":{"rendered":"<p>Partenza a Torino, arrivo a Brian\u00e7on: a bordo del torpedone tanti anziani \u00abfrontalieri\u00bb che vanno a comperare medicinali [di fascia C] che costano due o tre volte di meno che da noi. Un farmacista: \u00abSi, esiste questo \u201cpellegrinaggio\u201d fuori confine, ma io assisto anche al fenomeno contrario: in tanti arrivano dalla Francia per acquistare farmaci &hellip;<\/p>\n","protected":false},"author":4,"featured_media":1568,"comment_status":"closed","ping_status":"closed","sticky":false,"template":"","format":"standard","meta":{"footnotes":""},"categories":[1],"tags":[],"class_list":["post-1565","post","type-post","status-publish","format-standard","has-post-thumbnail","hentry","category-notizie"],"amp_enabled":true,"_links":{"self":[{"href":"https:\/\/www.fedaiisf.it\/en\/wp-json\/wp\/v2\/posts\/1565","targetHints":{"allow":["GET"]}}],"collection":[{"href":"https:\/\/www.fedaiisf.it\/en\/wp-json\/wp\/v2\/posts"}],"about":[{"href":"https:\/\/www.fedaiisf.it\/en\/wp-json\/wp\/v2\/types\/post"}],"author":[{"embeddable":true,"href":"https:\/\/www.fedaiisf.it\/en\/wp-json\/wp\/v2\/users\/4"}],"replies":[{"embeddable":true,"href":"https:\/\/www.fedaiisf.it\/en\/wp-json\/wp\/v2\/comments?post=1565"}],"version-history":[{"count":0,"href":"https:\/\/www.fedaiisf.it\/en\/wp-json\/wp\/v2\/posts\/1565\/revisions"}],"wp:featuredmedia":[{"embeddable":true,"href":"https:\/\/www.fedaiisf.it\/en\/wp-json\/wp\/v2\/media\/1568"}],"wp:attachment":[{"href":"https:\/\/www.fedaiisf.it\/en\/wp-json\/wp\/v2\/media?parent=1565"}],"wp:term":[{"taxonomy":"category","embeddable":true,"href":"https:\/\/www.fedaiisf.it\/en\/wp-json\/wp\/v2\/categories?post=1565"},{"taxonomy":"post_tag","embeddable":true,"href":"https:\/\/www.fedaiisf.it\/en\/wp-json\/wp\/v2\/tags?post=1565"}],"curies":[{"name":"wp","href":"https:\/\/api.w.org\/{rel}","templated":true}]}}