{"id":158,"date":"2014-05-12T12:18:22","date_gmt":"2014-05-12T10:18:22","guid":{"rendered":"http:\/\/www.fedaiisf.it\/?p=158"},"modified":"2014-05-13T10:43:52","modified_gmt":"2014-05-13T08:43:52","slug":"fimmg-medici-e-farmacisti-devono-rafforzarsi-reciprocamente-per-potenziare-territorio","status":"publish","type":"post","link":"https:\/\/www.fedaiisf.it\/en\/fimmg-medici-e-farmacisti-devono-rafforzarsi-reciprocamente-per-potenziare-territorio\/","title":{"rendered":"Fimmg, doctors and pharmacists must reinforce each other to empower territory"},"content":{"rendered":"<p>Niente di pi\u00f9 sbagliato pensare che ci debba essere conflittualit\u00e0 tra medici e farmacisti. E ancora: \u00e8 difficile immaginare un potenziamento del territorio senza un\u2019integrazione e un coordinamento tra i due sviluppi, quello sul fronte della medicina generale e quello delle farmacie. Gli appelli a lavorare fianco a fianco sono partiti dagli spalti del convegno di Federfarma \u201cI servizi in farmacia: dalla teoria alla pratica\u201d che si \u00e8 tenuto ieri nella cornice di Cosmofarma e sono arrivati dalle rappresentanze dei medici di famiglia e dei pazienti, rispettivamente attraverso le parole di\u00a0<b>Stefano Zingoni<\/b>, presidente della Fimmg, il principale sindacato della medicina generale, e di\u00a0<b>Tonino Aceti<\/b>, coordinatore del Tribunale per i diritti del malato-Cittadinanzattiva. \u00abI medici di medicina generale e i farmacisti\u00bb \u00e8 l\u2019intervento di Zingoni \u00absono figure che esistono da sempre e da sempre identificate sul territorio, non sono nuovi attori che devono conquistare un profilo di attivit\u00e0 e visibilit\u00e0. Da sempre il territorio \u00e8 luogo in cui si esplicita la loro opera professionale ed \u00e8 luogo di interazione: il territorio appartiene per definizione a queste due categorie. Nel corso del tempo entrambe le figure professionali hanno sviluppato risposte ai bisogni assistenziali e alle problematiche del sistema sanitario, le farmacie attraverso la farmacia dei servizi e i medici di famiglia attraverso le medicine di gruppo, che si sono aperte a un\u2019offerta pi\u00f9 ampia di servizi sanitari e alle tecnologie. Come non potremmo allora, medici e farmacisti, confluire in un tentativo di rafforzarci reciprocamente per potenziare il territorio?\u00bb. \u00abLo sviluppo del territorio\u00bb interviene Aceti \u00ab\u00e8 progredito poco, se non in alcune regioni. Bene certamente la farmacia dei servizi, ma c\u2019\u00e8 da capire come si colloca rispetto alle nuove attivit\u00e0 della medicina generale. Pi\u00f9 volte noi abbiamo sollecitato un punto di incontro tra i due sviluppi del potenziamento del territorio, quello dei medici di famiglia e quello delle farmacie. \u00c8 nostra esigenza che vengano integrati e che ci sia una regia unica. E certamente ci poniamo anche come partner di Federfarma e delle farmacie per ottimizzare il ruolo di questi presidi sanitari, per noi importanti. Ci rendiamo disponibili a collaborare insieme\u00bb. Appello a lavorare fianco a fianco anche da Federanziani: \u00abLotteremo con voi per la farmacia dei servizi e non solo\u00bb spiega il presidente, Roberto Messina, che esprime una preoccupazione: \u00abVediamo con timore questo processo che toglie i farmaci dalle farmacie\u00bb dato dalla distribuzione diretta. In particolare a preoccupare \u00e8 la tenuta delle rurali che \u00abnon vanno toccate\u00bb \u00e8 l\u2019appello di Messina \u00absenza di loro molti paesi sarebbero privi di ogni servizio e presidio sanitario, non avrebbero nulla\u00bb. Da qui la conclusione: \u00abLa distribuzione diretta non si fa e non si deve fare, al massimo la distribuzione per conto. C\u2019\u00e8 la necessit\u00e0 di ridare fatturato alle farmacie cosicch\u00e9 la farmacia possa lavorare per l\u2019aderenza alle terapie. Fa un ottimo lavoro l\u2019Aifa nella negoziazione dei prezzi, ma poi bisogna avere un occhio di riguardo alle farmacie. Per questo dico che lotteremo con voi, insieme, e speriamo che la farmacia dei servizi possa trovare realizzazione ovunque\u00bb.<\/p>\n<p><i>Frances Giani<\/i><\/p>","protected":false},"excerpt":{"rendered":"<p>Niente di pi\u00f9 sbagliato pensare che ci debba essere conflittualit\u00e0 tra medici e farmacisti. E ancora: \u00e8 difficile immaginare un potenziamento del territorio senza un\u2019integrazione e un coordinamento tra i due sviluppi, quello sul fronte della medicina generale e quello delle farmacie. Gli appelli a lavorare fianco a fianco sono partiti dagli spalti del convegno &hellip;<\/p>","protected":false},"author":1,"featured_media":159,"comment_status":"open","ping_status":"closed","sticky":false,"template":"","format":"standard","meta":{"footnotes":""},"categories":[15,16],"tags":[],"class_list":["post-158","post","type-post","status-publish","format-standard","has-post-thumbnail","hentry","category-news","category-primo-piano"],"amp_enabled":true,"_links":{"self":[{"href":"https:\/\/www.fedaiisf.it\/en\/wp-json\/wp\/v2\/posts\/158","targetHints":{"allow":["GET"]}}],"collection":[{"href":"https:\/\/www.fedaiisf.it\/en\/wp-json\/wp\/v2\/posts"}],"about":[{"href":"https:\/\/www.fedaiisf.it\/en\/wp-json\/wp\/v2\/types\/post"}],"author":[{"embeddable":true,"href":"https:\/\/www.fedaiisf.it\/en\/wp-json\/wp\/v2\/users\/1"}],"replies":[{"embeddable":true,"href":"https:\/\/www.fedaiisf.it\/en\/wp-json\/wp\/v2\/comments?post=158"}],"version-history":[{"count":0,"href":"https:\/\/www.fedaiisf.it\/en\/wp-json\/wp\/v2\/posts\/158\/revisions"}],"wp:featuredmedia":[{"embeddable":true,"href":"https:\/\/www.fedaiisf.it\/en\/wp-json\/wp\/v2\/media\/159"}],"wp:attachment":[{"href":"https:\/\/www.fedaiisf.it\/en\/wp-json\/wp\/v2\/media?parent=158"}],"wp:term":[{"taxonomy":"category","embeddable":true,"href":"https:\/\/www.fedaiisf.it\/en\/wp-json\/wp\/v2\/categories?post=158"},{"taxonomy":"post_tag","embeddable":true,"href":"https:\/\/www.fedaiisf.it\/en\/wp-json\/wp\/v2\/tags?post=158"}],"curies":[{"name":"wp","href":"https:\/\/api.w.org\/{rel}","templated":true}]}}