{"id":176,"date":"2014-02-20T10:39:22","date_gmt":"2014-02-20T09:39:22","guid":{"rendered":"http:\/\/www.fedaiisf.it\/?p=176"},"modified":"2014-05-13T10:49:43","modified_gmt":"2014-05-13T08:49:43","slug":"lettere-alla-redazione-alderisi-e-le-esternazioni-del-dottor-scaccabarozzi","status":"publish","type":"post","link":"https:\/\/www.fedaiisf.it\/en\/lettere-alla-redazione-alderisi-e-le-esternazioni-del-dottor-scaccabarozzi\/","title":{"rendered":"LETTERS TO THE EDITOR. Alderisi and the utterances of Doctor Scaccabarozzi"},"content":{"rendered":"<p>Cari colleghi, amici e lettori di questo sito, eccomi qui. Oggi desidero scambiare con Voi alcune riflessioni riguardanti il nostro martoriato settore.<\/p>\n<p>Il tutto nasce ovviamente dalla lettura di un articolo apparso su Quotidiano Sanit\u00e0 del 19.02.2014 dal titolo:\u00a0<i>\u201c Export farmaceutico. Nell\u2019ultimo anno \u00e8 boom: +13,8%. E Scaccabarozzi esulta\u201d.<\/i>\u00a0pubblicato su alcuni siti del nostro settore.<\/p>\n<p>Ritengo che un titolo del genere non possa che urtare la sensibilit\u00e0 di ogni persona che lavora nel nostro settore e che ha visto in esso di tutto e di pi\u00f9.<\/p>\n<p>Anche il commento del Dottor Scaccabarozzi mi sembra veramente inopportuno ed anche come una presa in giro a chi in questi anni ha contribuito al benessere del settore ed ora \u00e8 in Mobilit\u00e0, in CIGS o vede il proprio posto di lavoro sempre pi\u00f9 in bilico e forse oggettivamente anche in grande pericolo.<\/p>\n<p><i>\u201cAncora una volta da questi dati si capisce la potenzialit\u00e0 del nostro settore per l&#8217;economia del paese\u00a0<\/i><i>&#8211;<\/i><i>\u00a0ha commentato il presidente di Farmindustria Massimo Scaccabarozzi di fronte ai dati diffusi dall&#8217; Istat sul commercio estero\u00a0<\/i><i>&#8211;<\/i><i>\u00a0ma serve credere in questo. Se non ci fosse stato l\u2019export, l&#8217;attivit\u00e0 produttiva sarebbe diminuita del 3,5%\u201d. E questi risultati hanno cos\u00ec permesso di salvaguardare, in gran parte, l&#8217;occupazione del settore. \u201c<\/i><\/p>\n<p>Mi domando e vi domando quale possa essere la potenzialit\u00e0 del nostro settore? Forse quello di scaricare migliaia di lavoratori sulla comunit\u00e0? O quello di creare ancora maggior crisi economica per aumentare le gi\u00e0 ricche prebende degli Amministratori delegati e degli azionisti di alcune case farmaceutiche?<\/p>\n<p>Oltretutto quasi a dimostrare che le presunti crisi del settore non fossero poi cos\u00ec reali, arrivano certe affermazioni da far accapponare la pelle, tipo quella in cui si palesa che senza export l&#8217;attivit\u00e0 produttiva sarebbe diminuita del 3,5 %. Piccolo particolare l&#8217;export fa il pi\u00f9 13,8 % e la produzione sarebbe diminuita del 3,5% ??????<\/p>\n<p>Ed in nome di ci\u00f2 si afferma che \u201c<i>questi risultati hanno cos\u00ec permesso di salvaguardare, in gran parte, l&#8217;occupazione del settore.\u201c:<\/i>Proviamo ad immaginare cosa sarebbe successo ai lavoratori del<i>\u00a0<\/i>farmaceutico senza questi risultati. Sarebbero scomparsi tutti. Una altra piccola domanda. Quanti<i>\u00a0<\/i>lavoratori sono stati salvaguardati dall&#8217;industria farmaceutica??? E dei 13.400 lavoratori che<i>\u00a0<\/i>anche le OO.SS. denunciano essere usciti dal nostro settore nessun pensiero? Nessuna remora?<\/p>\n<p>Vi lascio alle vostre debite riflessioni, qui abbiamo il chiaro quadro di chi prima ci imbonisce per vendere e poi alla prima occasione ci scarica senza piet\u00e0 ed anche senza alcun rimpianto.<\/p>\n<p>A hug to all<\/p>\n<p>Umberto Alderisi<\/p>\n<p>umberto.alderisi@gmail.com<\/p>\n<p>20.02.2014<\/p>\n<p>&nbsp;<\/p>","protected":false},"excerpt":{"rendered":"<p>Cari colleghi, amici e lettori di questo sito, eccomi qui. Oggi desidero scambiare con Voi alcune riflessioni riguardanti il nostro martoriato settore. Il tutto nasce ovviamente dalla lettura di un articolo apparso su Quotidiano Sanit\u00e0 del 19.02.2014 dal titolo:\u00a0\u201c Export farmaceutico. Nell\u2019ultimo anno \u00e8 boom: +13,8%. E Scaccabarozzi esulta\u201d.\u00a0pubblicato su alcuni siti del nostro settore. &hellip;<\/p>","protected":false},"author":1,"featured_media":0,"comment_status":"open","ping_status":"closed","sticky":false,"template":"","format":"standard","meta":{"footnotes":""},"categories":[14,15],"tags":[],"class_list":["post-176","post","type-post","status-publish","format-standard","has-post-thumbnail","hentry","category-news-fedaiisf","category-news"],"amp_enabled":true,"_links":{"self":[{"href":"https:\/\/www.fedaiisf.it\/en\/wp-json\/wp\/v2\/posts\/176","targetHints":{"allow":["GET"]}}],"collection":[{"href":"https:\/\/www.fedaiisf.it\/en\/wp-json\/wp\/v2\/posts"}],"about":[{"href":"https:\/\/www.fedaiisf.it\/en\/wp-json\/wp\/v2\/types\/post"}],"author":[{"embeddable":true,"href":"https:\/\/www.fedaiisf.it\/en\/wp-json\/wp\/v2\/users\/1"}],"replies":[{"embeddable":true,"href":"https:\/\/www.fedaiisf.it\/en\/wp-json\/wp\/v2\/comments?post=176"}],"version-history":[{"count":0,"href":"https:\/\/www.fedaiisf.it\/en\/wp-json\/wp\/v2\/posts\/176\/revisions"}],"wp:attachment":[{"href":"https:\/\/www.fedaiisf.it\/en\/wp-json\/wp\/v2\/media?parent=176"}],"wp:term":[{"taxonomy":"category","embeddable":true,"href":"https:\/\/www.fedaiisf.it\/en\/wp-json\/wp\/v2\/categories?post=176"},{"taxonomy":"post_tag","embeddable":true,"href":"https:\/\/www.fedaiisf.it\/en\/wp-json\/wp\/v2\/tags?post=176"}],"curies":[{"name":"wp","href":"https:\/\/api.w.org\/{rel}","templated":true}]}}