{"id":17707,"date":"2014-02-28T01:30:00","date_gmt":"2014-02-28T00:30:00","guid":{"rendered":"http:\/\/www.fedaiisf.it\/sigma-tau-i-lavoratori-fanno-ricorso-al-tar-contro-la-cassa-integrazione\/"},"modified":"2014-02-28T01:30:00","modified_gmt":"2014-02-28T00:30:00","slug":"sigma-tau-i-lavoratori-fanno-ricorso-al-tar-contro-la-cassa-integrazione","status":"publish","type":"post","link":"https:\/\/www.fedaiisf.it\/en\/sigma-tau-i-lavoratori-fanno-ricorso-al-tar-contro-la-cassa-integrazione\/","title":{"rendered":"Sigma Tau, workers appeal to the TAR against layoffs"},"content":{"rendered":"<p class=\"MsoNormal\" style=\"text-align: right; margin: 0cm 0cm 7.5pt; background: white; mso-line-height-alt: 14.4pt; mso-outline-level: 2\"><span style=\"font-family: &quot;Georgia&quot;,&quot;serif&quot;; color: #c00000; font-size: 26pt; mso-fareast-font-family: 'Times New Roman'; mso-bidi-font-family: Arial; mso-fareast-language: IT; mso-font-kerning: 18.0pt\"><img decoding=\"async\" class=\"rg_i\" name=\"VyoaZo8D4roh9M:\" alt=\"\" data-src=\"https:\/\/encrypted-tbn2.gstatic.com\/images?q=tbn:ANd9GcTjJ0FF62eViPHXHgQdOBH_4mkxDzZSAThqLvA7MN45PWACVJBa\" data-sz=\"f\" style=\"margin-top: 0px; width: 266px; height: 177px; margin-left: -9px; margin-right: -9px\" src=\"https:\/\/encrypted-tbn2.gstatic.com\/images?q=tbn:ANd9GcTjJ0FF62eViPHXHgQdOBH_4mkxDzZSAThqLvA7MN45PWACVJBa\" \/><\/span><\/p>\n<p class=\"MsoNormal\" style=\"text-align: left; margin: 0cm 0cm 7.5pt; background: white; mso-line-height-alt: 14.4pt; mso-outline-level: 2\"><span style=\"font-family: &quot;Georgia&quot;,&quot;serif&quot;; color: #c00000; font-size: 26pt; mso-fareast-font-family: 'Times New Roman'; mso-bidi-font-family: Arial; mso-fareast-language: IT; mso-font-kerning: 18.0pt\">Sanofi: the new R&amp;D organization limits the social fund<\/p>\n<p><\/span><\/p>\n<p class=\"MsoNormal\" style=\"text-align: left; line-height: normal; margin: 0cm 0cm 3pt; background: white\"><span style=\"font-family: &quot;Georgia&quot;,&quot;serif&quot;; color: #8e8e8e; font-size: 9.5pt; mso-fareast-font-family: 'Times New Roman'; mso-bidi-font-family: 'Times New Roman'; mso-fareast-language: IT\">Par <\/span><span style=\"font-family: &quot;Times New Roman&quot;,&quot;serif&quot;; color: #cc0000; font-size: 9.5pt; mso-fareast-font-family: 'Times New Roman'; mso-fareast-language: IT\"><a href=\"http:\/\/www.lesechos.fr\/journalistes\/index.php?id=847\" target=\"_blank\" rel=\"noopener\"><span style=\"color: #c60a22; text-decoration: none; text-underline: none\">Catherine Ducruet<\/span><\/a><\/span><span style=\"font-family: &quot;Georgia&quot;,&quot;serif&quot;; color: #8e8e8e; font-size: 9.5pt; mso-fareast-font-family: 'Times New Roman'; mso-bidi-font-family: 'Times New Roman'; mso-fareast-language: IT\"> | 27\/06 | 06:00 |s <img decoding=\"async\" class=\"rg_i\" name=\"lWsR96LsLpsJ6M:\" alt=\"\" data-src=\"https:\/\/encrypted-tbn1.gstatic.com\/images?q=tbn:ANd9GcRDYdma-lSTMYV6PHL6SbcorHV1Fo4V5Yb1vfDKlb3K1-PbUYWI8A\" data-sz=\"f\" style=\"margin-top: 0px; width: 80px; height: 15px; margin-left: -10px; margin-right: 0px\" src=\"https:\/\/encrypted-tbn1.gstatic.com\/images?q=tbn:ANd9GcRDYdma-lSTMYV6PHL6SbcorHV1Fo4V5Yb1vfDKlb3K1-PbUYWI8A\" \/><\/p>\n<p><\/span><\/p>\n<p class=\"MsoNormal\" style=\"text-align: left; line-height: normal; margin: 0cm 0cm 5pt; background: white; mso-outline-level: 3\"><span style=\"font-family: &quot;Georgia&quot;,&quot;serif&quot;; font-size: 17.5pt; mso-fareast-font-family: 'Times New Roman'; mso-bidi-font-family: Arial; mso-fareast-language: IT\">Les suppressions de postes sont limit\u00e9es \u00e0 270, contre 900 au moins en septembre.<br \/> La reorganisation traduit une volont\u00e9 de simplification.<\/p>\n<p><\/span><\/p>\n<p class=\"MsoNormal\" style=\"text-align: left; line-height: 15pt; margin: 0cm 0cm 3.75pt; background: white\"><span style=\"font-family: &quot;Arial&quot;,&quot;sans-serif&quot;; font-size: 11.5pt; mso-fareast-font-family: 'Times New Roman'; mso-fareast-language: IT\">Le nouveau projet de r\u00e9organisation de la R&amp;D qui sera pr\u00e9sent\u00e9 mardi prochain au Comit\u00e9 central d&#039;entreprise de Sanofi Aventis pr\u00e9voit 270 suppressions d&#039;emplois, dont 63 \u00e0 Toulouse. <\/span><span lang=\"EN-US\" style=\"font-family: &quot;Arial&quot;,&quot;sans-serif&quot;; font-size: 11.5pt; mso-fareast-font-family: 'Times New Roman'; mso-fareast-language: IT; mso-ansi-language: EN-US\">Les 554 autres salari\u00e9s de la Ville rose devraient \u00eatre reclass\u00e9s ailleurs dans le groupe (190 postes dont 137 en recherche), ou maintenus sur le site (364) qui a vocation \u00e0 trouver son autonomie dans les cinq ans. Compar\u00e9e<\/p>","protected":false},"excerpt":{"rendered":"<p>Sanofi: la nouvelle r&eacute;organisation de la R&amp;D limite la casse sociale Par Catherine Ducruet | 27\/06 | 06:00 |s Les suppressions de postes sont limit&eacute;es &agrave; 270, contre 900 au moins en septembre. La r&eacute;organisation traduit une volont&eacute; de simplification. Le nouveau projet de r&eacute;organisation de la R&amp;D qui sera pr&eacute;sent&eacute; mardi prochain au Comit&eacute; &hellip;<\/p>","protected":false},"author":1,"featured_media":9846,"comment_status":"closed","ping_status":"closed","sticky":false,"template":"","format":"standard","meta":{"footnotes":""},"categories":[90],"tags":[],"class_list":["post-17707","post","type-post","status-publish","format-standard","has-post-thumbnail","hentry","category-fedaiisf-archivio-storico"],"amp_enabled":true,"_links":{"self":[{"href":"https:\/\/www.fedaiisf.it\/en\/wp-json\/wp\/v2\/posts\/17707","targetHints":{"allow":["GET"]}}],"collection":[{"href":"https:\/\/www.fedaiisf.it\/en\/wp-json\/wp\/v2\/posts"}],"about":[{"href":"https:\/\/www.fedaiisf.it\/en\/wp-json\/wp\/v2\/types\/post"}],"author":[{"embeddable":true,"href":"https:\/\/www.fedaiisf.it\/en\/wp-json\/wp\/v2\/users\/1"}],"replies":[{"embeddable":true,"href":"https:\/\/www.fedaiisf.it\/en\/wp-json\/wp\/v2\/comments?post=17707"}],"version-history":[{"count":0,"href":"https:\/\/www.fedaiisf.it\/en\/wp-json\/wp\/v2\/posts\/17707\/revisions"}],"wp:featuredmedia":[{"embeddable":true,"href":"https:\/\/www.fedaiisf.it\/en\/wp-json\/wp\/v2\/media\/9846"}],"wp:attachment":[{"href":"https:\/\/www.fedaiisf.it\/en\/wp-json\/wp\/v2\/media?parent=17707"}],"wp:term":[{"taxonomy":"category","embeddable":true,"href":"https:\/\/www.fedaiisf.it\/en\/wp-json\/wp\/v2\/categories?post=17707"},{"taxonomy":"post_tag","embeddable":true,"href":"https:\/\/www.fedaiisf.it\/en\/wp-json\/wp\/v2\/tags?post=17707"}],"curies":[{"name":"wp","href":"https:\/\/api.w.org\/{rel}","templated":true}]}}