{"id":18280,"date":"2015-04-25T14:33:56","date_gmt":"2015-04-25T12:33:56","guid":{"rendered":"http:\/\/www.fedaiisf.it\/?p=18280"},"modified":"2015-05-03T12:04:04","modified_gmt":"2015-05-03T10:04:04","slug":"tdm-tagli-al-fondo-sanitario-un-teatrino-sulla-pelle-dei-cittadini","status":"publish","type":"post","link":"https:\/\/www.fedaiisf.it\/en\/tdm-tagli-al-fondo-sanitario-un-teatrino-sulla-pelle-dei-cittadini\/","title":{"rendered":"Tdm: cuts to the Health Fund, a little theater on the skin of citizens"},"content":{"rendered":"<p style=\"text-align: left;\" align=\"center\"><strong>Intesa Stato Regioni su tagli al Fondo sanitario: un teatrino sulla pelle dei cittadini. Ancora una dimostrazione della insostenibilit\u00e0 dei tagli e dello smantellamento della sanit\u00e0 pubblica.<\/strong><\/p>\n<p><span class=\"prima-lettera\"><img loading=\"lazy\" decoding=\"async\" class=\"alignleft\" src=\"http:\/\/www.reggiosalute.it\/immagini_news\/p460x276_1330614706120102TribunaleMalato.jpg\" alt=\"\" width=\"394\" height=\"295\" \/>\u201cL<\/span>e evidenti difficolt\u00e0 che Governo e Regioni stanno incontrando nel decidere come attuare i tagli che loro stessi hanno deciso di 2,5 mld, e il teatrino a cui i cittadini stanno assistendo, in un rimpallo di responsabilit\u00e0 continuo, dimostra l\u2019insostenibilit\u00e0 degli stessi tagli; tagli che da tempo la nostra organizzazione denuncia, e che dal nostro punto di vista mettono in serio pericolo i diritti dei cittadini e lo stesso Servizio Sanitario pubblico, che in questo modo si sta progressivamente smantellando\u201d, queste le dichiarazioni di Tonino Aceti, coordinatore nazionale del Tribunale per i diritti del malato-Cittadinanzattiva in merito alla \u201cintesa\u201d Stato-Regioni sui tagli al Fondo Sanitario Nazionale.<\/p>\n<p>Le bozze di intesa circolate sono fortemente negative per i diritti dei cittadini e non possono essere assolutamente condivise.<\/p>\n<p>Ecco i punti critici secondo l\u2019organizzazione.<\/p>\n<p><strong>Lotta all\u2019inappropriatezza.<\/strong>\u00a0\u201cSiamo a favore del contrasto all\u2019inappropriatezza perch\u00e9 danneggia tutti\u201d, ha dichiarato Aceti, \u201cma non si pu\u00f2 scaricare sulle tasche dei cittadini o su quelle del professionista questo costo: si creerebbe solo una ulteriore causa di tensione tra presone e medici, di cui non si sente assolutamente il bisogno. La lotta alla appropriatezza sembra semplicemente una riduzione di accesso ai servizi, mentre sarebbe pi\u00f9 opportuno lavorare a PDTA e linee guida, strumenti che non penalizzano nessuno e su cui siamo molto indietro. Chiediamo di essere coinvolti nella stesura del decreto che definir\u00e0 le condizioni di erogabilit\u00e0 delle prestazioni per evitare che con la scusa dell\u2019appropriatezza si faccia un razionamento dei servizi\u201d.<\/p>\n<p><strong><img decoding=\"async\" class=\"alignright\" src=\"http:\/\/sanita24.ilsole24ore.com\/images2014\/Sanita2\/_Immagini\/_Economia\/tagli1--258x258.JPG\" alt=\"\" \/>Spesa farmaceutica. \u201c<\/strong>Il taglio alla farmaceutica attraverso la revisione del prontuario verr\u00e0 scaricato sulle tasche dei cittadini, per effetto di una nuova classe di farmaci (terapeuticamente assimilabili) il cui significato non \u00e8 chiaro\u201d, ha continuato Aceti. \u201cQuello che \u00e8 certo \u00e8 che i cittadini che dovranno assumere un farmaco con un costo diverso da quello indicato come rimborsabile dovranno pagare la differenza di prezzo, che sar\u00e0 molto pi\u00f9 alta di quello che gi\u00e0 affrontano con i farmaci equivalenti rispetto a\u00a0 quelli di marca. Toccher\u00e0 quindi ai cittadini pagare di tasca propria i farmaci innovativi o con meno effetti collaterali, lasciando a chi non pu\u00f2 gli altri? Tutto questo meccanismo, tra l\u2019altro, \u00e8 assolutamente poco trasparente e comprensibile. Cos\u00ec come siamo preoccupati per un eventuale taglio al Fondo per i farmaci innovativi, che invece andrebbe velocemente ripartito tra le Regioni per garantire pari accesso ai cittadini italiani\u201d.<\/p>\n<p><strong>Spesa per beni e servizi.\u00a0<\/strong>\u201cL\u2019altro rischio \u00e8 che si limiti l\u2019accesso ai dispositivi medici e a servizi come l\u2019ADI di cui le persone hanno effettivamente bisogno\u201d, ha ancora aggiunto Aceti, \u201coppure che si continui a penalizzare la qualit\u00e0, l\u2019innovazione, la personalizzazione e l\u2019accessibilit\u00e0 delle cure. Curioso tra l\u2019altro vedere un riferimento ai contributi per le associazioni di volontariato all\u2019interno della tabella che riguarda l\u2019acquisto di beni e servizi. Queste soluzioni dimostrano la impraticabilit\u00e0 di tagli da 2,5 miliardi nel 2015 e altrettanti nel 2016, pena lo smantellamento di un servizio sanitario pubblico, l\u2019erosione dei redditi familiari, e l\u2019ennesima divergenza tra il diritto alle cure tra chi dovr\u00e0 accontentarsi e chi potr\u00e0 pagare e permettersi una assistenza di qualit\u00e0\u201d.<\/p>\n<p><img loading=\"lazy\" decoding=\"async\" class=\"alignleft\" src=\"http:\/\/www.bassairpinia.it\/wp-content\/uploads\/2013\/04\/sala-attesa-medico.jpg?b864ab\" alt=\"\" width=\"249\" height=\"187\" \/>\u201cNoi non staremo inermi di fronte a tutto ci\u00f2\u201d, ha concluso Aceti. Con la campagna itinerante \u201c<i>Sono malato anch\u2019io, la mia salute \u00e8 un bene di tutti<\/i>\u201d in 23 citt\u00e0 \u00a0(<a href=\"http:\/\/www.sonomalatoanchio.org\/\" target=\"_blank\" rel=\"noopener\">www.sonomalatoanchio.org<\/a>) spiegheremo ai cittadini anche cosa vuole dire la riduzione dei fondi per il SSN e cosa stanno facendo Regioni e Governo sulle loro teste, parlando di riqualificazione, lotta agli sprechi e gli effetti sui diritti. Tutti giri di parole che nascondono una difficile verit\u00e0:il tentativo di progressivo smantellamento della sanit\u00e0 pubblica e universale. Stiamo gi\u00e0 lavorando \u00a0con gli attori del servizio sanitario che condividono questa preoccupazione per opporci al processo di dismissione continua e mascherata del SSN..\u00a0<i>E come anche la Commissione del Senato ha sottolineato, \u201cil servizio sanitario nazionale \u00e8 sostenibile tanto quanto noi stessi decidiamo che lo sia\u201d<\/i>.<\/p>\n<p><a href=\"http:\/\/www.cittadinanzattiva.it\/comunicati\/salute\/7558-tagli-al-fondo-sanitario-un-teatrino-sulla-pelle-dei-cittadini.html\" target=\"_blank\" rel=\"noopener\"><span style=\"color: #0000ff;\">TDM &#8211; Comunicato &#8211;\u00a023 Aprile 2015<\/span><\/a><\/p>","protected":false},"excerpt":{"rendered":"<p>Intesa Stato Regioni su tagli al Fondo sanitario: un teatrino sulla pelle dei cittadini. Ancora una dimostrazione della insostenibilit\u00e0 dei tagli e dello smantellamento della sanit\u00e0 pubblica. \u201cLe evidenti difficolt\u00e0 che Governo e Regioni stanno incontrando nel decidere come attuare i tagli che loro stessi hanno deciso di 2,5 mld, e il teatrino a cui &hellip;<\/p>","protected":false},"author":4,"featured_media":18285,"comment_status":"closed","ping_status":"closed","sticky":false,"template":"","format":"standard","meta":{"footnotes":""},"categories":[16],"tags":[41,26,79],"class_list":["post-18280","post","type-post","status-publish","format-standard","has-post-thumbnail","hentry","category-primo-piano","tag-leggisentenze","tag-spesa-farmaceutica","tag-ssn"],"amp_enabled":true,"_links":{"self":[{"href":"https:\/\/www.fedaiisf.it\/en\/wp-json\/wp\/v2\/posts\/18280","targetHints":{"allow":["GET"]}}],"collection":[{"href":"https:\/\/www.fedaiisf.it\/en\/wp-json\/wp\/v2\/posts"}],"about":[{"href":"https:\/\/www.fedaiisf.it\/en\/wp-json\/wp\/v2\/types\/post"}],"author":[{"embeddable":true,"href":"https:\/\/www.fedaiisf.it\/en\/wp-json\/wp\/v2\/users\/4"}],"replies":[{"embeddable":true,"href":"https:\/\/www.fedaiisf.it\/en\/wp-json\/wp\/v2\/comments?post=18280"}],"version-history":[{"count":0,"href":"https:\/\/www.fedaiisf.it\/en\/wp-json\/wp\/v2\/posts\/18280\/revisions"}],"wp:featuredmedia":[{"embeddable":true,"href":"https:\/\/www.fedaiisf.it\/en\/wp-json\/wp\/v2\/media\/18285"}],"wp:attachment":[{"href":"https:\/\/www.fedaiisf.it\/en\/wp-json\/wp\/v2\/media?parent=18280"}],"wp:term":[{"taxonomy":"category","embeddable":true,"href":"https:\/\/www.fedaiisf.it\/en\/wp-json\/wp\/v2\/categories?post=18280"},{"taxonomy":"post_tag","embeddable":true,"href":"https:\/\/www.fedaiisf.it\/en\/wp-json\/wp\/v2\/tags?post=18280"}],"curies":[{"name":"wp","href":"https:\/\/api.w.org\/{rel}","templated":true}]}}