{"id":18369,"date":"2015-04-28T13:55:20","date_gmt":"2015-04-28T11:55:20","guid":{"rendered":"http:\/\/www.fedaiisf.it\/?p=18369"},"modified":"2015-04-28T17:47:16","modified_gmt":"2015-04-28T15:47:16","slug":"infermieri-prescrittori-attivi-in-spagna-simg-paziente-deve-vedere-medico","status":"publish","type":"post","link":"https:\/\/www.fedaiisf.it\/en\/infermieri-prescrittori-attivi-in-spagna-simg-paziente-deve-vedere-medico\/","title":{"rendered":"Prescriber nurses active in Spain. Simg: patient must see doctor"},"content":{"rendered":"<p><img loading=\"lazy\" decoding=\"async\" class=\"alignleft\" src=\"https:\/\/lh4.googleusercontent.com\/-nkT_EGuDeUo\/AAAAAAAAAAI\/AAAAAAAAAAA\/gCkgT5WCZr0\/photo.jpg\" alt=\"\" width=\"358\" height=\"358\" \/>\u00abComprensibile ampliare l&#8217;assistenza infermieristica per consentire un accesso pi\u00f9 facile alle terapie, ma a patto che il paziente non perda il contatto con il medico di fiducia. L&#8217;infermiere d\u00e0 il massimo non &#8220;al posto del medico&#8221;, ma se anche il medico \u00e8 messo in grado di lavorare meglio, e di vedere il paziente ogni volta che occorre. Purtroppo se in Spagna come sento si sta scatenando una lotta tra professionisti vuol dire che qualcuno teme di lasciare spazi all&#8217;altro e questo non deve accadere\u00bb.<\/p>\n<p>Il responsabile dell&#8217;Area Farmaco della Societ\u00e0 di Medicina generale-Simg <b>Saffi Ettore Giustini<\/b> in Toscana nel suo studio realizza un modello di Chronic care model con infermieri che hanno un ruolo nel gestire pazienti cronici. E sa della novit\u00e0 prevista nella Penisola Iberica dal 2009 ma solo adesso attivata dal governo di Mariano Rajoy: consentire agli infermieri laureati di prescrivere medicinali per la terapia del dolore, anticoagulanti, antistaminici, e soprattutto farmaci da banco che sfuggono al controllo del medico di famiglia.<\/p>\n<p>L&#8217;equivalente ispanico della Fnomceo oggi parla di &#8220;grave rischio per la salute dei malati&#8221;. \u00abPer intraprendere un passaggio del genere ci vogliono protocolli definiti, sia in corsia sia sul territorio. In Spagna ci sono, ma non \u00e8 facile dire, specie ora e dall&#8217;Italia, se la valutazione infermieristica interferir\u00e0 nella relazione di cura con il medico: questo \u00e8 ci\u00f2 che non deve succedere. In medicina generale &#8211; continua Giustini &#8211; gli infermieri professionali si occupano in particolare dei cronici, e della continuazione delle prescrizioni del mmg: va bene, a patto che i pazienti non sfuggano al medico di fiducia per mesi interi\u00bb.<\/p>\n<p>\u00abOgni 3-4 mesi -dettaglia Giustini &#8211; possono verificarsi piccoli grandi eventi, patologie concomitanti, effetti avversi, che giustificano una rivalutazione, e questa spetta al medico. Una terapia cronica dura 2 o 3 mesi ed \u00e8 giusto che in questo arco di tempo possa essere anche l&#8217;infermiere a rivedere il paziente, riferendo al medico di famiglia di eventuali novit\u00e0 com&#8217;\u00e8 nel chronic care model; tuttavia alla fine, poniamo, del secondo ciclo d&#8217;antipertensivo va ripristinato il contatto con il medico\u00bb. Ma l&#8217;infermiere costa meno del medico.<\/p>\n<p>Un disegno di legge delle regioni ipotizza di assumere in ospedale medici non specialisti con la paga di caposala. Per Giustini la prescrizione medica non si salva cos\u00ec: \u00abUna cosa sono le abilit\u00e0, un&#8217;altra le competenze. Le prime possono essere anche superiori a quelle del medico, si tratta di nozioni apprese su specifici ambiti d&#8217;intervento (esempio, l&#8217;anamnesi). Le competenze si maturano in anni di studi e sono un corpus di teoria e pratica che a noi medici consente di governare il paziente in situazioni di &#8220;amministrazione straordinaria&#8221;. Visitare, diagnosticare, prendere in carico la patologia, proporre la terapia, occuparci della concordance con il piano terapeutico, rivalutare i casi: questo \u00e8 il nucleo della nostra attivit\u00e0. Invece la puntura, la prestazione di particolare impegno pu\u00f2 farla anche l&#8217;infermiere, e nessuno ci toglie nulla\u00bb.<\/p>\n<p><a href=\"http:\/\/www.farmacista33.it\/infermieri-prescrittori-attivi-in-spagna-simg-paziente-deve-vedere-medico\/politica-e-sanita\/news--31305.html?xrtd=YXRCSTXVPVTSAAPTCRAPPX\" target=\"_blank\" rel=\"noopener\"><span style=\"color: #0000ff;\">Mauro Miserendino &#8211;\u00a0Marted\u00ec, 28 Aprile 2015 &#8211; Farmacista33<\/span><\/a><\/p>\n<p>Related news:\u00a0<a href=\"http:\/\/www.quotidianosanita.it\/lettere-al-direttore\/articolo.php?articolo_id=27622\" target=\"_blank\" rel=\"noopener\"><span style=\"color: #0000ff;\">Medici italiani ancora miopi di fronte al cambiamento\u00a0<\/span><\/a><\/p>\n<p class=\"entry-title\"><a href=\"http:\/\/www.nurse24.it\/gli-infermieri-sono-volontari-addestrati-ma-senza-medico\/\" target=\"_blank\" rel=\"noopener\"><span style=\"color: #0000ff;\">Gli Infermieri sono \u201cvolontari addestrati ma senza medico\u201d<\/span><\/a><\/p>","protected":false},"excerpt":{"rendered":"<p>\u00abComprensibile ampliare l&#8217;assistenza infermieristica per consentire un accesso pi\u00f9 facile alle terapie, ma a patto che il paziente non perda il contatto con il medico di fiducia. L&#8217;infermiere d\u00e0 il massimo non &#8220;al posto del medico&#8221;, ma se anche il medico \u00e8 messo in grado di lavorare meglio, e di vedere il paziente ogni volta &hellip;<\/p>","protected":false},"author":4,"featured_media":18372,"comment_status":"closed","ping_status":"closed","sticky":false,"template":"","format":"standard","meta":{"footnotes":""},"categories":[1],"tags":[30,79],"class_list":["post-18369","post","type-post","status-publish","format-standard","has-post-thumbnail","hentry","category-notizie","tag-ricette","tag-ssn"],"amp_enabled":true,"_links":{"self":[{"href":"https:\/\/www.fedaiisf.it\/en\/wp-json\/wp\/v2\/posts\/18369","targetHints":{"allow":["GET"]}}],"collection":[{"href":"https:\/\/www.fedaiisf.it\/en\/wp-json\/wp\/v2\/posts"}],"about":[{"href":"https:\/\/www.fedaiisf.it\/en\/wp-json\/wp\/v2\/types\/post"}],"author":[{"embeddable":true,"href":"https:\/\/www.fedaiisf.it\/en\/wp-json\/wp\/v2\/users\/4"}],"replies":[{"embeddable":true,"href":"https:\/\/www.fedaiisf.it\/en\/wp-json\/wp\/v2\/comments?post=18369"}],"version-history":[{"count":0,"href":"https:\/\/www.fedaiisf.it\/en\/wp-json\/wp\/v2\/posts\/18369\/revisions"}],"wp:featuredmedia":[{"embeddable":true,"href":"https:\/\/www.fedaiisf.it\/en\/wp-json\/wp\/v2\/media\/18372"}],"wp:attachment":[{"href":"https:\/\/www.fedaiisf.it\/en\/wp-json\/wp\/v2\/media?parent=18369"}],"wp:term":[{"taxonomy":"category","embeddable":true,"href":"https:\/\/www.fedaiisf.it\/en\/wp-json\/wp\/v2\/categories?post=18369"},{"taxonomy":"post_tag","embeddable":true,"href":"https:\/\/www.fedaiisf.it\/en\/wp-json\/wp\/v2\/tags?post=18369"}],"curies":[{"name":"wp","href":"https:\/\/api.w.org\/{rel}","templated":true}]}}