{"id":18439,"date":"2015-04-29T18:26:49","date_gmt":"2015-04-29T16:26:49","guid":{"rendered":"http:\/\/www.fedaiisf.it\/?p=18439"},"modified":"2015-05-18T11:36:07","modified_gmt":"2015-05-18T09:36:07","slug":"sanita-slitta-ancora-accordo-su-tagli-ma-lintesa-ce-prestazioni-inutili-a-carico-del-malato","status":"publish","type":"post","link":"https:\/\/www.fedaiisf.it\/en\/sanita-slitta-ancora-accordo-su-tagli-ma-lintesa-ce-prestazioni-inutili-a-carico-del-malato\/","title":{"rendered":"Healthcare, agreement on cuts still slides but the agreement is there. &#039;Useless&#039; benefits paid by the patient"},"content":{"rendered":"<p><em><strong>Meno soldi in busta paga per i medici che prescrivono trattamenti inutili. Ma a pagare \u00e8 il malato.\u00a0<\/strong>Entro fine giugno l\u2019<strong>Aifa<\/strong> dovr\u00e0 poi rivedere il <strong>prontuario farmaceutico<\/strong>\u00a0introducendo i\u00a0\u201cprezzi di riferimento\u201d, con il risultato che il <strong>ssn<\/strong>\u00a0rimborser\u00e0 solo quella cifra e il resto, ancora una volta, dovr\u00e0 mettercelo il cittadino. Rimandata la firma, ma la ripartizione dei 2,6 miliardi di sforbiciate previste dalla legge di Stabilit\u00e0 ormai \u00e8 chiara. Risparmi per 1,5 miliardi dovranno arrivare dalla rinegoziazione dei contratti di acquisto di beni, servizi e dispositivi. Arriva il principio di &#8220;appropriatezza&#8221;: le visite e cure ritenute non indispensabili saranno a carico del paziente. Anche se prescritte dal medico, il quale potr\u00e0 vedersi tagliare la parte variabile dello stipendio.<\/em><\/p>\n<p>Of <a href=\"http:\/\/www.ilfattoquotidiano.it\/blog\/collaboratoregenerico\/ptype\/articoli\/\" rel=\"author noopener\" target=\"_blank\">FQ<\/a> | <a href=\"http:\/\/www.ilfattoquotidiano.it\/2015\/04\/29\/sanita-slitta-accordo-su-tagli-ma-lintesa-ce-prestazioni-inutili-a-carico-del-malato\/1593124\/\" target=\"_blank\" rel=\"noopener\"><span style=\"color: #0000ff;\">29 aprile 2015 | Il Fatto Quotidiano<\/span><\/a><\/p>\n<p><img loading=\"lazy\" decoding=\"async\" class=\"alignleft\" src=\"http:\/\/firenze.spi.cgil.it\/wp-content\/uploads\/2012\/07\/Schermata-07-2456132-alle-19.18.04.png\" alt=\"\" width=\"490\" height=\"177\" \/>Stavolta a far slittare la firma sono stati gli impegni parlamentari del sottosegretario<strong> Gianclaudio Bressa<\/strong>, impegnato alla Camera nel voto sull\u2019Italicum. Cos\u00ec \u00e8 stata <a href=\"http:\/\/www.statoregioni.it\/Documenti\/DOC_047190_sconvocazione.pdf\" target=\"_blank\" rel=\"noopener\"><span style=\"color: #0000ff;\">rinviata di un\u2019altra settimana<\/span><\/a> la chiusura dell\u2019intesa tra governo\u00a0e Regioni sulla ripartizione dei\u00a0<a href=\"http:\/\/www.ilfattoquotidiano.it\/2014\/10\/16\/legge-di-stabilita-chiamparino-manovra-insostenibile-a-meno-di-tagli-alla-sanita\/1157648\/\" target=\"_blank\" rel=\"noopener\">2,3 miliardi di<strong> tagli alla sanit\u00e0<\/strong> previsti dalla <strong>legge di Stabilit\u00e0 2015<\/strong><\/a>\u00a0as\u00a0<a href=\"http:\/\/www.ilfattoquotidiano.it\/2014\/10\/16\/legge-di-stabilita-chiamparino-manovra-insostenibile-a-meno-di-tagli-alla-sanita\/1157648\/\" target=\"_blank\" rel=\"noopener\">mancato aumento del fondo sanitario<\/a>, a\u00a0cui si somma una riduzione di 285 milioni dei trasferimenti per l\u2019<strong>edilizia<\/strong> di settore.\u00a0Ma\u00a0la conferenza Stato-Regioni, che tenta di trovare la quadra dal mese di febbraio,\u00a0ha ormai raggiunto un accordo.\u00a0La bozza di documento\u00a0messo a punto dai tecnici alla luce della manovra e del <a href=\"http:\/\/www.ilfattoquotidiano.it\/2014\/07\/19\/patto-salute-tribunale-del-malato-non-risolve-il-problema-di-accesso-alle-cure\/1062991\/\" target=\"_blank\" rel=\"noopener\"><strong>Health pact<\/strong> 2014-2016<\/a>\u00a0ha come pilastro\u00a0la cosiddetta appropriatezza delle cure. Definizione che\u00a0si traduce in un principio assai poco piacevole per il malato: le\u00a0<strong>prestazioni specialistiche<\/strong> And <strong>riabilitative<\/strong>\u00a0prescritte da un medico ma\u00a0ritenute<strong> non necessarie<\/strong>\u00a0saranno totalmente<strong> a suo carico<\/strong>.\u00a0E nei confronti dei medici che le prescrivono dovranno essere presi provvedimenti, compresa la\u00a0riduzione della parte variabile dello stipendio.\u00a0Scure anche sui <strong>ricoveri<\/strong> for the <strong>riabilitazione<\/strong>, che dovranno essere limitati a quelli strettamente necessari. Entro fine giugno l\u2019<strong>Aifa<\/strong> dovr\u00e0 poi rivedere il <strong>prontuario farmaceutico<\/strong>\u00a0introducendo i\u00a0\u201cprezzi di riferimento\u201d, con il risultato che il <strong>National Health Service<\/strong> rimborser\u00e0 solo quella cifra e il resto, ancora una volta, dovr\u00e0 mettercelo il cittadino. Via libera, poi, alla <strong>rinegoziazione dei contratti<\/strong> di acquisto di beni, servizi e dispositivi con l\u2019obiettivo di\u00a0raggiungere uno <strong>sconto<\/strong> medio del 4% e risparmiare ben 1,5 miliardi.<\/p>\n<p><strong><img decoding=\"async\" class=\"alignright\" src=\"http:\/\/www.informasalus.it\/data\/foto\/t\/tagli-alla-sanita-prevenire-e-risparmiare-con-la-medicina-low-dose_2368.png\" alt=\"\" \/>Meno soldi in busta paga per i medici che prescrivono trattamenti inutili. Ma a pagare \u00e8 il malato<\/strong> \u2013 Sar\u00e0 un decreto a individuare, entro 30 giorni, le \u201ccondizioni di erogabilit\u00e0\u201d e le indicazioni per la prescrizione delle prestazioni specialistiche ambulatoriali\u00a0\u201cad alto <strong>rischio di inappropriatezza<\/strong>\u201c. Il medico, quando fa la ricetta, dovr\u00e0 riportare l\u2019indicazione della condizione di <strong>deliverability<\/strong>. Le visite e i trattamenti che esulano da quei paletti\u00a0saranno a totale carico dell\u2019assistito. Ma a farne le spese \u2013\u00a0<a href=\"http:\/\/www.ilfattoquotidiano.it\/2015\/04\/23\/esami-inutili-regioni-devono-pagarli-i-medici-ira-sindacati-inaccettabile\/1615951\/\" target=\"_blank\" rel=\"noopener\">non per niente la categoria \u00e8 gi\u00e0 sul piede di guerra<\/a>\u00a0\u2013\u00a0sar\u00e0 anche il dottore: se\u00a0risulter\u00e0 che ha\u00a0prescritto una prestazione senza che fosse necessario, l\u2019Asl\u00a0o l\u2019azienda ospedaliera gliene chiederanno conto e potranno applicargli \u201cuna <strong>riduzione del trattamento economico <\/strong>accessorio\u201d, cio\u00e8 della parte variabile della busta paga, se si tratta di un dipendente, o \u201cdegli incentivi legati al raggiungimento degli obiettivi di qualificazione e appropriatezza\u201d se \u00e8 un medico\u00a0<strong>convenzionato<\/strong>.\u00a0Le Regioni dovranno poi ridefinire i tetti di spesa dei privati accreditati per fornire visite ambulatoriali\u00a0assicurando un abbattimento medio dell\u20191% del valore dei contratti. Il risparmio previsto, nel complesso, \u00e8 di <strong>106 milioni<\/strong>.<\/p>\n<p><strong>Tagliati anche i ricoveri in riabilitazione<\/strong> \u2013 Le sforbiciate statali riguarderanno anche i <strong>ricoveri\u00a0<\/strong>di riabilitazione \u201cad alto rischio di inappropriatezza\u201d: un altro decreto, sempre entro due mesi dall\u2019intesa, dovr\u00e0 individuare i criteri con cui valutarla facendo riferimento \u201calla<strong> correlazione clinica<\/strong> del ricovero con la tipologia di evento acuto, alla distanza temporale tra il ricovero e l\u2019evento acuto e, nei ricoveri non conseguenti ad evento acuto, alla tipologia di casistica potenzialmente inappropriata\u201d. Per i ricoveri clinicamente inappropriati \u00e8 previsto un taglio del 50% della tariffa fissata dalla Regione o l\u2019applicazione della tariffa media fissata per i ricoveri di questo tipo\u00a0presso strutture riabilitative extraospedaliere. Tariffe gi\u00f9 anche per i ricoveri \u201coltre soglia\u201d, cio\u00e8 pi\u00f9 lunghi di quanto in teoria opportuno.<strong>\u00a0<\/strong>Per effetto di questi interventi le Regioni dovrebbero risparmiare\u00a0<strong>89 milioni<\/strong>.<\/p>\n<p><strong>I contratti di acquisto di beni e servizi saranno rinegoziati per risparmiare<\/strong> \u2013 Un\u2019altra\u00a0colonna portante\u00a0\u00e8 il rinnovo dei contratti di fornitura di <strong>beni e servizi,<\/strong> il cui valore per il 2014 \u00e8 stimato in\u00a0circa 16,3 miliardi, per\u00a0abbatterne il costo in media del 4%, pari a<strong> 652 milioni<\/strong>. Lo stesso vale per i dispositivi medici, per i quali non \u00e8 indicata una percentuale media di <strong>sconto<\/strong>. I calcoli dei tecnici di regioni e governo stimano per\u00f2 che l\u2019ammontare del risparmio sar\u00e0 di <strong>845 milioni<\/strong> di euro, calcolati come differenza tra la spesa\u00a0attuale e il valore del tetto fissato dal decreto del 2012 sulla <strong>spending reviews<\/strong>, in base al quale i governatori non possono spendere per i dispositivi pi\u00f9 del 4,4% del <strong>Fondo sanitario regionale<\/strong>. A partire dall\u2019anno prossimo, poi, le aziende produttrici dovranno concorrere, in proporzione all\u2019incidenza del proprio fatturato sul totale della spesa, al ripiano dell\u2019eventuale\u00a0<strong>sfondamento<\/strong> del tetto: saranno chiamate a rifondere il\u00a030% del rosso nel 2016, il 40% nel 2017 e il 50% nel 2018.\u00a0Contro\u00a0quello che\u00a0in gergo si chiama <em>paybacks<\/em>\u00a0\u00e8 gi\u00e0 in rivolta <strong>Assobiomedica<\/strong>, che definisce queste misure \u201c<strong>inique<\/strong> e contrarie ai principi dell\u2019Ue e a quelli sostanziali del diritto nazionale\u201d.<\/p>\n<p><strong><img loading=\"lazy\" decoding=\"async\" class=\"alignleft\" src=\"http:\/\/www.androida.it\/wp-content\/uploads\/2013\/01\/oMnqmFMS19LTsnrGGUPLZQEl19c-rdqhRkOUnAj_LeG4JR2VvtxmcEvWfjZWrR_YuAw705.jpg\" alt=\"\" width=\"371\" height=\"181\" \/>Entro giugno il nuovo prontuario dei farmaci con i prezzi massimi di rimborso<\/strong> \u2013 Quanto al costo dei farmaci, l\u2019introduzione entro il 30 giugno dell\u2019elenco dei<strong> prezzi di riferimento<\/strong>, previa \u201cridefinizione straordinaria\u201d del prontuario\u00a0da parte dell\u2019Aifa, dovrebbe consentire di risparmiare 200 milioni nella seconda parte del 2014 e<strong> 400 a regime<\/strong> su base annua. L\u2019agenzia fisser\u00e0\u00a0il prezzo massimo di rimborso da parte del Ssn\u00a0in corrispondenza della confezione con il costo al pubblico pi\u00f9 basso. E il resto lo pagher\u00e0 l\u2019assistito. Aifa avr\u00e0 anche il potere di rinegoziare con le aziende farmaceutiche il prezzo dei medicinali biotecnologici all\u2019indomani della scadenza del brevetto o del certificato di protezione. Qui il risparmio stimato \u00e8 di 105 milioni l\u2019anno a regime e 35 nel 2015.<\/p>\n<p>Infine dovrebbero derivare riduzioni delle uscite per 10 milioni<strong>\u00a0<\/strong>dall\u2019azzeramento dei ricoveri in strutture convenzionate con<strong>meno di 40 posti <\/strong>letto, destinate alla chiusura in base ai nuovi standard. E altri 68 milioni \u00e8 previsto che restino in cassa grazie a tagli a <strong>departments<\/strong> e, di conseguenza, posti da <strong>primario<\/strong>. Non quantificato il risparmio dalla riduzione del numero delle <strong>Centrali operative del 118.<\/strong><\/p>\n<h1 class=\"news-title\"><span style=\"color: #ff0000;\">Sanit\u00e0: Zaia,tagli anche stipendi medici<\/span><\/h1>\n<h2 class=\"news-stit\"><img loading=\"lazy\" decoding=\"async\" class=\"alignright\" src=\"http:\/\/img3.cedscdn.it\/MsgrNews\/MED\/20141015_zaia.jpg\" alt=\"\" width=\"262\" height=\"141\" \/>Governatore ribadisce i &#8216;no&#8217; della Regione<\/h2>\n<p><a href=\"http:\/\/www.ansa.it\/veneto\/notizie\/2015\/04\/29\/sanita-zaiatagli-anche-stipendi-medici_6c1d389b-ace8-4ee6-882c-020eee929d58.html\" target=\"_blank\" rel=\"noopener\"><span style=\"color: #0000ff;\">(ANSA) &#8211; VENEZIA, 29 APR<\/span><\/a> &#8211; Il governatore Luca Zaia sostiene che la manovra del Governo sulla sanit\u00e0 prevede tagli anche agli stipendi dei medici. &#8220;Sapete &#8211; dice Zaia &#8211; cosa c&#8217;\u00e8 di nuovo? Che la manovra senza tagli, che in realt\u00e0 taglia 2,7 miliardi l&#8217;anno per 3 anni dal 2015, vuole tagliare anche gli stipendi dei medici&#8221;. Zaia, che ribadisce i &#8216;no&#8217; del Veneto al provvedimento, cita a prova di ci\u00f2 il paragrafo C.2 della <a href=\"http:\/\/www.quotidianosanita.it\/allegati\/create_pdf.php?all=140704.PDF\" target=\"_blank\" rel=\"noopener\"><span style=\"color: #0000ff;\">cosiddetta &#8216;intesa&#8217;<\/span><\/a>, sulle risorse destinate al &#8216;trattamento accessorio&#8217; dei medici.<\/p>\n<p>Related news: <span style=\"color: #0000ff;\"><a style=\"color: #0000ff;\" href=\"http:\/\/www.fedaiisf.it\/en\/tdm-tagli-al-fondo-sanitario-un-teatrino-sulla-pelle-dei-cittadini\/\" target=\"_blank\">Tdm: cuts to the Health Fund, a little theater on the skin of citizens<\/a><\/span><\/p>\n<p><a href=\"http:\/\/www.quotidianosanita.it\/lettere-al-direttore\/articolo.php?articolo_id=27738\" target=\"_blank\" rel=\"noopener\"><span style=\"color: #0000ff;\">Appropriatezza e costo-efficacia: \u00e8 ora di applicarle sul serio<\/span><\/a><\/p>\n<p><span style=\"color: #0000ff;\"><a style=\"color: #0000ff;\" href=\"http:\/\/www.fedaiisf.it\/en\/manovra-sanita-intesa-slitta-al-29-aprile-ma-nuova-proposta-e-pronta-il-testo\/\" target=\"_blank\">Healthcare maneuver. Agreement postponed to 29 April. But new proposal is ready. The text<\/a><\/span><\/p>\n<p><a href=\"http:\/\/www.mef.gov.it\/focus\/article_0008.html\" target=\"_blank\" rel=\"noopener\"><span style=\"color: #0000ff;\">DEF &#8211; Documento di Economia e Finanza 2015<\/span><\/a><\/p>\n<p><a href=\"http:\/\/www.mef.gov.it\/focus\/article_0002.html\" target=\"_blank\" rel=\"noopener\"><span style=\"color: #0000ff;\">Legge stabilit\u00e0 2015<\/span><\/a><\/p>","protected":false},"excerpt":{"rendered":"<p>Meno soldi in busta paga per i medici che prescrivono trattamenti inutili. Ma a pagare \u00e8 il malato.\u00a0Entro fine giugno l\u2019Aifa dovr\u00e0 poi rivedere il prontuario farmaceutico\u00a0introducendo i\u00a0\u201cprezzi di riferimento\u201d, con il risultato che il Ssn\u00a0rimborser\u00e0 solo quella cifra e il resto, ancora una volta, dovr\u00e0 mettercelo il cittadino. Rimandata la firma, ma la ripartizione &hellip;<\/p>","protected":false},"author":4,"featured_media":18447,"comment_status":"closed","ping_status":"closed","sticky":false,"template":"","format":"standard","meta":{"footnotes":""},"categories":[16],"tags":[79],"class_list":["post-18439","post","type-post","status-publish","format-standard","has-post-thumbnail","hentry","category-primo-piano","tag-ssn"],"amp_enabled":true,"_links":{"self":[{"href":"https:\/\/www.fedaiisf.it\/en\/wp-json\/wp\/v2\/posts\/18439","targetHints":{"allow":["GET"]}}],"collection":[{"href":"https:\/\/www.fedaiisf.it\/en\/wp-json\/wp\/v2\/posts"}],"about":[{"href":"https:\/\/www.fedaiisf.it\/en\/wp-json\/wp\/v2\/types\/post"}],"author":[{"embeddable":true,"href":"https:\/\/www.fedaiisf.it\/en\/wp-json\/wp\/v2\/users\/4"}],"replies":[{"embeddable":true,"href":"https:\/\/www.fedaiisf.it\/en\/wp-json\/wp\/v2\/comments?post=18439"}],"version-history":[{"count":0,"href":"https:\/\/www.fedaiisf.it\/en\/wp-json\/wp\/v2\/posts\/18439\/revisions"}],"wp:featuredmedia":[{"embeddable":true,"href":"https:\/\/www.fedaiisf.it\/en\/wp-json\/wp\/v2\/media\/18447"}],"wp:attachment":[{"href":"https:\/\/www.fedaiisf.it\/en\/wp-json\/wp\/v2\/media?parent=18439"}],"wp:term":[{"taxonomy":"category","embeddable":true,"href":"https:\/\/www.fedaiisf.it\/en\/wp-json\/wp\/v2\/categories?post=18439"},{"taxonomy":"post_tag","embeddable":true,"href":"https:\/\/www.fedaiisf.it\/en\/wp-json\/wp\/v2\/tags?post=18439"}],"curies":[{"name":"wp","href":"https:\/\/api.w.org\/{rel}","templated":true}]}}