{"id":1855,"date":"2014-08-04T13:01:27","date_gmt":"2014-08-04T11:01:27","guid":{"rendered":"http:\/\/www.fedaiisf.it\/?p=1855"},"modified":"2015-09-01T18:09:48","modified_gmt":"2015-09-01T16:09:48","slug":"merck-usa-minacce-legali-in-italia-per-contrastare-parere-negativo-zetia-vytorin","status":"publish","type":"post","link":"https:\/\/www.fedaiisf.it\/en\/merck-usa-minacce-legali-in-italia-per-contrastare-parere-negativo-zetia-vytorin\/","title":{"rendered":"Merck uses legal threats in Italy to counter negative opinion on Zetia and Vytorin"},"content":{"rendered":"<p>Merck, Casa Madre, smentisce Merck Italia ed esprime <i>&#8221; &#8216;rammarico&#8217; per aver usato minacce legali per spingere un ricercatore italiano opinion leader ad attenuare le sue critiche pubbliche ad uno dei farmaci anticolesterolo della societ\u00e0.&#8221;<\/i><\/p>\n<p><img loading=\"lazy\" decoding=\"async\" class=\"alignright\" src=\"http:\/\/drugdiscovery.com\/upimages\/1382017803_zetia-pill-400x400.jpg\" alt=\"\" width=\"115\" height=\"115\" \/>In risposta alle ripetute minacce legali, un medico italiano ha ritirato il consiglio di limitare l&#8217;uso di un farmaco controverso. Il farmaco, l&#8217;ezetimibe, \u00e8 il componente fondamentale in Zetia e Vytorin, ed \u00e8 prodotto da <span style=\"color: #0000ff;\"><a href=\"http:\/\/www.forbes.com\/companies\/merck\/\" target=\"_blank\" rel=\"noopener\"><span style=\"color: #0000ff;\">Merck<\/span><\/a><\/span>. Il farmaco ipocolesterolemizzante \u00e8 stata oggetto di feroci polemiche perch\u00e9 non \u00e8 mai stato dimostrato che migliorasse i risultati clinici. Nonostante le polemiche, nel 2013 i due farmaci hanno avuto vendite combinate di pi\u00f9 di 2,6 miliardi di dollari.<\/p>\n<p>Secondo il BMJ (British Medical Journal), che ha pubblicato la notizia della vicenda, la MSD Italia, braccio italiano della societ\u00e0, ha inviato due lettere \u201ccease and desist\u201d (\u201ccessare e desistere\u201d) ad Alberto Donzelli, Responsabile della formazione, appropriatezza e medicina basata sulle evidenze presso l&#8217;autorit\u00e0 di sanit\u00e0 pubblica di Milano (Milano Healthcare). La lettera \u00e8 stata inviata anche al direttore generale della Sanit\u00e0 di Milano e a Roberto Carlo Rossi, presidente FNOMCEO di Milano.<\/p>\n<p><img loading=\"lazy\" decoding=\"async\" class=\"alignleft\" src=\"https:\/\/encrypted-tbn2.gstatic.com\/images?q=tbn:ANd9GcRamIvSU2fh7L8SJrF_OoFLL3JqlmfP3wQpyVjg0eO5N_UV0kRu\" alt=\"\" width=\"103\" height=\"107\" \/>Come riportato dal <span style=\"color: #0000ff;\"><a href=\"http:\/\/www.bmj.com\/content\/349\/bmj.g4441\" target=\"_blank\" rel=\"noopener\"><span style=\"color: #0000ff;\">The BMJ<\/span><\/a><\/span>, dopo la prima lettera Rossi ha risposto che la commissione medica aveva concluso &#8220;che non vi era alcun motivo di opporsi per motivi etici al comportamento di Donzelli. Donzelli ha anche risposto ad ogni punto sollevato nella lettera. &#8216;Ho esercitato il mio diritto di dire ai medici di medicina generale quanto emerso dalla nostra analisi approfondite sulla letteratura pubblicata, su una rete di base di pari livello scientifico.<\/p>\n<p>In una seconda lettera MSD Italia &#8220;ha ribadito la sua intenzione di andare in tribunale a meno che Donzelli fermi la sua &#8216;attivit\u00e0 gravemente dannosa, [che era] di offuscare l&#8217;immagine del farmaco e la reputazione dell&#8217;azienda.\u201d Il direttore medico di MSD, Patrizia Nardini [<em>nella foto a destra<\/em>], ha riferito al BMJ: &#8220;Siamo a favore di un&#8217;informazione equilibrata, e abbiamo deciso di scrivere quelle lettere perch\u00e9 non abbiamo <img loading=\"lazy\" decoding=\"async\" class=\"alignright\" src=\"http:\/\/www.msd-italia.it\/chisiamo\/organigramma\/new\/Nardini.jpg\" alt=\"\" width=\"113\" height=\"169\" \/>visto una disponibilit\u00e0 a valutare tutte le informazioni in modo bilanciato.&#8221;<\/p>\n<p>Il mese scorso Donzelli si arrese e tolse il materiale controverso dal suo sito &#8220;<i>fino a quando il problema sar\u00e0 ulteriormente chiarito all&#8217;interno della comunit\u00e0 scientifica<\/i>,&#8221; riporta The BMJ.<\/p>\n<p>In una dichiarazione pubblicata, citando il BMJ, i redattori di cinque pubblicazioni italiane hanno espresso sostegno a Donzelli: &#8220;Nel processo educativo ed informativo, il dissenso deve essere espresso sulle pagine di riviste scientifiche come dovrebbe essere un dibattito tra colleghi, compresi i lettori, che saranno in grado di decidere liberamente quale sia la scelta pi\u00f9 appropriata per i pazienti.&#8221;<\/p>\n<p>Donzelli \u00e8 quasi da solo nel criticare l&#8217;uso continuato di ezetimibe nonostante l&#8217;assenza di evidenza di beneficio clinico. Proprio di recente, <span style=\"color: #0000ff;\"><i><a href=\"http:\/\/blog.acpinternist.org\/2014\/06\/ezetimibe-zetia-why-are-we-still.html?utm_source=feedburner&amp;utm_medium=feed&amp;utm_campaign=Feed:+AcpInternistBlog+(ACP+Internist+Blog)&amp;m=1\" target=\"_blank\" rel=\"noopener\"><span style=\"color: #0000ff;\">ACP internist<\/span><\/a><\/i><\/span>, un blog di medicina interna, ha sollevato la questione: &#8220;perch\u00e9 prescriviamo ancora quello che sembra essere un farmaco inutile?&#8221; L&#8217;uso continuato di ezetimibe nella pratica clinica \u00e8 stato anche oggetto di <span style=\"color: #0000ff;\"><a href=\"http:\/\/jama.jamanetwork.com\/article.aspx?articleID=1850961\" target=\"_blank\" rel=\"noopener\"><span style=\"color: #0000ff;\">servizi speciali su JAMA<\/span><\/a><\/span>.<\/p>\n<p><b>Aggiornamento, 7 luglio<\/b>:<\/p>\n<p><span style=\"color: #0000ff;\"><a href=\"http:\/\/www.forbes.com\/sites\/matthewherper\/2014\/07\/07\/merck-says-it-regrets-strong-arming-italian-researcher\/\" target=\"_blank\" rel=\"noopener\"><span style=\"color: #0000ff;\"><img loading=\"lazy\" decoding=\"async\" class=\"alignleft\" src=\"http:\/\/www.channelnewsasia.com\/image\/1143116\/1402334097000\/large16x9\/768\/432\/merck.jpg\" alt=\"\" width=\"277\" height=\"155\" \/>Matt Herper ora segnala<\/span><\/a><\/span> che Merck esprime <i>&#8221; &#8216;rammarico&#8217; per aver usato minacce legali per spingere un ricercatore italiano opinion leader per attenuare le sue critiche pubbliche ad uno dei farmaci anticolesterolo della societ\u00e0.&#8221; <\/i>Ecco una dichiarazione che Harper ha ricevuto da un portavoce della Merck:<\/p>\n<p>\u201c<i>Merck \u00e8 impegnata allo scambio aperto e trasparente di informazione scientifica. Crediamo che questo scambio avvenga in incontri medici e pubblicazioni scientifiche con revisioni fatte da ricercatori indipendenti. Crediamo che questo sia un episodio isolato in Italia ed esprimiamo rammarico per come esso \u00e8 stato gestito dalla nostra azienda. Merck non ha intrapreso alcuna azione legale in relazione a questa situazione.<\/i><\/p>\n<p>Herper riferisce che il portavoce di Merck ha affermato che Donzelli \u00e8 libero di ripubblicare il suo materiale sul web &#8220;<i>senza timore di ritorsioni legali provenienti da Merck<\/i>.&#8221;<\/p>\n<p>Un ultimo pensiero: io non posso non chiedermi come questa storia sarebbe stata giocata in un&#8217;epoca precedente, prima di Twitter e internet. \u00c8 impossibile immaginare che questa cosa potesse essere risolta cos\u00ec rapidamente.<\/p>\n<p><span style=\"color: #0000ff;\"><b><a href=\"http:\/\/www.forbes.com\/sites\/larryhusten\/2014\/07\/06\/merck-uses-legal-threats-to-stifle-negative-advice-about-zetia-and-vytorin-in-italy\/\" target=\"_blank\" rel=\"noopener\"><span style=\"color: #0000ff;\">Fonte Forbes<\/span><\/a> <\/b><\/span>7\/06\/2014 <b>\u00a0<\/b><\/p>\n<p><strong>Articoli correlati<\/strong>: <span style=\"color: #0000ff;\"><a href=\"http:\/\/www.medicinademocratica.org\/wp\/?p=1879\" target=\"_blank\" rel=\"noopener\"><span style=\"color: #0000ff;\">L\u2019indipendenza dell\u2019informazione scientifica in sanit\u00e0<\/span><\/a><\/span> luglio 2, 2014<\/p>\n<p><span style=\"color: #0000ff;\"><span style=\"color: #0000ff;\">\u00a0 \u00a0 \u00a0 \u00a0 \u00a0 \u00a0 \u00a0 \u00a0 \u00a0 \u00a0 \u00a0 \u00a0 \u00a0 \u00a0<span style=\"color: #3366ff;\"><a href=\"http:\/\/www.forbes.com\/sites\/matthewherper\/2014\/07\/07\/merck-says-it-regrets-strong-arming-italian-researcher\/\" target=\"_blank\" rel=\"noopener\"><span style=\"color: #3366ff;\">Merck Says It Regrets Strong-Arming Italian Researcher<\/span><\/a><\/span><\/span><\/span> 7\/07\/2014 Forbes<\/p>\n<p><span style=\"color: #0000ff;\">\u00a0 \u00a0 \u00a0 \u00a0 \u00a0 \u00a0 \u00a0 \u00a0 \u00a0 \u00a0 \u00a0 \u00a0 \u00a0 <span style=\"color: #3366ff;\"><a href=\"http:\/\/www.pillole.org\/public\/aspnuke\/print.asp?print=news&amp;pID=6130\" target=\"_blank\" rel=\"noopener\"><span style=\"color: #3366ff;\">MSD minaccia azioni legali per far cessare le critiche ad un suo prodotto<\/span><\/a><\/span><\/span> 08\/07\/2014 Pillole.org<\/p>\n<p>&nbsp;<\/p>\n<p>&nbsp;<\/p>\n<p><img decoding=\"async\" class=\"aligncenter\" src=\"http:\/\/www.burtonsys.com\/HBays_talk_cme_activity_files\/talk033__s013_cme.gif\" alt=\"\" \/><\/p>\n","protected":false},"excerpt":{"rendered":"<p>Merck, Casa Madre, smentisce Merck Italia ed esprime &#8221; &#8216;rammarico&#8217; per aver usato minacce legali per spingere un ricercatore italiano opinion leader ad attenuare le sue critiche pubbliche ad uno dei farmaci anticolesterolo della societ\u00e0.&#8221; In risposta alle ripetute minacce legali, un medico italiano ha ritirato il consiglio di limitare l&#8217;uso di un farmaco controverso. &hellip;<\/p>","protected":false},"author":4,"featured_media":1869,"comment_status":"closed","ping_status":"closed","sticky":false,"template":"","format":"standard","meta":{"footnotes":""},"categories":[16],"tags":[47,51],"class_list":["post-1855","post","type-post","status-publish","format-standard","has-post-thumbnail","hentry","category-primo-piano","tag-big-pharma","tag-compenso-top-manager"],"amp_enabled":true,"_links":{"self":[{"href":"https:\/\/www.fedaiisf.it\/en\/wp-json\/wp\/v2\/posts\/1855","targetHints":{"allow":["GET"]}}],"collection":[{"href":"https:\/\/www.fedaiisf.it\/en\/wp-json\/wp\/v2\/posts"}],"about":[{"href":"https:\/\/www.fedaiisf.it\/en\/wp-json\/wp\/v2\/types\/post"}],"author":[{"embeddable":true,"href":"https:\/\/www.fedaiisf.it\/en\/wp-json\/wp\/v2\/users\/4"}],"replies":[{"embeddable":true,"href":"https:\/\/www.fedaiisf.it\/en\/wp-json\/wp\/v2\/comments?post=1855"}],"version-history":[{"count":0,"href":"https:\/\/www.fedaiisf.it\/en\/wp-json\/wp\/v2\/posts\/1855\/revisions"}],"wp:featuredmedia":[{"embeddable":true,"href":"https:\/\/www.fedaiisf.it\/en\/wp-json\/wp\/v2\/media\/1869"}],"wp:attachment":[{"href":"https:\/\/www.fedaiisf.it\/en\/wp-json\/wp\/v2\/media?parent=1855"}],"wp:term":[{"taxonomy":"category","embeddable":true,"href":"https:\/\/www.fedaiisf.it\/en\/wp-json\/wp\/v2\/categories?post=1855"},{"taxonomy":"post_tag","embeddable":true,"href":"https:\/\/www.fedaiisf.it\/en\/wp-json\/wp\/v2\/tags?post=1855"}],"curies":[{"name":"wp","href":"https:\/\/api.w.org\/{rel}","templated":true}]}}