{"id":18587,"date":"2015-05-05T12:35:30","date_gmt":"2015-05-05T10:35:30","guid":{"rendered":"http:\/\/www.fedaiisf.it\/?p=18587"},"modified":"2015-05-05T18:06:55","modified_gmt":"2015-05-05T16:06:55","slug":"ricerca-nomisma-su-commissione-di-assogenerici-fontolan-tra-2015-e-2020-risparmio-pubblico-di-11-mld","status":"publish","type":"post","link":"https:\/\/www.fedaiisf.it\/en\/ricerca-nomisma-su-commissione-di-assogenerici-fontolan-tra-2015-e-2020-risparmio-pubblico-di-11-mld\/","title":{"rendered":"Ricerca Nomisma su commissione di Assogenerici: Fontolan, tra 2015 e 2020 risparmio pubblico di 1,1 mld"},"content":{"rendered":"<p><em><strong>Siamo dispiaciuti di leggere comunicati stampa che vantano ipotetici risparmi per miliardi di euro<\/strong> che discenderebbero da un utilizzo pi\u00f9 diffuso dei farmaci equivalenti e che omettono, invece, ogni riferimento ai disagi e ai costi che lo Stato e i cittadini devono sopportare proprio a causa del diffuso zapping sui farmaci generici\u201d. Lo dichiara <strong>Roberto Messina<\/strong>, Presidente di FederAnziani Senior Italia.<\/em><\/p>\n<p style=\"text-align: center;\">___________________________________________________________<\/p>\n<p style=\"text-align: left;\">\n<img loading=\"lazy\" decoding=\"async\" class=\"alignleft\" src=\"http:\/\/limedem.opinioni.net\/upload\/templates\/Nomisma_giuoco\/logo_nom.png\" alt=\"\" width=\"315\" height=\"219\" \/>Nonostante si tratti di farmaci assolutamente equivalenti ai farmaci di marca, \u201cgli esiti di mercato dei generici non hanno ancora raggiunto il loro massimo potenziale\u201d. Ad oggi \u201crappresentano poco pi\u00f9 del 13% della spesa farmaceutica di classe A\u201d e il 30% delle vendite complessive di farmaci a brevetto scaduto, ma se i pazienti sostituissero tutti i farmaci utilizzati con i rispettivi generici al prezzo pi\u00f9 basso, \u201csarebbe possibile ottenere oltre 1,4 miliardi di euro l\u2019anno di risparmi privati\u201d, mentre il risparmio pubblico ottenibile semplicemente \u201cgrazie al processo di \u2018genericazione\u2019 sar\u00e0 di oltre 1,1 miliardi di euro tra il 2015 e il 2020\u201d. \u00c8 quanto emerge dallo <a href=\"http:\/\/www.assogenerici.org\/articolihome\/Programma_convegno_Nomisma-05mag15.pdf\" target=\"_blank\" rel=\"noopener\"><span style=\"color: #0000ff;\">studio realizzato<\/span><\/a> from <a href=\"http:\/\/www.nomisma.it\/index.php\/it\/press-area\/news\/item\/836-5-maggio-2015-il-sistema-dei-farmaci-generici-in-italia-scenari-per-una-crescita-sostenibile\" target=\"_blank\" rel=\"noopener\"><span style=\"color: #0000ff;\">Nomisma<\/span><\/a> per conto di Assogenerici (Associazione nazionale industrie farmaci generici), \u201cIl sistema dei farmaci generici in Italia. Scenari per una crescita sostenibile\u201d, presentato questa mattina a Roma, presso il Senato, da Federico Fontolan, nel corso di un convegno promosso da Assogenerici. Obiettivo dello studio, indagare il funzionamento del sistema dei farmaci generici in Italia e individuare elementi per uno sviluppo del comparto che tenga conto dell\u2019esigenza di crescita industriale del Paese e, contemporaneamente, di razionalizzazione della spesa farmaceutica senza impattare negativamente sulla qualit\u00e0 delle cure.<\/p>\n<p><img decoding=\"async\" class=\"alignright\" src=\"https:\/\/encrypted-tbn1.gstatic.com\/images?q=tbn:ANd9GcQ0R-fB6wZQobw3Iy9S6B3oZteMDtJmQ4WNTldoQoqTRKtQq0m0NQ\" alt=\"\" \/>Secondo la ricerca, che esplora le esperienze di medici, farmacisti e pazienti, gli esiti di mercato sono influenzati innanzitutto dal comportamento di chi prescrive, vende e utilizza i farmaci. Sbilanciata, per Fontolan, la fotografia che emerge: da una parte, tra i pazienti che hanno fatto uso di farmaci negli ultimi dodici mesi, la maggior parte conosce i generici (90%) e molti ne hanno fatto uso almeno una volta (72%); dall\u2019altra l\u2019elevato numero di autorizzazioni all\u2019immissione in commercio induce molti medici a seguire pattern prescrittivi consuetudinari. Occorre colmare, avverte il ricercatore, il \u201cvuoto informativo\u201d tra medico e produttori di farmaci generici che \u201cincide negativamente sulla capacit\u00e0 di penetrazione dei generici stessi, tanto che il mercato dei farmaci fuori brevetto \u00e8 ancora oggi dominato dai farmaci \u2018di marca\u2019\u201d. Dal punto di vista dell\u2019impatto, uno degli effetti dei generici \u00e8 una contrazione della spesa pubblica a fronte di un aumento delle confezioni vendute, poich\u00e9 \u201cl\u2019introduzione di un farmaco generico porta a una riduzione del prezzo per confezione pari mediamente al 60% ad un anno dall\u2019ingresso sul mercato\u201d. Oltre al risparmio pubblico, spiega Fontolan, se i cittadini sostituissero tutti i farmaci utilizzati con i rispettivi generici al prezzo pi\u00f9 basso, potrebbero risparmiare oltre 1,4 miliardi di euro l\u2019anno, a parit\u00e0 di confezioni vendute.<\/p>\n<p>Il risparmio pubblico \u201cottenibile semplicemente grazie al processo di genericazione &#8211; ribadisce Federico Fontolan presentando a Roma lo studio di Nomisma sui farmaci generici &#8211; sar\u00e0 di oltre 1,1 miliardi di euro tra il 2015 e il 2020\u201d, arco di tempo in cui \u201candranno in scadenza brevettuale prodotti che valgono, a livello nazionale, oltre 2,1 miliardi\u201d. Un potenziale mercato \u201caggredibile\u201d dalle imprese di generici con esiti industriali che potranno essere molto differenti a seconda degli orientamenti di policy adottati. Una politica che rimuovesse gli ostacoli che ancora frenano il settore, avverte Fontolan, \u201cpotrebbe determinare un aumento del turnover industriale nazionale fino a 540 milioni di euro circa, con un aumento dell\u2019occupazione fino a quasi 20mila addetti aggiuntivi tra settore produttivo e indotto\u201d. Un sistema \u201cvirtuoso da attivare a vantaggio del Paese\u201d, insomma. Secondo l\u2019analista \u00e8 necessario programmare lo sviluppo del comparto nei prossimi anni attraverso \u201cun\u2019ottica di politica industriale ancor prima che di spesa pubblica\u201d. La crescita della produzione \u201cattiverebbe investimenti e occupazione, migliorerebbe la percezione dei generici e incrementerebbe la competitivit\u00e0 delle nostre imprese\u201d. (<a href=\"http:\/\/www.agensir.it\/sir\/documenti\/2015\/05\/00311832_farmaci_generici_gaudioso_cittadinanzatti.html\" target=\"_blank\" rel=\"noopener\"><span style=\"color: #0000ff;\">AgenSIR<\/span><\/a>)<\/p>\n<h1><span style=\"color: #ff0000;\"><strong>De Biasi (Pd):<\/strong> \u201cIl generico non \u00e8 un farmaco di serie B\u201d<\/span><\/h1>\n<p><span class=\"testo_rosso_data\"><img decoding=\"async\" class=\"alignleft\" src=\"http:\/\/www.quotidianosanita.it\/img_prima\/front1034012.jpg\" alt=\"\" \/>05 MAG<\/span> &#8211; Il generico non pu\u00f2 essere considerato un farmaco di serie B, usciamo da questo luogo comune e diamogli dignit\u00e0.<br \/>\n\u00c8 quanto ha affermato la senatrice del Pd,<strong> Emilia Grazie De Biasi<\/strong> intervenuta alla presentazione del <a href=\"http:\/\/www.quotidianosanita.it\/scienza-e-farmaci\/articolo.php?articolo_id=27757\" target=\"_blank\" rel=\"noopener\"><span style=\"color: #0000ff;\">Rapportto Nomisma<\/span><\/a> e per la quale sono molti i quesiti che su questo tema devono trovare risposta. \u201cIl mercato del farmaco in relazione agli interventi pubblici \u00e8 molto disordinato \u2013 ha detto \u2013 abbiamo due tetti: quello ospedaliero e quello territoriale. Continuiamo a tenerli separati o dobbiamo uniformarli?\u201d C\u2019\u00e8 poi la difformit\u00e0 tra le regioni: \u201cE\u2019 uno dei grandi problemi, non c\u2019\u00e8 la certezza delle regole, una norma pu\u00f2 essere intrepretatati in 21 modi differenti. Questo non sta in piedi neanche per il bilancio pubblico\u201d. Altro punto da chiarire \u00e8 perch\u00e9 le regioni non mettono a gara i farmaci generici. Cos\u00ec come il \u00a0patent linkage \u00e8 uno strumento ingiusto.<br \/>\nLa senatrice ha poi toccato il tema dei biosimilari \u201c\u00e8 un tema clamoroso sul quale c\u2019\u00e8 una barriera che non \u00e8 solo di diffidenza. Su questo le Regioni dovrebbero ragionare\u201d.<\/p>\n<p>\u201cSe vogliamo aprire al generico \u00a0&#8211; ha poi aggiunto \u2013 abbiamo una grande occasione alla luce della scadenza di molti brevetti. Una fascia di produzione che non interesser\u00e0 pi\u00f9 la grande industria. Si aprono viceversa con la farmaceutica territoriale delle grandi possibilit\u00e0. Dal punto di vista industriale il pianeta del generico si pu\u00f2 rinforzare solo a condizione che si apra al mondo esterno e anche alla ricerca. Soprattutto usciamo dal luogo comune che il generico sia un farmaco di seri B \u2013 ha aggiunto \u2013 il tema dell\u2019industria farmaceutica nel nostro paese non pu\u00f2 essere accessorio, non possiamo pi\u00f9 pensare che il generico venga utilizzato perch\u00e9 c\u2019\u00e8 la crisi e costa meno. Bisogna elevarlo e dargli dignit\u00e0\u201d.<\/p>\n<p><a href=\"http:\/\/www.quotidianosanita.it\/scienza-e-farmaci\/articolo.php?approfondimento_id=6192\" target=\"_blank\" rel=\"noopener\"><span class=\"testo_rosso_data\" style=\"color: #0000ff;\">05 maggio 2015 &#8211; quotidianosanit\u00e0<\/span><\/a><\/p>\n<h1><span style=\"color: #ff0000;\"><strong>Messina (Federanziani)<\/strong>: \u201cS\u00ec a generici ma con attenzione. Sono farmaci non caramelle\u201d<\/span><\/h1>\n<p><span class=\"testo_rosso_data\">5<img decoding=\"async\" class=\"alignleft\" src=\"http:\/\/www.quotidianosanita.it\/img_prima\/front9340954.jpg\" alt=\"\" \/> MAG<\/span> &#8211; \u201cPremesso che FederAnziani Senior Italia \u00e8 sempre stata e rester\u00e0 a favore dei farmaci equivalenti, <strong>siamo dispiaciuti di leggere comunicati stampa che vantano ipotetici risparmi per miliardi di euro<\/strong> che discenderebbero da un utilizzo pi\u00f9 diffuso dei farmaci equivalenti e che omettono, invece, ogni riferimento ai disagi e ai costi che lo Stato e i cittadini devono sopportare proprio a causa del diffuso zapping sui farmaci generici\u201d. Lo dichiara <strong>Roberto Messina<\/strong>, Presidente di FederAnziani Senior Italia.<\/p>\n<p>\u201cQuesti disagi e questi costi \u2013 prosegue Messina &#8211; emergono oramai chiaramente da tante ricerche, come quelle condotte da FederAnziani e recentemente dall\u2019<a href=\"http:\/\/www.iodonna.it\/attualita\/vivere-meglio\/2015\/donne-farmaci-generici-onda-50262018365.shtml\" target=\"_blank\" rel=\"noopener\"><span style=\"color: #0000ff;\">Osservatorio Nazionale sulla Salute della Donna<\/span><\/a> che, in uno studio finanziato proprio da un\u2019azienda produttrice di farmaci equivalenti, ha dimostrato che passare a un medicinale generico diverso da quello assunto abitualmente comporta problemi dovuti soprattutto alle diversit\u00e0 della confezione e del farmaco in s\u00e9. La sostituzione del farmaco generico con un altro generico, ci informano i ricercatori di Onda, determina\u00a0il diffondersi di comportamenti scorretti tra i pazienti, che possono impattare seriamente sull\u2019aderenza alla terapia e quindi sull\u2019esito della stessa, con conseguenti peggioramenti nello stato di salute dei malati cronici\u201d.<\/p>\n<p>Se esiste, come la stessa associazione dei produttori di farmaci equivalenti ammette,\u00a0un\u00a0&#8216;vuoto informativo&#8217; tra medico e produttori di\u00a0farmaci generici, il modo migliore per colmare questo gap \u00e8 fare informazione scientifica presso i medici stessi, e non adottare formule di marketing o lanciare campagne pubblicitarie per vendere pi\u00f9 farmaci come fossero caramelle. Il farmaco \u2013 conclude Messina &#8211; \u00e8 una sostanza chimica e si assume quando lo prescrive il medico, senza dover essere costretti a cambiare confezione ogni giorno (zapping) a causa di condizionamenti esterni che nulla hanno a che vedere con le scelte terapeutiche\u201d.<\/p>\n<p><a href=\"http:\/\/www.quotidianosanita.it\/scienza-e-farmaci\/articolo.php?approfondimento_id=6194\" target=\"_blank\" rel=\"noopener\"><span class=\"testo_rosso_data\" style=\"color: #0000ff;\">05 maggio 2015 &#8211; quotidianosanit\u00e0<\/span><\/a><\/p>\n<h3 id=\"h3_311832\" class=\"ui-accordion-header ui-helper-reset ui-state-active ui-corner-top\" tabindex=\"0\"><a href=\"http:\/\/www.agensir.it\/pls\/sir\/v4_s2doc_b.quotidiano?id_oggetto=311832&amp;tema=Quotidiano&amp;argomento=dettaglio\" target=\"_blank\" rel=\"noopener\"><span class=\"quotidiano_preocchiello\"><b>FARMACI GENERICI:<\/b><\/span> <span class=\"quotidiano_titolo\">GAUDIOSO (CITTADINANZATTIVA), &#8220;TRASPARENZA ED EMPOWERMENT&#8221;<\/span><\/a><\/h3>\n<div id=\"docscroll_311832\" class=\"ui-accordion-content ui-helper-reset ui-widget-content ui-corner-bottom ui-accordion-content-active\">\n<div id=\"quotcons_311832\"><span class=\"quotidiano_testo\">&#8220;Trasparenza ed empowerment perch\u00e9 le risorse devono restare nel sistema&#8221;: per Antonio Gaudioso (Cittadinanzattiva) \u00e8 questo il mix per promuovere in Italia il mercato dei farmaci generici e biosimilari, &#8220;una straordinaria opportunit\u00e0 per il nostro Paese, in cui molti passi in avanti sono stati fatti ma a velocit\u00e0 troppo bassa&#8221;. Intervenendo questa mattina a Roma (Sala capitolina del Senato) al convegno &#8220;Il sistema dei farmaci generici. Scenario per una crescita sostenibile&#8221;, Gaudioso ha sottolineato anche i dubbi dei cittadini sull\u2018affidabilit\u00e0 di questi farmaci: &#8220;Serve &#8211; ha concluso &#8211; una corretta presa in carico di carattere informativo da parte dei medici di famiglia e dei farmacisti&#8221;. Per Maurizio Scassola (Federazione nazionale ordini medici chirurghi e odontoiatri &#8211; Fnomceo), i farmaci generici &#8220;sono un aspetto del problema, ma la questione pi\u00f9 grossa \u00e8 quella dell\u2018appropriatezza della medicina prescrittiva: diagnostica e prescrizione cure. Occorre un maggiore coinvolgimento dei medici, un percorso formativo di eccellenza e una visione pi\u00f9 ampia&#8221;. Per Emilia Grazia De Biasi, Commissione igiene e sanit\u00e0 Senato, il farmaco generico sconta le chiusure all\u2018innovazione e la mancanza di una normativa omogenea su tutto il territorio nazionale. (<a href=\"http:\/\/www.agensir.it\/sir\/documenti\/2015\/05\/00311832_farmaci_generici_gaudioso_cittadinanzatti.html\" target=\"_blank\" rel=\"noopener\"><span style=\"color: #0000ff;\">AgenSIR<\/span><\/a>)<\/span><\/div>\n<\/div>","protected":false},"excerpt":{"rendered":"<p>Siamo dispiaciuti di leggere comunicati stampa che vantano ipotetici risparmi per miliardi di euro che discenderebbero da un utilizzo pi\u00f9 diffuso dei farmaci equivalenti e che omettono, invece, ogni riferimento ai disagi e ai costi che lo Stato e i cittadini devono sopportare proprio a causa del diffuso zapping sui farmaci generici\u201d. Lo dichiara Roberto &hellip;<\/p>","protected":false},"author":4,"featured_media":4719,"comment_status":"closed","ping_status":"closed","sticky":false,"template":"","format":"standard","meta":{"footnotes":""},"categories":[1],"tags":[31],"class_list":["post-18587","post","type-post","status-publish","format-standard","has-post-thumbnail","hentry","category-notizie","tag-generici"],"amp_enabled":true,"_links":{"self":[{"href":"https:\/\/www.fedaiisf.it\/en\/wp-json\/wp\/v2\/posts\/18587","targetHints":{"allow":["GET"]}}],"collection":[{"href":"https:\/\/www.fedaiisf.it\/en\/wp-json\/wp\/v2\/posts"}],"about":[{"href":"https:\/\/www.fedaiisf.it\/en\/wp-json\/wp\/v2\/types\/post"}],"author":[{"embeddable":true,"href":"https:\/\/www.fedaiisf.it\/en\/wp-json\/wp\/v2\/users\/4"}],"replies":[{"embeddable":true,"href":"https:\/\/www.fedaiisf.it\/en\/wp-json\/wp\/v2\/comments?post=18587"}],"version-history":[{"count":0,"href":"https:\/\/www.fedaiisf.it\/en\/wp-json\/wp\/v2\/posts\/18587\/revisions"}],"wp:featuredmedia":[{"embeddable":true,"href":"https:\/\/www.fedaiisf.it\/en\/wp-json\/wp\/v2\/media\/4719"}],"wp:attachment":[{"href":"https:\/\/www.fedaiisf.it\/en\/wp-json\/wp\/v2\/media?parent=18587"}],"wp:term":[{"taxonomy":"category","embeddable":true,"href":"https:\/\/www.fedaiisf.it\/en\/wp-json\/wp\/v2\/categories?post=18587"},{"taxonomy":"post_tag","embeddable":true,"href":"https:\/\/www.fedaiisf.it\/en\/wp-json\/wp\/v2\/tags?post=18587"}],"curies":[{"name":"wp","href":"https:\/\/api.w.org\/{rel}","templated":true}]}}