{"id":18726,"date":"2015-05-08T09:37:38","date_gmt":"2015-05-08T07:37:38","guid":{"rendered":"http:\/\/www.fedaiisf.it\/?p=18726"},"modified":"2015-05-08T18:41:06","modified_gmt":"2015-05-08T16:41:06","slug":"farmaci-lorenzin-firma-decreto-segnalare-reazioni-avverse-entro-3648-ore","status":"publish","type":"post","link":"https:\/\/www.fedaiisf.it\/en\/farmaci-lorenzin-firma-decreto-segnalare-reazioni-avverse-entro-3648-ore\/","title":{"rendered":"Farmaci: Lorenzin firma decreto, segnalare reazioni avverse entro 36\/48 ore"},"content":{"rendered":"<p>R<img decoding=\"async\" class=\"alignleft\" src=\"http:\/\/www.eurobis.it\/wp-content\/uploads\/2015\/03\/10341455_750642228330083_6473365021671378225_n.jpg\" alt=\"\" \/>oma, 8 apr. (AdnKronos Salute) &#8211; Firmato dal ministro della Salute, Beatrice Lorenzin, il decreto che grazie a nuove procedure operative e soluzioni tecniche, attua un&#8217;azione pi\u00f9 efficace di farmacovigilanza. Ora i medici e gli altri operatori sanitari sono tenuti a segnalare le sospette reazioni avverse entro 36\/48 ore.<\/p>\n<p>In dettaglio nel provvedimento &#8211; che costituisce il recepimento della direttiva 2010\/84\/Ue di modifica della direttiva 2001\/83\/Ce &#8211; viene previsto che i medici e gli altri operatori sanitari nell&#8217;ambito della propria attivit\u00e0 sono tenuti a segnalare, in modo completo e secondo le modalit\u00e0 individuate in un modello di segnalazione predisposto dalla Agenzia italiana del farmaco entro due giorni, le sospette reazioni avverse da medicinali; non oltre le 36 ore da quando ne sono venuti a conoscenza, le sospette reazioni avverse da medicinali di origine biologica (vaccini per esempio).<\/p>\n<p>&#8220;In un sistema gi\u00e0 efficace &#8211; dichiara il ministro Lorenzin &#8211; con questo decreto ho mantenuto l&#8217;impegno assunto per rendere ancora pi\u00f9 rigoroso e stringente, anche sul piano della tempistica, il sistema di farmacovigilanza affinch\u00e9 non abbiano pi\u00f9 a ripetersi situazioni, come quella dello scorso anno sui vaccini antinfluenzali, in cui &#8211; conclude &#8211; presunte sospette reazioni avverse hanno ingenerato nella popolazione una vera e propria psicosi, con conseguente riduzione del numero di vaccinati e aumento delle persone esposte a complicanze, purtroppo in tantissimi casi letali&#8221;.<\/p>\n<p><a href=\"http:\/\/www.panorama.it\/scienza\/salute\/farmaci-lorenzin-firma-decreto-segnalare-reazioni-avverse-entro-3648-ore\/\" target=\"_blank\" rel=\"noopener\"><span style=\"color: #0000ff;\">8 maggio 2015 &#8211; PANORAMA<\/span><\/a><\/p>\n<div class=\"box-top\">\n<h2 class=\"block-title\">Attachments<\/h2>\n<\/div>\n<div class=\"block-content\">\n<div class=\"field field-type-filefield field-field-allegati\">\n<div class=\"field-items\">\n<div class=\"field-item odd\">\n<div class=\"filefield-file\"><img decoding=\"async\" class=\"filefield-icon field-icon-application-pdf\" src=\"http:\/\/www.agenziafarmaco.gov.it\/sites\/all\/modules\/filefield\/icons\/application-pdf.png\" alt=\"application\/pdf icon\" \/><a title=\"Comunicazione_18.02.2015.pdf\" href=\"http:\/\/www.agenziafarmaco.gov.it\/sites\/default\/files\/Comunicazione_18.02.2015_0.pdf\" target=\"_blank\" type=\"application\/pdf; length=104769\" rel=\"noopener\">Nuove modalit\u00e0 di gestione per le segnalazioni di ADR &#8211; Aggiornamento (Febbraio 2015)<\/a><\/div>\n<\/div>\n<div class=\"field-item even\">\n<div class=\"filefield-file\"><img decoding=\"async\" class=\"filefield-icon field-icon-application-pdf\" src=\"http:\/\/www.agenziafarmaco.gov.it\/sites\/all\/modules\/filefield\/icons\/application-pdf.png\" alt=\"application\/pdf icon\" \/><a title=\"Documento_tecnico_18.02.2015.pdf\" href=\"http:\/\/www.agenziafarmaco.gov.it\/sites\/default\/files\/Documento_tecnico_18.02.2015_0.pdf\" target=\"_blank\" type=\"application\/pdf; length=457030\" rel=\"noopener\">Documento tecnico sulle modifiche apportate alla Rete Nazionale di Farmacovigilanza (RNF) (Febbraio 2015)<\/a><\/div>\n<\/div>\n<div class=\"field-item odd\">\n<div class=\"filefield-file\"><img decoding=\"async\" class=\"filefield-icon field-icon-application-pdf\" src=\"http:\/\/www.agenziafarmaco.gov.it\/sites\/all\/modules\/filefield\/icons\/application-pdf.png\" alt=\"application\/pdf icon\" \/><a title=\"nuove_modalit\u00e0_gestione_adr_feb2014.pdf\" href=\"http:\/\/www.agenziafarmaco.gov.it\/sites\/default\/files\/nuove_modalit%C3%A0_gestione_adr_feb2014_0.pdf\" target=\"_blank\" type=\"application\/pdf; length=90414\" rel=\"noopener\">Modalit\u00e0 di gestione per le segnalazioni di ADR (Febbraio 2014)<\/a><\/div>\n<\/div>\n<div class=\"field-item even\">\n<div class=\"filefield-file\"><img decoding=\"async\" class=\"filefield-icon field-icon-application-pdf\" src=\"http:\/\/www.agenziafarmaco.gov.it\/sites\/all\/modules\/filefield\/icons\/application-pdf.png\" alt=\"application\/pdf icon\" \/><a title=\"PRECISAZIONI_MAH_25072013.pdf\" href=\"http:\/\/www.agenziafarmaco.gov.it\/sites\/default\/files\/PRECISAZIONI_MAH_25072013_0.pdf\" target=\"_blank\" type=\"application\/pdf; length=77396\" rel=\"noopener\">Precisazione AIFA sulla gestione delle segnalazioni di sospette reazioni avverse italiane da parte dei titolari di AIC (Luglio 2013)<\/a><\/div>\n<\/div>\n<div class=\"field-item odd\">\n<div class=\"filefield-file\"><img decoding=\"async\" class=\"filefield-icon field-icon-application-pdf\" src=\"http:\/\/www.agenziafarmaco.gov.it\/sites\/all\/modules\/filefield\/icons\/application-pdf.png\" alt=\"application\/pdf icon\" \/><a title=\"comunicato_ex_galenici_psur_agg__dic2012_versii.pdf\" href=\"http:\/\/www.agenziafarmaco.gov.it\/sites\/default\/files\/comunicato_ex_galenici_psur_agg__dic2012_versii_0.pdf\" target=\"_blank\" type=\"application\/pdf; length=149665\" rel=\"noopener\">Precisazioni AIFA sulla tipologia di medicinali esentati dalla presentazione dello PSUR (Dicembre 2012)<\/a><\/div>\n<\/div>\n<div class=\"field-item even\">\n<div class=\"filefield-file\"><img decoding=\"async\" class=\"filefield-icon field-icon-application-pdf\" src=\"http:\/\/www.agenziafarmaco.gov.it\/sites\/all\/modules\/filefield\/icons\/application-pdf.png\" alt=\"application\/pdf icon\" \/><a title=\"precisazioni_aifa_luglio2012.pdf\" href=\"http:\/\/www.agenziafarmaco.gov.it\/sites\/default\/files\/precisazioni_aifa_luglio2012_2.pdf\" target=\"_blank\" type=\"application\/pdf; length=281434\" rel=\"noopener\">Precisazioni AIFA su nuova normativa di Farmacovigilanza &#8211; rev1 (Luglio 2012)<\/a><\/div>\n<\/div>\n<div class=\"field-item odd\">\n<div class=\"filefield-file\"><img decoding=\"async\" class=\"filefield-icon field-icon-application-pdf\" src=\"http:\/\/www.agenziafarmaco.gov.it\/sites\/all\/modules\/filefield\/icons\/application-pdf.png\" alt=\"application\/pdf icon\" \/><a title=\"FAQ_Maggio_2014.pdf\" href=\"http:\/\/www.agenziafarmaco.gov.it\/sites\/default\/files\/FAQ_Maggio_2014_0.pdf\" target=\"_blank\" type=\"application\/pdf; length=158272\" rel=\"noopener\">Documento di domande e risposte AIFA (Maggio 2014)<\/a><\/div>\n<\/div>\n<div class=\"field-item even\">\n<div class=\"filefield-file\"><img decoding=\"async\" class=\"filefield-icon field-icon-application-pdf\" src=\"http:\/\/www.agenziafarmaco.gov.it\/sites\/all\/modules\/filefield\/icons\/application-pdf.png\" alt=\"application\/pdf icon\" \/><a title=\"qa_rev02_nov2012.pdf\" href=\"http:\/\/www.agenziafarmaco.gov.it\/sites\/default\/files\/qa_rev02_nov2012_0.pdf\" target=\"_blank\" type=\"application\/pdf; length=379988\" rel=\"noopener\">Documento di domande e risposte EMA (Novembre 2012)<\/a><\/div>\n<\/div>\n<div class=\"field-item odd\">\n<div class=\"filefield-file\"><img decoding=\"async\" class=\"filefield-icon field-icon-application-pdf\" src=\"http:\/\/www.agenziafarmaco.gov.it\/sites\/all\/modules\/filefield\/icons\/application-pdf.png\" alt=\"application\/pdf icon\" \/><a title=\"2012-07_qa_transitional_en.pdf\" href=\"http:\/\/www.agenziafarmaco.gov.it\/sites\/default\/files\/2012-07_qa_transitional_en.pdf\" target=\"_blank\" type=\"application\/pdf; length=34155\" rel=\"noopener\">Documento di domande e risposte Commissione Europea (Luglio 2012)<\/a><\/div>\n<div class=\"filefield-file\"><\/div>\n<div class=\"filefield-file\">Related news:\u00a0<a href=\"http:\/\/www.quotidianosanita.it\/governo-e-parlamento\/articolo.php?articolo_id=27894\" target=\"_blank\" rel=\"noopener\"><span style=\"color: #0000ff;\">Intervista a Lorenzin: \u201cIl Patto per la Salute va avanti e dal 2016 il fondo sanitario torner\u00e0 a crescere. Nessun aumento dei ticket. Decreto legge per riforma Iss, Agenas e Aifa\u201d. Comma 566 la parola d\u2019ordine \u00e8 \u201cconcertazione\u201d<\/span><\/a><\/div>\n<\/div>\n<\/div>\n<\/div>\n<\/div>","protected":false},"excerpt":{"rendered":"<p>Roma, 8 apr. (AdnKronos Salute) &#8211; Firmato dal ministro della Salute, Beatrice Lorenzin, il decreto che grazie a nuove procedure operative e soluzioni tecniche, attua un&#8217;azione pi\u00f9 efficace di farmacovigilanza. Ora i medici e gli altri operatori sanitari sono tenuti a segnalare le sospette reazioni avverse entro 36\/48 ore. In dettaglio nel provvedimento &#8211; che &hellip;<\/p>","protected":false},"author":4,"featured_media":3026,"comment_status":"closed","ping_status":"closed","sticky":false,"template":"","format":"standard","meta":{"footnotes":""},"categories":[1],"tags":[55],"class_list":["post-18726","post","type-post","status-publish","format-standard","has-post-thumbnail","hentry","category-notizie","tag-farmacovigilanza"],"amp_enabled":true,"_links":{"self":[{"href":"https:\/\/www.fedaiisf.it\/en\/wp-json\/wp\/v2\/posts\/18726","targetHints":{"allow":["GET"]}}],"collection":[{"href":"https:\/\/www.fedaiisf.it\/en\/wp-json\/wp\/v2\/posts"}],"about":[{"href":"https:\/\/www.fedaiisf.it\/en\/wp-json\/wp\/v2\/types\/post"}],"author":[{"embeddable":true,"href":"https:\/\/www.fedaiisf.it\/en\/wp-json\/wp\/v2\/users\/4"}],"replies":[{"embeddable":true,"href":"https:\/\/www.fedaiisf.it\/en\/wp-json\/wp\/v2\/comments?post=18726"}],"version-history":[{"count":0,"href":"https:\/\/www.fedaiisf.it\/en\/wp-json\/wp\/v2\/posts\/18726\/revisions"}],"wp:featuredmedia":[{"embeddable":true,"href":"https:\/\/www.fedaiisf.it\/en\/wp-json\/wp\/v2\/media\/3026"}],"wp:attachment":[{"href":"https:\/\/www.fedaiisf.it\/en\/wp-json\/wp\/v2\/media?parent=18726"}],"wp:term":[{"taxonomy":"category","embeddable":true,"href":"https:\/\/www.fedaiisf.it\/en\/wp-json\/wp\/v2\/categories?post=18726"},{"taxonomy":"post_tag","embeddable":true,"href":"https:\/\/www.fedaiisf.it\/en\/wp-json\/wp\/v2\/tags?post=18726"}],"curies":[{"name":"wp","href":"https:\/\/api.w.org\/{rel}","templated":true}]}}