{"id":18781,"date":"2015-05-10T12:50:50","date_gmt":"2015-05-10T10:50:50","guid":{"rendered":"http:\/\/www.fedaiisf.it\/?p=18781"},"modified":"2015-05-10T12:50:50","modified_gmt":"2015-05-10T10:50:50","slug":"farmacie-ddl-concorrenza-indagine-tra-i-primi-player-distribuzione-intermedia-e-sanita-ambulatoriale","status":"publish","type":"post","link":"https:\/\/www.fedaiisf.it\/en\/farmacie-ddl-concorrenza-indagine-tra-i-primi-player-distribuzione-intermedia-e-sanita-ambulatoriale\/","title":{"rendered":"Pharmacies. Competition bill, survey: intermediate distribution and outpatient healthcare among the top players"},"content":{"rendered":"<p><b>FarmacistaPi\u00f9, Pani attacca su mancata remunerazione: i capitali entrano perch\u00e9 li avete lasciati entrare<\/b><\/p>\n<p><img decoding=\"async\" class=\"alignleft\" src=\"http:\/\/www.farmacista33.it\/cont\/files\/FORMATO%20F33\/croce%20farmacia.jpg\" alt=\"Ddl concorrenza, indagine: tra i primi player distribuzione intermedia e sanit\u00e0 ambulatoriale\" \/>Una prima spinta all&#8217;ingresso del capitale in farmacia pu\u00f2 arrivare, nel breve periodo, dalla distribuzione intermedia, sia capitalistica sia cooperativa, e dalla sanit\u00e0 ambulatoriale, che pu\u00f2 essere interessata a costituire reti nelle vicinanze dei propri punti di accesso, mentre un&#8217;azione dalle banche potrebbe richiedere tempi pi\u00f9 lunghi e la Gdo sembra meno interessata al momento in mancanza di interventi sulla pianta organica.<\/p>\n<p>Questi alcuni degli spunti emersi nel corso dell&#8217;intervento &#8220;Ddl concorrenza: un nuovo scenario per la farmacia e per la professione del farmacista con l&#8217;ingresso del capitale&#8221; di Erika Mallarini, Public Management &amp; Policy Departement, Sda Bocconi, nella cornice di Farmacista Pi\u00f9, in corso a Milano, durante il quale \u00e8 stato presentato il risultato di un&#8217;indagine condotta su 32 paesi che ha confrontato che cosa accade in presenza o in assenza del capitale nell&#8217;ambito delle farmacie e ha effettuato interviste a 80 player istituzionali (30 nazionali e 50 internazionali) coinvolti nel processo di liberalizzazione.<\/p>\n<p>\u00abIn tutta Europa\u00bb spiega \u00able farmacie indipendenti sono il 54%, mentre il resto \u00e8 collegato a gruppi, con un 27% rappresentato dalle catene virtuali, 16% dalle catene proprietarie &#8211; di queste il 46% ha pi\u00f9 di 50 punti vendita &#8211; e 4% farmacie pubbliche. Con una gran parte degli attori che sono quelli gi\u00e0 presenti in Italia\u00bb. \u00abIn termini di tipologie di propriet\u00e0\u00bb dall&#8217;indagine emerge che \u00abla pi\u00f9 forte spinta all&#8217;ingresso del capitale in farmacia deriva dalle banche: in una situazione di circa 5.000 farmacie in sofferenza, sono almeno 3000 quelle di cui sono riconosciuti crediti inesigibili.<\/p>\n<p>L<img decoding=\"async\" class=\"alignright\" src=\"http:\/\/www.farmacistapiu.it\/media\/2\/2801\/logo_farmacista_piu.gif\" alt=\"Farmacista pi\u00f9\" \/>&#8216;operazione potrebbe avvenire attraverso la creazione di private equity, ma certamente non realizzarsi in tempi brevi\u00bb. Azione pi\u00f9 immediata pu\u00f2 essere quella della \u00abdistribuzione intermedia, sia capitalista sia cooperativa, sotto la motivazione del rientro dei crediti e, per le cooperative, anche della tutela delle farmacie: questi sono i soggetti che a breve termine &#8211; se il decreto rimane cos\u00ec com&#8217;\u00e8, cio\u00e8 senza porre limitazioni a questo livello &#8211; probabilmente potrebbero andare a creare le prime reti, mentre per quanto riguarda la grande distribuzione in assenza di modifiche alla pianta organica difficilmente pu\u00f2 essere fortemente motivata\u00bb.<\/p>\n<p>Invece, \u00abci sono gi\u00e0 i piani strategici di aziende che appartengono alla sanit\u00e0 ambulatoriale, che stanno valutando di attivare reti di propriet\u00e0 soprattutto nelle aree dei loro punti prelievi e di accesso\u00bb. Ma in generale, \u00e8 la conclusione, \u00abnon basta aprire al capitale per dire che si creeranno delle reti: a determinare l&#8217;evoluzione in questa direzione \u00e8 il sistema complessivo in cui la liberalizzazione avviene, che comprende variabili come pianta organica, eventuali limitazioni alla propriet\u00e0, e cos\u00ec via\u00bb.<\/p>\n<p><a href=\"http:\/\/www.farmacista33.it\/ddl-concorrenza-indagine-tra-i-primi-player-distribuzione-intermedia-e-sanita-ambulatoriale\/politica-e-sanita\/news--31468.html?xrtd=LXPLRVPCCLCPVAPACLTTS\" target=\"_blank\" rel=\"noopener\"><span style=\"color: #0000ff;\">Francesca Giani &#8211;\u00a0Domenica, 10 Maggio 2015 &#8211; Farmacista33<\/span><\/a><\/p>\n<h2 id=\"cont_art_title\"><span style=\"color: #ff0000;\">Pani attacca su mancata remunerazione: i capitali entrano perch\u00e9 li avete lasciati entrare<\/span><\/h2>\n<p><img decoding=\"async\" class=\"alignleft\" src=\"http:\/\/www.farmacista33.it\/cont\/files\/Personaggi\/pani%20new.jpg\" alt=\"FarmacistaPi\u00f9, Pani attacca su mancata remunerazione: i capitali entrano perch\u00e9 li avete lasciati entrare\" \/>\u00abL&#8217;accordo sulla remunerazione era chiuso, ma i farmacisti non hanno detto chiaro e tondo al ministero dell&#8217;Economia e delle Finanze come l&#8217;accordo fosse vincolante in termini di legge\u00bb.\u00a0 Cos\u00ec il direttore generale dell&#8217;Agenzia italiana del farmaco <b>Luke Pani<\/b> si rivolge alla platea di farmacisti convenuta alla tavola rotonda di FarmacistaPi\u00f9 sul Ddl Concorrenza.<\/p>\n<p>Un&#8217;accusa di mancato coraggio della categoria, che chiama in causa neanche troppo velatamente Federfarma, che dell&#8217;accordo siglato con l&#8217;Aifa il 16 ottobre 2012 era stata artefice. Da quella data non si \u00e8 mai arrivati a portare a compimento la riforma e si \u00e8 entrati in un vortice di proroghe, che adesso vede la remunerazione ancora al palo e in attesa di essere definita. Ora il tema \u00e8 passato sul tavolo della trattativa con le Regioni, all&#8217;interno del rinnovo della Convenzione.<\/p>\n<p>\u00abDobbiamo fare in modo che nel piatto entrino anche innovativi e distribuzione diretta\u00bb ha ricordato recentemente il presidente Racca \u00abaltrimenti si concretizzerebbe una riforma della remunerazione che non risolverebbe i problemi della farmacia di oggi\u00bb. Ma ormai \u00e8 tardi, sottolinea Pani. \u00abL&#8217;accordo avrebbe riconosciuto alle farmacie una porzione ma non \u00e8 stato fatto lo sforzo imprenditoriale necessario. Con il risultato\u00bb aggiunge Pani \u00abche ora entrano i capitali e non si pu\u00f2 pi\u00f9 tornare indietro. I capitali entrano perch\u00e9 li avete lasciati entrare\u00bb conclude il direttore generale di Aifa.<\/p>\n<p><a href=\"http:\/\/www.farmacista33.it\/farmacistapiu-pani-attacca-su-mancata-remunerazione-i-capitali-entrano-perche-li-avete-lasciati-entrare\/politica-e-sanita\/news--31470.html?xrtd=LXPLRVPCCLCPVAPACLTTS\" target=\"_blank\" rel=\"noopener\"><span style=\"color: #0000ff;\">Domenica, 10 Maggio 2015 &#8211; Farmacista33<\/span><\/a><\/p>\n<p><a href=\"http:\/\/www.farmacistapiu.it\/media\/2015\/programma\/farmacistapiu_programma2015.pdf\" target=\"_blank\" rel=\"noopener\"><span style=\"color: #0000ff;\">FarmacistaPi\u00f9. Il programma<\/span><\/a><\/p>\n<h3><span style=\"color: #ff0000;\">L&#8217;EVENTO<\/span><\/h3>\n<p><a href=\"http:\/\/www.farmacistapiu.it\/2015\/l-evento\/\" target=\"_blank\" rel=\"noopener\"><span style=\"color: #0000ff;\"><strong>FarmacistaPi\u00f9 2015<\/strong><\/span><\/a>: la trasformazione della professione \u00e8 il punto focale della Manifestazione Culturale, voluta dalla\u00a0<strong>Fondazione Francesco Cannav\u00f2<\/strong>, patrocinata da<strong>FOFI<\/strong><strong>, <\/strong><strong>Farmindustria, Assogenerici, Assosalute, Regione Lombardia<\/strong><strong>\u00a0<\/strong>e organizzata da\u00a0<strong>EDRA LSWR<\/strong>\u00a0che si terr\u00e0 presso Fiera\u00a0<strong>Milanocity<\/strong>\u00a0dall\u2019<strong>8 al 10 maggio 2015<\/strong>.<br \/>\nPer superare le difficolt\u00e0 del settore \u00e8 indispensabile un\u2019evoluzione del\u00a0<strong>Ruolo<\/strong>\u00a0and some<strong>Competenze<\/strong>\u00a0of the\u00a0<strong>Pharmacist<\/strong>; grazie al programma del\u00a0<strong>Comitato Scientifico<\/strong>, che raccoglie le pi\u00f9 alte professionalit\u00e0 dell\u2019area, e alle soluzioni concrete fornite dai\u00a0<strong>Percorsi della Specializzazione<\/strong>, FarmacistaPi\u00f9 d\u00e0 un contributo fondamentale al<strong>\u00a0Futuro della Professione<br \/>\n<\/strong><\/p>\n<p>\u201cSiamo certi che, in occasione della seconda edizione, concomitante con Expo 2015\u201d sottolinea\u00a0<strong>Andrea Mandelli<\/strong>, presidente FOFI, \u201cavremo modo di rendere ancora pi\u00f9 efficace e pi\u00f9 appagante per i partecipanti tutta l\u2019organizzazione dell\u2019evento. Una seconda edizione che si arricchisce anche della valutazione dei risultati dei processi che abbiamo avviato nel numero zero, al quale saremo sempre affezionati, e che ha potuto essere di elevato spessore culturale anche grazie al lavoro del\u00a0<strong>Comitato Scientifico<\/strong>.\u201d<\/p>\n<p>Related news:\u00a0<a href=\"http:\/\/www.quotidianosanita.it\/lavoro-e-professioni\/articolo.php?articolo_id=27958\" target=\"_blank\" rel=\"noopener\"><span style=\"color: #0000ff;\">La tavola rotonda della Fofi.\u00a0\u00a0Politica, cittadini ed economisti a confronto. \u201cUn cambiamento da governare\u201d<\/span><\/a><\/p>","protected":false},"excerpt":{"rendered":"<p>FarmacistaPi\u00f9, Pani attacca su mancata remunerazione: i capitali entrano perch\u00e9 li avete lasciati entrare Una prima spinta all&#8217;ingresso del capitale in farmacia pu\u00f2 arrivare, nel breve periodo, dalla distribuzione intermedia, sia capitalistica sia cooperativa, e dalla sanit\u00e0 ambulatoriale, che pu\u00f2 essere interessata a costituire reti nelle vicinanze dei propri punti di accesso, mentre un&#8217;azione dalle &hellip;<\/p>","protected":false},"author":4,"featured_media":18788,"comment_status":"closed","ping_status":"closed","sticky":false,"template":"","format":"standard","meta":{"footnotes":""},"categories":[1],"tags":[],"class_list":["post-18781","post","type-post","status-publish","format-standard","has-post-thumbnail","hentry","category-notizie"],"amp_enabled":true,"_links":{"self":[{"href":"https:\/\/www.fedaiisf.it\/en\/wp-json\/wp\/v2\/posts\/18781","targetHints":{"allow":["GET"]}}],"collection":[{"href":"https:\/\/www.fedaiisf.it\/en\/wp-json\/wp\/v2\/posts"}],"about":[{"href":"https:\/\/www.fedaiisf.it\/en\/wp-json\/wp\/v2\/types\/post"}],"author":[{"embeddable":true,"href":"https:\/\/www.fedaiisf.it\/en\/wp-json\/wp\/v2\/users\/4"}],"replies":[{"embeddable":true,"href":"https:\/\/www.fedaiisf.it\/en\/wp-json\/wp\/v2\/comments?post=18781"}],"version-history":[{"count":0,"href":"https:\/\/www.fedaiisf.it\/en\/wp-json\/wp\/v2\/posts\/18781\/revisions"}],"wp:featuredmedia":[{"embeddable":true,"href":"https:\/\/www.fedaiisf.it\/en\/wp-json\/wp\/v2\/media\/18788"}],"wp:attachment":[{"href":"https:\/\/www.fedaiisf.it\/en\/wp-json\/wp\/v2\/media?parent=18781"}],"wp:term":[{"taxonomy":"category","embeddable":true,"href":"https:\/\/www.fedaiisf.it\/en\/wp-json\/wp\/v2\/categories?post=18781"},{"taxonomy":"post_tag","embeddable":true,"href":"https:\/\/www.fedaiisf.it\/en\/wp-json\/wp\/v2\/tags?post=18781"}],"curies":[{"name":"wp","href":"https:\/\/api.w.org\/{rel}","templated":true}]}}