{"id":18813,"date":"2015-05-12T11:20:03","date_gmt":"2015-05-12T09:20:03","guid":{"rendered":"http:\/\/www.fedaiisf.it\/?p=18813"},"modified":"2015-05-12T11:20:03","modified_gmt":"2015-05-12T09:20:03","slug":"liberi-farmacisti-vogliamo-i-nomi-dei-titolari-in-difficolta","status":"publish","type":"post","link":"https:\/\/www.fedaiisf.it\/en\/liberi-farmacisti-vogliamo-i-nomi-dei-titolari-in-difficolta\/","title":{"rendered":"Liberi farmacisti: vogliamo i nomi dei titolari in difficolt\u00e0"},"content":{"rendered":"<p><img decoding=\"async\" class=\"alignleft\" src=\"http:\/\/www.impresamia.com\/wp-content\/uploads\/2014\/11\/mnlf.jpg\" alt=\"\" \/>A FarmacistaPi\u00f9 non poteva mancare la voce pi\u00f9 polemica della categoria, quella di <b>Vincenzo Devito<\/b> e dei Liberi Farmacisti, che da due decenni lottano per la liberalizzazione del settore. \u00abNon ho capito cosa si vuole fare ora con il Ddl concorrenza: se entra il capitale in un regime di monopolio, nasce un oligopolio\u00bb, ha esordito il presidente del Mnlf, aprendo il convegno &#8220;Appunti per una riforma liberale del sistema farmaceutico italiano ed europeo&#8221;.<\/p>\n<p>\u00abSentiamo parlare di 5.000 farmacie in difficolt\u00e0 ma noi vogliamo sapere quali sono, vogliamo i nomi e i cognomi dei titolari\u00bb. La tesi del Movimento? Le liberalizzazioni porterebbero vantaggi sia ai cittadini, in termini di risparmio, sia ai professionisti, con nuovi posti di lavoro. \u00abNon ci vengano a raccontare che ci saranno 3.000 nuove farmacie con i concorsi\u00bb, ha detto Fabio Romiti, vice presidente del Mnlf, \u00abal massimo ne apriranno 1000-1.100 perch\u00e9 le altre sono in sedi da 500-600 abitanti\u00bb.<\/p>\n<p><img decoding=\"async\" class=\"alignright\" src=\"http:\/\/www.quotidianosanita.it\/img_prima\/front1850125.jpg\" alt=\"\" \/>I Liberi farmacisti hanno invitato al loro convegno <b>Nicholas Salerno<\/b>, noto ai farmacisti per un discusso <a href=\"http:\/\/www.quotidianosanita.it\/studi-e-analisi\/articolo.php?articolo_id=7063\" target=\"_blank\" rel=\"noopener\"><span style=\"color: #0000ff;\">studio sulla liberalizzazione del settore<\/span><\/a>: \u00abNon capisco i discorsi sulla crisi delle farmacie\u00bb, ha esordito l&#8217;economista, \u00aboltre il 90 per cento di Sop e Otc sono rimasti in quel canale, che ha pure tutta la fascia A e C e gode di un quorum a 3.000: ci sono difficolt\u00e0 in tutti i settori e non si pu\u00f2 raccogliere le lamentele di un singolo gruppo. Stiamo cambiando il lavoro dipendente in modo pesante con il Jobs Act e non possiamo toccare la pianta organica delle farmacie?\u00bb.<\/p>\n<p>E le rurali, che in un sistema liberalizzato sarebbero destinate a soccombere, con gravi disagi per i cittadini? \u00abNon si pu\u00f2 disegnare un sistema sulle farmacie di frontiera, bisogna trovare le risorse per sostenerlo\u00bb. E i posti di lavoro, che inevitabilmente andrebbero persi, in un settore che \u00e8 gi\u00e0 in difficolt\u00e0? \u00abI posti di lavoro non si possono puntellare con difese corporative. La nuova versione del Ddl, senza l&#8217;eliminazione della pianta organica e l&#8217;uscita della fascia C dal canale, far\u00e0 diventare ancora pi\u00f9 forti i titolari di farmacia, quando il grande capitale vorr\u00e0 acquistare le loro aziende\u00bb.<\/p>\n<p><a href=\"https:\/\/mail.google.com\/mail\/u\/0\/?tab=wm#inbox\/14d45c0530bb8660\" target=\"_blank\" rel=\"noopener\"><span style=\"color: #0000ff;\">Laura Benfenati &#8211;\u00a0Marted\u00ec, 12 Maggio 2015 &#8211; Farmacista33<\/span><\/a><\/p>","protected":false},"excerpt":{"rendered":"<p>A FarmacistaPi\u00f9 non poteva mancare la voce pi\u00f9 polemica della categoria, quella di Vincenzo Devito e dei Liberi Farmacisti, che da due decenni lottano per la liberalizzazione del settore. \u00abNon ho capito cosa si vuole fare ora con il Ddl concorrenza: se entra il capitale in un regime di monopolio, nasce un oligopolio\u00bb, ha esordito &hellip;<\/p>","protected":false},"author":4,"featured_media":18817,"comment_status":"closed","ping_status":"closed","sticky":false,"template":"","format":"standard","meta":{"footnotes":""},"categories":[1],"tags":[79],"class_list":["post-18813","post","type-post","status-publish","format-standard","has-post-thumbnail","hentry","category-notizie","tag-ssn"],"amp_enabled":true,"_links":{"self":[{"href":"https:\/\/www.fedaiisf.it\/en\/wp-json\/wp\/v2\/posts\/18813","targetHints":{"allow":["GET"]}}],"collection":[{"href":"https:\/\/www.fedaiisf.it\/en\/wp-json\/wp\/v2\/posts"}],"about":[{"href":"https:\/\/www.fedaiisf.it\/en\/wp-json\/wp\/v2\/types\/post"}],"author":[{"embeddable":true,"href":"https:\/\/www.fedaiisf.it\/en\/wp-json\/wp\/v2\/users\/4"}],"replies":[{"embeddable":true,"href":"https:\/\/www.fedaiisf.it\/en\/wp-json\/wp\/v2\/comments?post=18813"}],"version-history":[{"count":0,"href":"https:\/\/www.fedaiisf.it\/en\/wp-json\/wp\/v2\/posts\/18813\/revisions"}],"wp:featuredmedia":[{"embeddable":true,"href":"https:\/\/www.fedaiisf.it\/en\/wp-json\/wp\/v2\/media\/18817"}],"wp:attachment":[{"href":"https:\/\/www.fedaiisf.it\/en\/wp-json\/wp\/v2\/media?parent=18813"}],"wp:term":[{"taxonomy":"category","embeddable":true,"href":"https:\/\/www.fedaiisf.it\/en\/wp-json\/wp\/v2\/categories?post=18813"},{"taxonomy":"post_tag","embeddable":true,"href":"https:\/\/www.fedaiisf.it\/en\/wp-json\/wp\/v2\/tags?post=18813"}],"curies":[{"name":"wp","href":"https:\/\/api.w.org\/{rel}","templated":true}]}}