{"id":18901,"date":"2015-05-15T11:21:17","date_gmt":"2015-05-15T09:21:17","guid":{"rendered":"http:\/\/www.fedaiisf.it\/?p=18901"},"modified":"2015-05-15T11:34:02","modified_gmt":"2015-05-15T09:34:02","slug":"giorni-toscana-da-revisione-prontuario-e-farmacia-dei-servizi-contributo-a-sostenibilita","status":"publish","type":"post","link":"https:\/\/www.fedaiisf.it\/en\/giorni-toscana-da-revisione-prontuario-e-farmacia-dei-servizi-contributo-a-sostenibilita\/","title":{"rendered":"Giorni (Tuscany): from review of the handbook and pharmacy of services contribution to sustainability"},"content":{"rendered":"<p><a href=\"http:\/\/www.fedaiisf.it\/wp-content\/uploads\/2015\/05\/Giorni.jpg\"><img loading=\"lazy\" decoding=\"async\" class=\"size-medium wp-image-18903 alignleft\" src=\"http:\/\/www.fedaiisf.it\/wp-content\/uploads\/2015\/05\/Giorni-300x225.jpg\" alt=\"Giorni\" width=\"300\" height=\"225\" srcset=\"https:\/\/www.fedaiisf.it\/wp-content\/uploads\/2015\/05\/Giorni-300x225.jpg 300w, https:\/\/www.fedaiisf.it\/wp-content\/uploads\/2015\/05\/Giorni.jpg 400w\" sizes=\"auto, (max-width: 300px) 100vw, 300px\" \/><\/a>There are many measures that in the medium to long term could give the system some breathing space and among these is the pharmacy of services, while in the immediate term the one that could have more incisive effects is the anticipation to June of the revision of the formulary, envisaged in the proposals circulated so far in view of the state-regions agreement to decline the cuts of the Stability law.<\/p>\n<p>To make the point <b>Loredano Days<\/b>, responsible for pharmaceutical policies in Tuscany, interviewed on the sidelines of Farmacista Pi\u00f9, which ended in Milan. \u00abThe pharmacy of services\u00bb explains Giorni \u00abis understood as a contribution to the sustainability of the system, albeit in a medium-long term logic, because it is clear that a whole series of services that are now provided we can agree with the pharmacies by providing a service which can be better and sometimes even cheaper\u00bb. At the moment, &quot;we are opening negotiations with Sisac for the renewal of the agreement and that is the container with which we must give addresses on the services to be provided&quot;.<\/p>\n<p>From Giorni there are also concerns about the agreement on the cuts, postponed until after the regional elections at the end of May: \u00abEach day that passes is one less day in which the cut can be recovered and the intervention bar must be increased proportionally. Now we have to make a maneuver that in six months covers what is a year&#039;s cut \u00bb. And among the measures from which the Regions count on having an immediate return, there is in particular the anticipation in June of the \u00abrevision of the handbook.<\/p>\n<p>In the medium-long term, the system must be restructured, with interventions that also include the distribution chain, with a view to seeking an economy of the system through an all-round understanding of all the players. But in the immediate future, the measure that can bring about a return to the system in the short term is the measure on the revision of the formulary: without denying the levels of assistance, the goal may be to optimize the available drugs, also on the basis of how much they cost&quot;.<\/p>\n<p><a href=\"http:\/\/www.farmacista33.it\/giorni-toscana-da-revisione-prontuario-e-farmacia-dei-servizi-contributo-a-sostenibilita-\/politica-e-sanita\/news--31551.html?xrtd=APYYAYTYTYTAXXXXVYTLTY\" target=\"_blank\" rel=\"noopener\"><span style=\"color: #0000ff;\">Francesca Giani \u2013 Friday, 15 May 2015 \u2013 Pharmacist33<\/span><\/a><\/p>\n<p>Related news:\u00a0<a href=\"http:\/\/www.quotidianosanita.it\/lavoro-e-professioni\/articolo.php?articolo_id=28145\" target=\"_blank\" rel=\"noopener\"><span style=\"color: #0000ff;\">Pharmaceutical. Federfarma: &quot;The service is unable to bear further cuts&quot;<\/span><\/a><\/p>","protected":false},"excerpt":{"rendered":"<p>Sono tante le misure che nel medio lungo termine potrebbero dare respiro al sistema e tra queste c&#8217;\u00e8 la farmacia dei servizi, mentre nell&#8217;immediato quella che potrebbe avere effetti pi\u00f9 incisivi \u00e8 l&#8217;anticipazione a giugno della revisione del prontuario, prevista nelle proposte circolate finora in vista dell&#8217;intesa stato-regioni per declinare i tagli della legge di &hellip;<\/p>","protected":false},"author":4,"featured_media":898,"comment_status":"closed","ping_status":"closed","sticky":false,"template":"","format":"standard","meta":{"footnotes":""},"categories":[1],"tags":[79],"class_list":["post-18901","post","type-post","status-publish","format-standard","has-post-thumbnail","hentry","category-notizie","tag-ssn"],"amp_enabled":true,"_links":{"self":[{"href":"https:\/\/www.fedaiisf.it\/en\/wp-json\/wp\/v2\/posts\/18901","targetHints":{"allow":["GET"]}}],"collection":[{"href":"https:\/\/www.fedaiisf.it\/en\/wp-json\/wp\/v2\/posts"}],"about":[{"href":"https:\/\/www.fedaiisf.it\/en\/wp-json\/wp\/v2\/types\/post"}],"author":[{"embeddable":true,"href":"https:\/\/www.fedaiisf.it\/en\/wp-json\/wp\/v2\/users\/4"}],"replies":[{"embeddable":true,"href":"https:\/\/www.fedaiisf.it\/en\/wp-json\/wp\/v2\/comments?post=18901"}],"version-history":[{"count":0,"href":"https:\/\/www.fedaiisf.it\/en\/wp-json\/wp\/v2\/posts\/18901\/revisions"}],"wp:featuredmedia":[{"embeddable":true,"href":"https:\/\/www.fedaiisf.it\/en\/wp-json\/wp\/v2\/media\/898"}],"wp:attachment":[{"href":"https:\/\/www.fedaiisf.it\/en\/wp-json\/wp\/v2\/media?parent=18901"}],"wp:term":[{"taxonomy":"category","embeddable":true,"href":"https:\/\/www.fedaiisf.it\/en\/wp-json\/wp\/v2\/categories?post=18901"},{"taxonomy":"post_tag","embeddable":true,"href":"https:\/\/www.fedaiisf.it\/en\/wp-json\/wp\/v2\/tags?post=18901"}],"curies":[{"name":"wp","href":"https:\/\/api.w.org\/{rel}","templated":true}]}}