{"id":18920,"date":"2015-05-16T10:46:56","date_gmt":"2015-05-16T08:46:56","guid":{"rendered":"http:\/\/www.fedaiisf.it\/?p=18920"},"modified":"2015-05-18T19:42:26","modified_gmt":"2015-05-18T17:42:26","slug":"convenzioni-mmg-e-pediatri-scioperano-il-19-maggio-mentre-specialisti-trattano","status":"publish","type":"post","link":"https:\/\/www.fedaiisf.it\/en\/convenzioni-mmg-e-pediatri-scioperano-il-19-maggio-mentre-specialisti-trattano\/","title":{"rendered":"Conventions, MMGs and pediatricians strike on May 19 while specialists are treating"},"content":{"rendered":"<p><img loading=\"lazy\" decoding=\"async\" class=\"alignleft\" src=\"http:\/\/www.mondoprofessionisti.it\/foto\/7369_m.jpg\" alt=\"\" width=\"171\" height=\"161\" \/>Mentre per medicina generale e pediatria di libera scelta la trattativa sulla convenzione nazionale si fa in salita ed \u00e8 atteso lo sciopero il 19 maggio di Fimmg e Fimp (e Cipe), per gli specialisti ambulatoriali ci sono margini per riaprire il tavolo. Gioved\u00ec c&#8217;\u00e8 stata una riunione tra l&#8217;agenzia interregionale per la contrattazione Sisac e i sindacati Sumai, Smi-Fespa, Uil-Fpl e Cisl ed \u00e8 stato definito un calendario di incontri con riunioni per il 21, il 27 e 28 maggio. \u00abIl primo incontro \u00e8 stato positivo anche se l&#8217;esame del nuovo articolato \u00e8 ancora alle prime battute\u00bb, fa sapere <b>Robert Lala<\/b>, segretario del sindacato leader Sumai-Assoprof.<\/p>\n<p>\u00abAbbiamo letto i primi 11 articoli, di cui una parte di carattere generale, che fa da cornice all&#8217;accordo, e un&#8217;altra che riguarda la natura organizzativa di Aft e Uccp. Durante la riunione &#8211; prosegue Lala &#8211; abbiamo evidenziato un clima di condivisione. Sono stati fatti alcuni rilievi, mentre altri saranno definiti i<img decoding=\"async\" class=\"alignright\" src=\"http:\/\/www.quotidianosanita.it\/img_prima\/front7298780.jpg\" alt=\"\" \/>n forma scritta nella riunione che si terr\u00e0 la prossima settimana\u00bb. Anche per <b>Cosimo Trovato<\/b>, portavoce di Fespa (Federazione Specialisti Ambulatoriali) \u00absi parte con una ritrovata volont\u00e0 di dialogo, anche se restano sul tavolo tutti i problemi legati alle risorse e ai limiti della legge Balduzzi, tanto \u00e8 vero che abbiamo ritenuto opportuno sottoscrivere il documento unitario dell&#8217;Intersindacale (Smi-Snami-Intesa-Triplice, ndr) che chiede interventi seri e concreti per il settore\u00bb.<\/p>\n<p>Smi Fespa conferma \u00abla netta opposizione allo sciopero del 19 maggio di Fimmg e Fimp, che non vede l&#8217;adesione di nessuna sigla della specialistica ambulatoriale e la forte presa di distanza degli altri sindacati della medicina generale e della pediatria\u00bb. Ma possono convivere in un sindacato anime che firmano una convenzione e ne bocciano un&#8217;altr,a posto che si parte dallo stesso atto d&#8217;indirizzo? Trovato distingue: \u00abMedici di famiglia e pediatri sono liberi <img loading=\"lazy\" decoding=\"async\" class=\"alignleft\" src=\"http:\/\/images.slideplayer.it\/2\/582356\/slides\/slide_6.jpg\" alt=\"\" width=\"314\" height=\"235\" \/>professionisti convenzionati che hanno investito sulla dotazione e sulla struttura, sull&#8217;informatizzazione e i servizi dello studio, sul personale. Noi specialisti Asl parasubordinati ci ritroviamo apparecchi e strutture a disposizione, anche se in certe regioni come la mia Sicilia l&#8217;informatizzazione arriva ora.<\/p>\n<p>E&#8217; chiaro che un atto d&#8217;indirizzo che prevede che medici e pediatri finanzino le aggregazioni con loro incentivi non sia gradito dalle rispettive categorie. Noi chiediamo di riportare investimenti sul territorio in modo da non svantaggiare le regioni in piano di rientro, pi\u00f9 vincolate nei loro sforzi finanziari, e per una specialistica pi\u00f9 uniforme sul territorio italiano ci battiamo. La speranza \u00e8 che alla fine se portassimo a casa qualche ammorbidimento della parte pubblica su Aft e Uccp la nostra trattativa possa fare da volano alle altre due\u00bb.<\/p>\n<p><a href=\"http:\/\/www.doctor33.it\/convenzioni-mmg-e-pediatri-scioperano-mentre-specialisti-trattano\/politica-e-sanita\/news--29111.html?xrtd=XYXXSXCLPVRYSCXXVCYYAYA\" target=\"_blank\" rel=\"noopener\"><span style=\"color: #0000ff;\">Mauro Miserendino &#8211;\u00a0Sabato, 16 Maggio 2015 &#8211; Doctor33<\/span><\/a><\/p>\n<p style=\"line-height: 16.35pt;\"><span style=\"font-family: Georgia, serif; color: #0000ff;\"><a style=\"color: #0000ff;\" href=\"http:\/\/media.mimesi.com\/cacheServer\/servlet\/CropServer?date=20150518&amp;idArticle=204987294&amp;authCookie=-714229507\" target=\"_blank\" rel=\"noopener\"><strong><span style=\"font-family: 'Georgia',serif; text-decoration: none; text-underline: none;\">La &#8221; bella sorpresa &#8221; del Governo: il medico diventa una roulette<\/span><\/strong><\/a><\/span><\/p>\n<p style=\"line-height: 16.35pt; orphans: auto; text-align: start; widows: 1; -webkit-text-stroke-width: 0px; word-spacing: 0px;\"><span style=\"font-family: Georgia, serif; color: #0000ff;\"><a style=\"color: #0000ff;\" href=\"https:\/\/triskel182.wordpress.com\/2015\/05\/18\/pediatri-riforma-contro-i-bambini-ferruccio-sansa\/\" target=\"_blank\" rel=\"noopener\">Pediatri, riforma contro i bambini? &#8211; Pediatri, i bambini non vanno in piazza<\/a><\/span><\/p>","protected":false},"excerpt":{"rendered":"<p>Mentre per medicina generale e pediatria di libera scelta la trattativa sulla convenzione nazionale si fa in salita ed \u00e8 atteso lo sciopero il 19 maggio di Fimmg e Fimp (e Cipe), per gli specialisti ambulatoriali ci sono margini per riaprire il tavolo. Gioved\u00ec c&#8217;\u00e8 stata una riunione tra l&#8217;agenzia interregionale per la contrattazione Sisac &hellip;<\/p>","protected":false},"author":4,"featured_media":18766,"comment_status":"closed","ping_status":"closed","sticky":false,"template":"","format":"standard","meta":{"footnotes":""},"categories":[1],"tags":[79],"class_list":["post-18920","post","type-post","status-publish","format-standard","has-post-thumbnail","hentry","category-notizie","tag-ssn"],"amp_enabled":true,"_links":{"self":[{"href":"https:\/\/www.fedaiisf.it\/en\/wp-json\/wp\/v2\/posts\/18920","targetHints":{"allow":["GET"]}}],"collection":[{"href":"https:\/\/www.fedaiisf.it\/en\/wp-json\/wp\/v2\/posts"}],"about":[{"href":"https:\/\/www.fedaiisf.it\/en\/wp-json\/wp\/v2\/types\/post"}],"author":[{"embeddable":true,"href":"https:\/\/www.fedaiisf.it\/en\/wp-json\/wp\/v2\/users\/4"}],"replies":[{"embeddable":true,"href":"https:\/\/www.fedaiisf.it\/en\/wp-json\/wp\/v2\/comments?post=18920"}],"version-history":[{"count":0,"href":"https:\/\/www.fedaiisf.it\/en\/wp-json\/wp\/v2\/posts\/18920\/revisions"}],"wp:featuredmedia":[{"embeddable":true,"href":"https:\/\/www.fedaiisf.it\/en\/wp-json\/wp\/v2\/media\/18766"}],"wp:attachment":[{"href":"https:\/\/www.fedaiisf.it\/en\/wp-json\/wp\/v2\/media?parent=18920"}],"wp:term":[{"taxonomy":"category","embeddable":true,"href":"https:\/\/www.fedaiisf.it\/en\/wp-json\/wp\/v2\/categories?post=18920"},{"taxonomy":"post_tag","embeddable":true,"href":"https:\/\/www.fedaiisf.it\/en\/wp-json\/wp\/v2\/tags?post=18920"}],"curies":[{"name":"wp","href":"https:\/\/api.w.org\/{rel}","templated":true}]}}