{"id":18933,"date":"2015-05-18T11:33:37","date_gmt":"2015-05-18T09:33:37","guid":{"rendered":"http:\/\/www.fedaiisf.it\/?p=18933"},"modified":"2015-05-20T17:58:43","modified_gmt":"2015-05-20T15:58:43","slug":"farmindustria-governo-intervenga-per-dire-no-ai-tagli","status":"publish","type":"post","link":"https:\/\/www.fedaiisf.it\/en\/farmindustria-governo-intervenga-per-dire-no-ai-tagli\/","title":{"rendered":"Farmindustria, Government intervenes to say no to cuts"},"content":{"rendered":"<p><em>Il settore della farmaceutica fra protagonisti del ritorno alla crescita del Pil<\/em><\/p>\n<p><img loading=\"lazy\" decoding=\"async\" class=\"alignleft\" src=\"http:\/\/12alle12.it\/wp-content\/uploads\/2014\/02\/700_dettaglio2_Farmindustria-Massimo-Scaccabarozzi-600x400.jpg\" alt=\"\" width=\"329\" height=\"219\" \/>&#8220;Saluto con soddisfazione il ritorno alla crescita del Pil in Italia dopo anni. E fa piacere leggere che tra i settori protagonisti della ripresa vi \u00e8 l&#8217;industria farmaceutica, che nel primo trimestre ha aumentato la produzione, registrando addirittura un +22% a marzo, rispetto al marzo 2014&#8221;. Lo evidenzia il presidente di Farmindustria, Massimo Scaccabarozzi.<\/p>\n<p>&#8220;Una crescita &#8211; aggiunge &#8211; che si deve certamente alla qualit\u00e0 del made in Italy apprezzata in tutto il mondo, ma anche alla stabilit\u00e0 assicurata dal Governo che, negli ultimi due anni, ha posto le condizioni per importanti investimenti nel Paese di gruppi farmaceutici italiani e internazionali, che proprio in questi mesi producono con tanta evidenza i primi risultati.<\/p>\n<p>\u00c8 un&#8217;accelerazione su investimenti e competitivit\u00e0 in linea con le frequenti sollecitazioni delle Istituzioni europee. Appare quindi ancora pi\u00f9 incomprensibile la scelta delle Regioni di effettuare tagli sul settore farmaceutico, facendo ricorso a misure, solo formalmente di carattere tecnico, finalizzate a fare cassa. Per questa ragione auspico l&#8217;intervento del presidente del Consiglio e dei Ministri competenti perch\u00e9 non si colpisca un&#8217;industria leader nella manifattura a livello internazionale. Tagliare infatti le gambe alle imprese del farmaco vuol dire bloccare la corsa di uno dei principali driver della crescita in Italia&#8221;.<\/p>\n<p><a href=\"http:\/\/streamer.adnkronos.com\/Salute\/Newsletter\/data\/Pk89e15.pdf\" target=\"_blank\" rel=\"noopener\"><span style=\"color: #0000ff;\">B.D.C. &#8211;\u00a018 maggio 2015 \u00a0&#8211; \u00a0Pharma<em>Kronos<\/em><\/span><\/a><\/p>\n<p>Related news: <span style=\"color: #0000ff;\"><a style=\"color: #0000ff;\" href=\"http:\/\/www.fedaiisf.it\/en\/scaccabarozzi-farmindustria-spesa-per-farmaci-in-italia-27-in-meno-di-altri-big-ue\/\" target=\"_blank\">Scaccabarozzi (Farmindustria): &quot;Spending on drugs in Italy 27% less than other Big EU&quot;<\/a><\/span><\/p>\n<p><span style=\"color: #0000ff;\"><a style=\"color: #0000ff;\" href=\"http:\/\/www.fedaiisf.it\/en\/istat-produzione-industriale-a-marzo-farmaceutica-a-222\/\" target=\"_blank\">ISTAT. Industrial production: pharmaceuticals at +22.2% in March<\/a><\/span><\/p>\n<p><span style=\"color: #0000ff;\"><a style=\"color: #0000ff;\" href=\"http:\/\/www.fedaiisf.it\/wp-admin\/post.php?post=18439&amp;action=edit&amp;message=1\" target=\"_blank\">Healthcare, agreement on cuts still slides but the agreement is there. &#039;Useless&#039; benefits paid by the patient<\/a><\/span><\/p>","protected":false},"excerpt":{"rendered":"<p>Il settore della farmaceutica fra protagonisti del ritorno alla crescita del Pil &#8220;Saluto con soddisfazione il ritorno alla crescita del Pil in Italia dopo anni. E fa piacere leggere che tra i settori protagonisti della ripresa vi \u00e8 l&#8217;industria farmaceutica, che nel primo trimestre ha aumentato la produzione, registrando addirittura un +22% a marzo, rispetto &hellip;<\/p>","protected":false},"author":4,"featured_media":18940,"comment_status":"closed","ping_status":"closed","sticky":false,"template":"","format":"standard","meta":{"footnotes":""},"categories":[1],"tags":[50],"class_list":["post-18933","post","type-post","status-publish","format-standard","has-post-thumbnail","hentry","category-notizie","tag-farmindustria"],"amp_enabled":true,"_links":{"self":[{"href":"https:\/\/www.fedaiisf.it\/en\/wp-json\/wp\/v2\/posts\/18933","targetHints":{"allow":["GET"]}}],"collection":[{"href":"https:\/\/www.fedaiisf.it\/en\/wp-json\/wp\/v2\/posts"}],"about":[{"href":"https:\/\/www.fedaiisf.it\/en\/wp-json\/wp\/v2\/types\/post"}],"author":[{"embeddable":true,"href":"https:\/\/www.fedaiisf.it\/en\/wp-json\/wp\/v2\/users\/4"}],"replies":[{"embeddable":true,"href":"https:\/\/www.fedaiisf.it\/en\/wp-json\/wp\/v2\/comments?post=18933"}],"version-history":[{"count":0,"href":"https:\/\/www.fedaiisf.it\/en\/wp-json\/wp\/v2\/posts\/18933\/revisions"}],"wp:featuredmedia":[{"embeddable":true,"href":"https:\/\/www.fedaiisf.it\/en\/wp-json\/wp\/v2\/media\/18940"}],"wp:attachment":[{"href":"https:\/\/www.fedaiisf.it\/en\/wp-json\/wp\/v2\/media?parent=18933"}],"wp:term":[{"taxonomy":"category","embeddable":true,"href":"https:\/\/www.fedaiisf.it\/en\/wp-json\/wp\/v2\/categories?post=18933"},{"taxonomy":"post_tag","embeddable":true,"href":"https:\/\/www.fedaiisf.it\/en\/wp-json\/wp\/v2\/tags?post=18933"}],"curies":[{"name":"wp","href":"https:\/\/api.w.org\/{rel}","templated":true}]}}