{"id":19101,"date":"2015-05-23T12:41:04","date_gmt":"2015-05-23T10:41:04","guid":{"rendered":"http:\/\/www.fedaiisf.it\/?p=19101"},"modified":"2015-05-23T13:30:18","modified_gmt":"2015-05-23T11:30:18","slug":"azioni-ucb-dopo-mesi-di-aumenti-contenuti-ha-lasciato-il-percorso-verso-lalto","status":"publish","type":"post","link":"https:\/\/www.fedaiisf.it\/en\/azioni-ucb-dopo-mesi-di-aumenti-contenuti-ha-lasciato-il-percorso-verso-lalto\/","title":{"rendered":"UCB shares, after months of contained increases, has left the upward path"},"content":{"rendered":"<p><img decoding=\"async\" class=\"alignleft\" src=\"http:\/\/www.elglobal.net\/Recursos\/binarios\/imagen.aspx?idart=911768&amp;idcat=782&amp;idcon=2081383&amp;resolucion=0&amp;tipo=2\" alt=\"\" \/><\/p>\n<p>Il titolo della societ\u00e0 belga \u00e8 scambiato leggermente al di sotto del prezzo di chiusura del 2014<\/p>\n<p><a href=\"http:\/\/www.elglobal.net\/noticias-medicamento\/2015-05-22\/industria-farmaceutica\/la-accion-de-ucb-tras-unos-meses-de-subida-contenida-abandona-la-senda-alcista\/pagina.aspx?idart=911768\" target=\"_blank\" rel=\"noopener\"><span style=\"color: #0000ff;\">S\u00e1bado, 23 de Mayo de 2015 &#8211; EL GLOBAL<\/span><\/a><\/p>\n<p>Il titolo di UCB \u00e8 quotato a \u20ac 62,4, raggiungendo una zona cuscinetto all&#8217;interno del suo campo di variazione dello scorso anno. La sua evoluzione in questo periodo \u00e8 iniziata con un movimento rialzista che lo ha portato a segnare il suo massimo annuale a fine agosto raggiungendo oltre 75 euro. Dopo aver perso nei mesi successivi gran parte del guadagno accumulato, la societ\u00e0, con sede a Bruxelles, ha iniziato a dicembre una fase di graduale ripresa che sembra essere giunta al termine nelle ultime settimane.<\/p>\n<p>UCB attualmente si muove leggermente al di sotto del prezzo di chiusura 2014, mentre su base annua mostra un guadagno del 13 per cento.<\/p>\n<p>Gli ultimi risultati pubblicati corrispondono alla chiusura del primo trimestre di quest&#8217;anno. I ricavi ammontano a \u20ac 895.000.000, con una crescita del 19 per cento (11 per cento depurato dall&#8217;impatto positivo dei tassi di cambio). Tra i suoi principali farmaci si distinguono Cimzia, Vimpat e Neupro con una crescita complessiva di vendite del 36 per cento (20 per cento rapportato al tasso di cambio); questi tre farmaci insieme con Keppra hanno generato il 70 per cento delle vendite del gruppo.<\/p>\n<p>Le proiezioni stimate dall&#8217;azienda calcolano che Cimzia ha il potenziale per raggiungere vendite annuali future di 1.500 milioni di euro, 1.200 Vimpat e Neupro 400.000.000 \u20ac.<\/p>\n<p><img decoding=\"async\" class=\"alignright\" src=\"http:\/\/www.bloomberg.com\/apps\/chart?timeout=10&amp;h=225&amp;w=220&amp;type=gp_line2&amp;range=1y&amp;ticks=UCB:BB&amp;cfg=ChartBuilderVol_bw.xml&amp;img=png\" alt=\"Current Stock Chart for UCB SA (UCB)\" \/>Per aree geografiche i suoi due mercati principali sono Europa e Nord America, con una incidenza simile sul fatturato totale, il 39 per cento ciascuno, anche se il secondo presenta una migliore performance: crescita del 12 per cento rispetto al 3 il primo cento. I principali paesi emergenti hanno rappresentato l\u2019 11 per cento del fatturato mentre il Giappone ha generato il 7 per cento.<\/p>\n<p>La sezione ricerca e sviluppo di questo gruppo ha investito nel primo trimestre 928 milioni di euro, 5 per cento in pi\u00f9 rispetto all&#8217;anno precedente, con una incidenza sul fatturato del 28%, nettamente superiore alla media del settore.<\/p>\n<p>UCB ha chiuso il primo trimestre con un profitto di 199 milioni di euro, con un aumento del 37 per cento rispetto all&#8217;anno precedente (51 per cento corretto dall&#8217;impatto del tasso di cambio).<\/p>\n<p>Il gruppo prevede di chiudere il 2015 con vendite che potrebbero raggiungere 3.600 milioni di euro, mentre l&#8217;EBITDA (utile prima di interessi, ammortamenti e tasse) potrebbe ammontare a 740 milioni di euro.<\/p>\n<p>Guardando avanti al suo comportamento futuro in borsa la societ\u00e0 belga sembra ora essersi collocato in una fase di instabilit\u00e0 che potrebbe portare ad un periodo di consolidamento dopo l&#8217;alto valore aggiunto che ha accumulato negli ultimi anni (dal 2010 ha triplicato il suo valore in borsa).<\/p>\n<p>&nbsp;<\/p>\n<h3 class=\"storyHeadline\"><span style=\"color: #ff0000;\">UCB Announces Sales Results for the First Quarter of 2015; Confirms Financial Outlook for 2015<\/span><\/h3>\n<div class=\"storyTimestamp\"><a href=\"http:\/\/www.bloomberg.com\/research\/stocks\/snapshot\/snapshot.asp?ticker=UCB:BB\" target=\"_blank\" rel=\"noopener\"><span style=\"color: #0000ff;\"><img loading=\"lazy\" decoding=\"async\" class=\"alignright\" src=\"http:\/\/www.internationaltradenews.com\/media\/inhalt\/portraits\/economics_itnji0320\/32708_ucb_pharma\/company_building_of_ucb.jpg\" alt=\"\" width=\"345\" height=\"230\" \/>Apr 30 15 &#8211; Bloomberg<\/span><\/a><\/div>\n<p>UCB announced sales results for the first quarter of 2015. For the quarter, the company reported revenue of EUR 895 million, a plus of 19% driven by the strong growth of Cimzia\u00ae, Vimpat\u00ae and Neupro\u00ae with combined net sales of EUR 433 million, while Keppra\u00ae reached EUR 190 million, the four medicines together represent 70% of UCB&#8217;s revenue in the first quarter 2015. The company also confirmed financial outlook for 2015. For 2015, the company expects the continued growth of Cimzia\u00ae, Vimpat\u00ae, Neupro\u00ae to drive overall company growth. 2015 revenue should reach approximately EUR 3.55 billion to EUR 3.65 billion; recurring EBITDA should increase to approximately EUR 710 million to EUR 740 million. Core earnings per share (EPS) are expected in the range of EUR 1.90 to EUR 2.05 based on an average of 193.7 million shares outstanding.<\/p>\n<p>&nbsp;<\/p>\n<p><img loading=\"lazy\" decoding=\"async\" class=\"alignleft\" src=\"http:\/\/www.pmlive.com\/__data\/assets\/image\/0003\/603048\/Roch-Doliveux.jpg\" alt=\"Roch Doliveux\" width=\"153\" height=\"102\" \/><strong>Roch Doliveux<\/strong> ha lasciato il ruolo di CEO UCB dal 31 dicembre 2014<\/p>\n<p>&nbsp;<\/p>\n<p>&nbsp;<\/p>\n<p>&nbsp;<\/p>\n<p><span class=\"goog-text-highlight\"><strong>j<img loading=\"lazy\" decoding=\"async\" class=\"alignright\" src=\"http:\/\/www.pmlive.com\/__data\/assets\/image\/0005\/630617\/Jean-Christophe-Tellier.jpg\" alt=\"Jean-Christophe Tellier\" width=\"166\" height=\"110\" \/>ean-Christophe Tellier<\/strong>, che ha sostituito\u00a0<\/span><a title=\"Investire nel futuro delle attivit\u00e0 di R &amp; S\" href=\"http:\/\/www.pmlive.com\/pharma_thought_leadership\/investing_in_the_future_of_r_and_d_603047\" target=\"_blank\" rel=\"noopener\"><span class=\"goog-text-highlight\">Roch Doliveux<\/span><\/a><span class=\"goog-text-highlight\"> il 1 \u00b0 gennaio, \u00e8 entrato in azienda nel 2011 e ha contribuito alla creazione e alla crescita di <\/span><a title=\"http:\/\/www.pmlive.com\/pharma_news\/ucb_moves_cimzia_into_phase_iii_trials_for_psoriasis_628957\" href=\"http:\/\/www.pmlive.com\/pharma_news\/ucb_moves_cimzia_into_phase_iii_trials_for_psoriasis_628957\" target=\"_blank\" rel=\"noopener\"><span class=\"goog-text-highlight\">Cimzia<\/span><\/a><span class=\"goog-text-highlight\"> , <\/span><a title=\"http:\/\/www.pmlive.com\/pharma_news\/ucb_partners_with_daiichi_to_bring_epilepsy_drug_to_japan_621100\" href=\"http:\/\/www.pmlive.com\/pharma_news\/ucb_partners_with_daiichi_to_bring_epilepsy_drug_to_japan_621100\" target=\"_blank\" rel=\"noopener\"><span class=\"goog-text-highlight\">Vimpat<\/span><\/a><span class=\"goog-text-highlight\"> e Neuprol, ora i farmaci pi\u00f9 importanti di UCB.<\/span><\/p>\n<p>&nbsp;<\/p>\n<p>&nbsp;<\/p>\n<p>N.d.R.: L\u2019UCB Italia a fine 2008 ha messo in mobilit\u00e0 tutti gli ISF della &#8220;primary care&#8221;.<\/p>\n<p>Related news: <span style=\"color: #0000ff;\"><a style=\"color: #0000ff;\" href=\"http:\/\/www.fedaiisf.it\/en\/ucb-da-marzo-il-muovo-ceo-jean-christophe-tellier\/\" target=\"_blank\">UCB extension. Since March the new CEO: Jean-Christophe Tellier<\/a><\/span><\/p>\n<p><span style=\"color: #0000ff;\"><a style=\"color: #0000ff;\" href=\"http:\/\/www.fedaiisf.it\/en\/ucb-vende-business-dei-generici-in-usa-per-153-miliardi\/\" target=\"_blank\">UCB sells generics business in the US for 1.53 billion<\/a><\/span><\/p>\n<p><span style=\"color: #0000ff;\"><a style=\"color: #0000ff;\" href=\"http:\/\/www.fedaiisf.it\/en\/ucb-e-attualmente-vicino-al-suo-massimo-storico-dopo-un-anno-di-apprezzamento-del-30\/\" target=\"_blank\">UCB is currently near its all-time high following a one-year appreciation of the 30%<\/a><\/span><\/p>\n<p><span style=\"color: #0000ff;\"><a style=\"color: #0000ff;\" href=\"http:\/\/www.fedaiisf.it\/en\/farmaceutica-ucb-cede-siti-produzione-in-italia-e-germania\/\">Pharmaceuticals: Ucb sells production sites in Italy and Germany<\/a><\/span><\/p>\n<p><span style=\"color: #0000ff;\"><a style=\"color: #0000ff;\" href=\"http:\/\/www.fedaiisf.it\/en\/ucb-esce-dal-mercato-primary-care-americano\/\" target=\"_blank\">Ucb exits the American Primary Care market<\/a><\/span><\/p>\n<p><span style=\"color: #0000ff;\"><a style=\"color: #0000ff;\" href=\"http:\/\/www.fedaiisf.it\/en\/ucb-taglia-2-mila-posti\/\" target=\"_blank\">UCB taglia 2 mila posti<\/a><\/span><\/p>\n<p><span style=\"color: #0000ff;\"><a style=\"color: #0000ff;\" href=\"http:\/\/www.fedaiisf.it\/en\/ucb-pharma-189-persone-in-mobilita\/\" target=\"_blank\">UCB PHARMA: 189 persone in mobilit\u00e0<\/a><\/span><\/p>","protected":false},"excerpt":{"rendered":"<p>Il titolo della societ\u00e0 belga \u00e8 scambiato leggermente al di sotto del prezzo di chiusura del 2014 S\u00e1bado, 23 de Mayo de 2015 &#8211; EL GLOBAL Il titolo di UCB \u00e8 quotato a \u20ac 62,4, raggiungendo una zona cuscinetto all&#8217;interno del suo campo di variazione dello scorso anno. La sua evoluzione in questo periodo \u00e8 &hellip;<\/p>","protected":false},"author":4,"featured_media":5015,"comment_status":"closed","ping_status":"closed","sticky":false,"template":"","format":"standard","meta":{"footnotes":""},"categories":[1],"tags":[],"class_list":["post-19101","post","type-post","status-publish","format-standard","has-post-thumbnail","hentry","category-notizie"],"amp_enabled":true,"_links":{"self":[{"href":"https:\/\/www.fedaiisf.it\/en\/wp-json\/wp\/v2\/posts\/19101","targetHints":{"allow":["GET"]}}],"collection":[{"href":"https:\/\/www.fedaiisf.it\/en\/wp-json\/wp\/v2\/posts"}],"about":[{"href":"https:\/\/www.fedaiisf.it\/en\/wp-json\/wp\/v2\/types\/post"}],"author":[{"embeddable":true,"href":"https:\/\/www.fedaiisf.it\/en\/wp-json\/wp\/v2\/users\/4"}],"replies":[{"embeddable":true,"href":"https:\/\/www.fedaiisf.it\/en\/wp-json\/wp\/v2\/comments?post=19101"}],"version-history":[{"count":0,"href":"https:\/\/www.fedaiisf.it\/en\/wp-json\/wp\/v2\/posts\/19101\/revisions"}],"wp:featuredmedia":[{"embeddable":true,"href":"https:\/\/www.fedaiisf.it\/en\/wp-json\/wp\/v2\/media\/5015"}],"wp:attachment":[{"href":"https:\/\/www.fedaiisf.it\/en\/wp-json\/wp\/v2\/media?parent=19101"}],"wp:term":[{"taxonomy":"category","embeddable":true,"href":"https:\/\/www.fedaiisf.it\/en\/wp-json\/wp\/v2\/categories?post=19101"},{"taxonomy":"post_tag","embeddable":true,"href":"https:\/\/www.fedaiisf.it\/en\/wp-json\/wp\/v2\/tags?post=19101"}],"curies":[{"name":"wp","href":"https:\/\/api.w.org\/{rel}","templated":true}]}}