{"id":19194,"date":"2015-05-26T11:04:15","date_gmt":"2015-05-26T09:04:15","guid":{"rendered":"http:\/\/www.fedaiisf.it\/?p=19194"},"modified":"2015-05-26T11:15:06","modified_gmt":"2015-05-26T09:15:06","slug":"ciconte-lospedale-di-lamezia-riavra-il-suo-ruolo-strategico-per-le-emergenze","status":"publish","type":"post","link":"https:\/\/www.fedaiisf.it\/en\/ciconte-lospedale-di-lamezia-riavra-il-suo-ruolo-strategico-per-le-emergenze\/","title":{"rendered":"Ciconte: the Lamezia hospital will regain its strategic role for emergencies"},"content":{"rendered":"<p><em>Una direzione generale potr\u00e0 ridurre gli sprechi e le inefficienze del settore. \u201cQuesta iniziativa dovr\u00e0 coinvolgere tutti gli operatori del settore, compresi gli informatori scientifici&#8221;.<\/em><\/p>\n<p><img loading=\"lazy\" decoding=\"async\" class=\"alignleft\" src=\"http:\/\/www.lametino.it\/images\/stories\/pd_250515.jpg\" alt=\"pd_250515.jpg\" width=\"510\" height=\"341\" \/>Lamezia Terme \u2013 Un argomento serio e a lungo dibattuto quello sulla sanit\u00e0 lametina, che ha portato il Pd ad organizzare un incontro pubblico nell\u2019ex sala consiliare di Sambiase, per discuterne anche in ambito regionale.\u00a0\u201cStiamo mettendo in campo le professionalit\u00e0 migliori e Lamezia Terme, per la posizione di gran centralit\u00e0 che occupa, dovr\u00e0 ripristinare tutti i servizi primari che non ha pi\u00f9, a partire dall\u2019urgenza e dall\u2019emergenza\u201d. Queste le parole del vicepresidente della giunta regionale Vincenzo Ciconte, che si \u00e8 confrontato sullo spinoso argomento con la senatrice Doris Lo Moro, il candidato a sindaco e medico Tommaso Sonni e il coordinatore del Pd Giuseppe Petronio. Presenza importante in sala, anche quella del commissario straordinario dell\u2019Asp di Catanzaro, Giuseppe Perri.<\/p>\n<p>Ciconte ha auspicato alla cancellazione di qualsiasi sorta di campanilismo in tema di sanit\u00e0, con la proposta della giunta di un\u2019azienda unica ospedaliera territoriale che nulla vuole togliere alle province e che non vuole essere un dogma. Una direzione generale con diverse sub-articolazioni e senza escludere nessuno, potr\u00e0 ridurre gli sprechi e le inefficienze del settore. \u201cQuesta iniziativa dovr\u00e0 per\u00f2 essere riempita di contenuti \u2013 premette Ciconte, e per farlo ci avverremo del supporto di tutti gli operatori del settore, compresi gli <strong>scientific informants<\/strong>, le associazioni, i sindacati e le categorie professionali\u201d.\u00a0Sull\u2019attenzione riservata a Catanzaro il vicepresidente ha voluto poi precisare che i soldi sono previsti solo in funzione dell\u2019accorpamento con l\u2019universit\u00e0 \u201cMagna Graecia\u201d, con la quale dovr\u00e0 viaggiare in parallelo.<\/p>\n<p><img loading=\"lazy\" decoding=\"async\" class=\"alignright\" src=\"http:\/\/www.cn24tv.it\/public\/images\/201105\/vlcsnap-2011-05-21-11h34m59s222.jpg\" alt=\"\" width=\"391\" height=\"293\" \/>\u201cNon \u00e8 solo la sanit\u00e0 lametina ad essere allo sfascio &#8211; chiarisce la Lo Moro &#8211; ma tutta quella calabrese. Il commissariamento \u00e8 stato solo il colpo finale\u201d. Ripercorrendo le vicende che l\u2019hanno vista lasciare nel 2007 la carica di assessore regionale, ha aggiunto: \u201cnon fui cacciata da nessuno, mi fu chiesto di cambiare delega, ma io, tenendo troppo alla sanit\u00e0, rifiutai, come rifiutai anche quando il governo Prodi mi propose nel 2006 il ministero agli affari regionali. \u201cLe polemiche che si fanno sempre su questo argomento mi fanno sorridere\u201d, conclude.<\/p>\n<p>Per il candidato a sindaco Tommaso Sonni, il fulcro deve essere la riorganizzazione ospedaliera ma non in termini di distanza o accentramento. \u201cIl vero problema \u2013 asserisce &#8211; non \u00e8 la distanza dall\u2019ospedale ma la qualit\u00e0 dei servizi che \u00e8 in grado di offrire\u201d.\u00a0Il vicepresidente Ciconte ha infine rimarcato l\u2019importanza di fare squadra, invitando a votare il candidato Sonni, cogliendo l\u2019opportunit\u00e0 di avere cos\u00ec un unico interlocutore tra governo regionale e centrale e in modo da rilanciare Lamezia nel suo ruolo strategico per le emergenze.\u00a0Intanto, dagli interventi che si sono susseguiti nel corso della serata, \u00e8 emersa la richiesta di un prossimo e urgente incontro anche con il governatore Oliverio e il commissario Scura per discutere delle attivit\u00e0 programmatiche che si vogliono attuare per il rilancio della sanit\u00e0 regionale e in particolar modo per quella lametina.<\/p>\n<p><a href=\"http:\/\/www.lametino.it\/Speciale-Elezioni\/il-pd-affronta-il-problema-sanita-con-il-candidato-a-sindaco-sonni.html\" target=\"_blank\" rel=\"noopener\"><span style=\"color: #0000ff;\">Alessandra Renda &#8211;\u00a0Luned\u00ec, 25 Maggio 2015 &#8211; il Lametino.it<\/span><\/a><\/p>\n<p>Related news:\u00a0<span style=\"color: #0000ff;\"><a style=\"color: #0000ff;\" href=\"http:\/\/www.fedaiisf.it\/wp-content\/uploads\/2015\/05\/Regolamentazione-ISF.Calabria.DELIBERAZIONE-DELLA-GIUNTA-REGIONALE-29-giugno-2006.pdf\" target=\"_blank\">ISF regulation. Calabria. REGULATION OF THE REGIONAL COUNCIL 29 June 2006<\/a><\/span><\/p>","protected":false},"excerpt":{"rendered":"<p>Una direzione generale potr\u00e0 ridurre gli sprechi e le inefficienze del settore. \u201cQuesta iniziativa dovr\u00e0 coinvolgere tutti gli operatori del settore, compresi gli informatori scientifici&#8221;. Lamezia Terme \u2013 Un argomento serio e a lungo dibattuto quello sulla sanit\u00e0 lametina, che ha portato il Pd ad organizzare un incontro pubblico nell\u2019ex sala consiliare di Sambiase, per &hellip;<\/p>","protected":false},"author":4,"featured_media":19196,"comment_status":"closed","ping_status":"closed","sticky":false,"template":"","format":"standard","meta":{"footnotes":""},"categories":[1],"tags":[],"class_list":["post-19194","post","type-post","status-publish","format-standard","has-post-thumbnail","hentry","category-notizie"],"amp_enabled":true,"_links":{"self":[{"href":"https:\/\/www.fedaiisf.it\/en\/wp-json\/wp\/v2\/posts\/19194","targetHints":{"allow":["GET"]}}],"collection":[{"href":"https:\/\/www.fedaiisf.it\/en\/wp-json\/wp\/v2\/posts"}],"about":[{"href":"https:\/\/www.fedaiisf.it\/en\/wp-json\/wp\/v2\/types\/post"}],"author":[{"embeddable":true,"href":"https:\/\/www.fedaiisf.it\/en\/wp-json\/wp\/v2\/users\/4"}],"replies":[{"embeddable":true,"href":"https:\/\/www.fedaiisf.it\/en\/wp-json\/wp\/v2\/comments?post=19194"}],"version-history":[{"count":0,"href":"https:\/\/www.fedaiisf.it\/en\/wp-json\/wp\/v2\/posts\/19194\/revisions"}],"wp:featuredmedia":[{"embeddable":true,"href":"https:\/\/www.fedaiisf.it\/en\/wp-json\/wp\/v2\/media\/19196"}],"wp:attachment":[{"href":"https:\/\/www.fedaiisf.it\/en\/wp-json\/wp\/v2\/media?parent=19194"}],"wp:term":[{"taxonomy":"category","embeddable":true,"href":"https:\/\/www.fedaiisf.it\/en\/wp-json\/wp\/v2\/categories?post=19194"},{"taxonomy":"post_tag","embeddable":true,"href":"https:\/\/www.fedaiisf.it\/en\/wp-json\/wp\/v2\/tags?post=19194"}],"curies":[{"name":"wp","href":"https:\/\/api.w.org\/{rel}","templated":true}]}}