{"id":19210,"date":"2015-05-26T18:14:11","date_gmt":"2015-05-26T16:14:11","guid":{"rendered":"http:\/\/www.fedaiisf.it\/?p=19210"},"modified":"2015-05-27T18:31:45","modified_gmt":"2015-05-27T16:31:45","slug":"farmaceutiche-tra-tagli-e-record","status":"publish","type":"post","link":"https:\/\/www.fedaiisf.it\/en\/farmaceutiche-tra-tagli-e-record\/","title":{"rendered":"Pharmaceuticals between cuts and records"},"content":{"rendered":"<p><em>Ancora una volta sar\u00e0 il farmaco il settore pi\u00f9 tagliato, nonostante l\u2019Italia registri il record mondiale di crescita per produzione ed export. Forse le farmaceutiche non comunicano adeguatamente il loro reale valore? Di sicuro non si riesce a capitalizzare quella preziosa dimensione di beneficio pubblico che non \u00e8 dalle Istituzioni adeguatamente riconosciuta.<\/em><\/p>\n<p><a href=\"http:\/\/www.ilfarmacistaonline.it\/scienza-e-farmaci\/articolo.php?articolo_id=28518\" target=\"_blank\" rel=\"noopener\"><span style=\"color: #0000ff;\">26 maggio 2015 &#8211; il farmacista on line<\/span><\/a><\/p>\n<p><span class=\"testo_rosso_data\"><img loading=\"lazy\" decoding=\"async\" class=\"alignleft\" src=\"http:\/\/www.fedaiisf.it\/wp-content\/uploads\/2015\/05\/scaccabarozzi.lorenzin-349x218_c.jpg\" alt=\"\" width=\"263\" height=\"164\" \/>26 MAG<\/span> &#8211; \u201c\u2026Se sei bello ti tirano le pietre, se sei brutto ti tirano le pietre, qualunque cosa fai tu sempre pietre in faccia prenderai&#8230;\u201d. Cantava cos\u00ec, tra l\u2019umoristico e l\u2019anarcoide, la famosa marcetta di un Sanremo di fine anni \u201960. Vale oggi per le industrie del farmaco, sulle quali appunto \u201cpiovono pietre\u201d, come direbbe il Cipputi di Altan al collega Bottazzi, nel bene e nel male.<\/p>\n<p>Sar\u00e0 infatti il farmaco ancora il settore di spesa pi\u00f9 tagliato, nonostante l\u2019Italia registri il record mondiale di crescita per produzione ed export, quello che nell\u2019economia nazionale pi\u00f9 di ogni altro comparto sta contribuendo a fronteggiare e superare la crisi, persino stracciando economicamente la Germania (\u201cuomo morde cane\u201d). Il \u201crefrain\u201d per\u00f2 resta sempre lo stesso: \u201cvil razza dannata\u201d, parafrasando Rigoletto.<\/p>\n<p>\u201cIncomprensibile\u201d, si lamenta amaramente a ragione il Presidente di Farmindustria Scaccabarozzi. \u00c8 in effetti paradossale la discrasia tra percezione dei farmaci, tutta positiva, curano e guariscono, e di chi li scopre e produce, le industrie, viste come coagulo dell\u2019umana nequizie. Uno iato che non esiste in nessun altro genere di consumo, dove il valore del bene si riflette a fortiori su chi lo produce, con aziende amate dalle folle pur se di prodotti di ben maggiore futilit\u00e0 rispetto ai farmaci.<\/p>\n<p>Forse le farmaceutiche non comunicano adeguatamente il loro reale valore? Probabilmente lo fanno bene per i propri prodotti al medico ma magari non adeguatamente il proprio \u201cbrand\u201d d\u2019impresa, o d\u2019intero comparto, al grande pubblico e alla comunit\u00e0 dei \u201cpolicy\u201d e \u201cdecision makers\u201d. Fatto sta che finiscono con l\u2019interpretare puntualmente i \u201cvillain\u201d della storia.<\/p>\n<p><img decoding=\"async\" class=\"alignright\" src=\"http:\/\/www.borsaitaliana.it\/notizie\/sotto-la-lente\/monopsonio-intro.gif\" alt=\"\" \/>Un\u2019immagine opposta al reale che, invece, sarebbe essenziale far percepire correttamente data la grande ricaduta sociale e perci\u00f2 di forte interesse politico per chi ne muove regole e portafoglio, diventando naturalmente funzionale e propedeutico alla migliore realizzazione di quello economico. Col SSN cliente pressoch\u00e9 unico (<strong>monopsonio<\/strong>) che pure decide le regole del gioco a cominciare dai prezzi che stabilisce di pagare.<\/p>\n<p>Ecco allora che certi episodi neri, spesso dovuti a manager funesti per le proprie aziende, tutti bonus e scorciatoie di carriera, molto hybris e poche letture (le pagine sportive), esempi di potere senza cultura (\u201cbaco erosivo del capitalismo\u201d, secondo Marx), sono stati accasati dal megafono mediatico nella piccola bottega degli orrori.<\/p>\n<p>In questo Paese diffusamente immorale e moralista, diventano vicende molto popolari per la loro impopolarit\u00e0, finendo col rendere quella bottega sempre pi\u00f9 piccola. Perch\u00e9 diventano alibi ai tagli alla spesa e alle misure restrittive, ormai arrivate a circa 40 negli ultimi quindici anni.<\/p>\n<p>Il farmaceutico non riesce a capitalizzare quella preziosa dimensione s\u00ec privata ma di beneficio pubblico che non \u00e8 dalle Istituzioni adeguatamente riconosciuta nei meriti e nei valori. Cos\u00ec che i tanti straordinari benefici sanitari, sociali ed economici apportati alfine sono oscurati. Anche perch\u00e9 probabilmente comunicati in modo inadeguato.<\/p>\n<p><img loading=\"lazy\" decoding=\"async\" class=\"alignleft\" src=\"http:\/\/www.ivid.it\/fotogallery\/imagesearch\/images\/rigoletto_tito_gobbi_carmine_gallone_003_jpg_fryq.jpg\" alt=\"\" width=\"201\" height=\"282\" \/>L\u2019ennesima sforbiciata, persino <span style=\"color: #0000ff;\"><a style=\"color: #0000ff;\" href=\"http:\/\/www.quotidianosanita.it\/scienza-e-farmaci\/articolo.php?articolo_id=28238\" target=\"_blank\" rel=\"noopener\">a fronte dei risultati record registrati<\/a><\/span> \u00e8 effettivamente una situazione che potrebbe far gridare alle farmaceutiche \u201cvendetta, tremenda vendetta\u201d, per restare al gobbo di Verdi. In altri Paesi \u00e8 successo per molto meno, col ritiro volontario di farmaci anche salvavita da parte delle industrie proprietarie. Ma ne pagherebbero il conto ingiustamente i pazienti.<\/p>\n<p>Giusto quindi il limitarsi di Scaccabarozzi allo stracciarsi le vesti. Per\u00f2, una volta ricomposte, col suo Sinedrio, di come far percepire finalmente in modo adeguato quei propri valori e benefici socialmente cos\u00ec elevati ne faccia ancora di pi\u00f9 questione cruciale.<\/p>\n<p><strong><em>Prof. Fabrizio Gianfrate<\/em><\/strong><br \/>\n<em>Economia Sanitaria\u00a0<\/em><\/p>\n<p>&nbsp;<\/p>\n<p>&nbsp;<\/p>\n<p>Related news: <span style=\"color: #0000ff;\"><a style=\"color: #0000ff;\" href=\"http:\/\/www.fedaiisf.it\/en\/farmaceutica-4-000-nuovi-posti-lavoro-in-1-anno-1-800-fra-under-30\/\" target=\"_blank\">Farmaceutica, 4.000 nuovi posti lavoro in 1 anno: 1.800 fra \u2018under 30\u2032. N.d.R.<\/a><\/span><\/p>\n<h2><span style=\"color: #ff0000;\">Golinelli, non si torni a logica del bancomat <\/span><\/h2>\n<p>&#8220;Non si torni alla logica del bancomat. Siamo molto preoccupati&#8221; per la questione ancora aperta dei tagli alla farmaceutica. A dirlo a Pharmakronos \u00e8 Stefano Golinelli, presidente di AlfaSigma, che aggiunge: &#8220;E&#8217; stato rimandato tutto a dopo le elezioni regionali, ma vorrei non si dimenticasse quello che \u00e8 successo in anni precedenti, quando i posti di lavoro non sono certo aumentati nel settore, ma sono stati persi. Certo, sono importanti le rassicurazioni a livello governativo sull&#8217;importanza dell&#8217;industria farmaceutica, ma il confronto \u00e8 solo rinviato. Speriamo che ci sia un ripensamento sulle intenzioni di tagliare: sarebbe un tornare indietro su una politica importante, che ha consentito di vivere una relativa stabilit\u00e0 al settore&#8221;.<\/p>\n<p><a href=\"http:\/\/streamer.adnkronos.com\/Salute\/Newsletter\/data\/Pk96e15.pdf\" target=\"_blank\" rel=\"noopener\"><span style=\"color: #0000ff;\">27 maggio 2015 &#8211; Pharma<em>Kronos<\/em><\/span><\/a><\/p>\n<p class=\"blog-title\"><span style=\"color: #0000ff;\"><span style=\"color: #000000;\">Related news:<\/span> \u00a0<a style=\"color: #0000ff;\" href=\"http:\/\/www.ilfattoquotidiano.it\/2015\/05\/26\/regionali-2015-la-scomparsa-della-sanita-dalle-campagne-elettorali\/1720365\/\" target=\"_blank\" rel=\"noopener\">Regionali 2015, la scomparsa della sanit\u00e0 dalle campagne elettorali<\/a><\/span><\/p>\n<p>&nbsp;<\/p>","protected":false},"excerpt":{"rendered":"<p>Ancora una volta sar\u00e0 il farmaco il settore pi\u00f9 tagliato, nonostante l\u2019Italia registri il record mondiale di crescita per produzione ed export. Forse le farmaceutiche non comunicano adeguatamente il loro reale valore? Di sicuro non si riesce a capitalizzare quella preziosa dimensione di beneficio pubblico che non \u00e8 dalle Istituzioni adeguatamente riconosciuta. 26 maggio 2015 &hellip;<\/p>","protected":false},"author":4,"featured_media":19212,"comment_status":"closed","ping_status":"closed","sticky":false,"template":"","format":"standard","meta":{"footnotes":""},"categories":[1],"tags":[50,79],"class_list":["post-19210","post","type-post","status-publish","format-standard","has-post-thumbnail","hentry","category-notizie","tag-farmindustria","tag-ssn"],"amp_enabled":true,"_links":{"self":[{"href":"https:\/\/www.fedaiisf.it\/en\/wp-json\/wp\/v2\/posts\/19210","targetHints":{"allow":["GET"]}}],"collection":[{"href":"https:\/\/www.fedaiisf.it\/en\/wp-json\/wp\/v2\/posts"}],"about":[{"href":"https:\/\/www.fedaiisf.it\/en\/wp-json\/wp\/v2\/types\/post"}],"author":[{"embeddable":true,"href":"https:\/\/www.fedaiisf.it\/en\/wp-json\/wp\/v2\/users\/4"}],"replies":[{"embeddable":true,"href":"https:\/\/www.fedaiisf.it\/en\/wp-json\/wp\/v2\/comments?post=19210"}],"version-history":[{"count":0,"href":"https:\/\/www.fedaiisf.it\/en\/wp-json\/wp\/v2\/posts\/19210\/revisions"}],"wp:featuredmedia":[{"embeddable":true,"href":"https:\/\/www.fedaiisf.it\/en\/wp-json\/wp\/v2\/media\/19212"}],"wp:attachment":[{"href":"https:\/\/www.fedaiisf.it\/en\/wp-json\/wp\/v2\/media?parent=19210"}],"wp:term":[{"taxonomy":"category","embeddable":true,"href":"https:\/\/www.fedaiisf.it\/en\/wp-json\/wp\/v2\/categories?post=19210"},{"taxonomy":"post_tag","embeddable":true,"href":"https:\/\/www.fedaiisf.it\/en\/wp-json\/wp\/v2\/tags?post=19210"}],"curies":[{"name":"wp","href":"https:\/\/api.w.org\/{rel}","templated":true}]}}