{"id":19255,"date":"2015-05-28T12:51:24","date_gmt":"2015-05-28T10:51:24","guid":{"rendered":"http:\/\/www.fedaiisf.it\/?p=19255"},"modified":"2015-05-28T12:52:36","modified_gmt":"2015-05-28T10:52:36","slug":"sciopero-mmg-milillo-fimmg-la-mobilitazione-e-ancora-in-atto","status":"publish","type":"post","link":"https:\/\/www.fedaiisf.it\/en\/sciopero-mmg-milillo-fimmg-la-mobilitazione-e-ancora-in-atto\/","title":{"rendered":"Mmg strike: Milillo (Fimmg) &quot;The mobilization is still underway&quot;. Exodus Mmg, in Italy and England"},"content":{"rendered":"<p><img loading=\"lazy\" decoding=\"async\" class=\"alignleft\" src=\"http:\/\/i.ytimg.com\/vi\/GH9vw1j20YY\/maxresdefault.jpg\" alt=\"\" width=\"398\" height=\"224\" \/>\u00abLa nostra mobilitazione \u00e8 ancora in atto ed \u00e8 testimoniata da tutti i manifesti che sono in giro per le principali citt\u00e0 italiane, con lo slogan &#8220;Io non vado col primo che capita&#8221;. \u00c8 stato solo revocato lo sciopero a fronte di un accordo importante e rispetto al quale il governo si \u00e8 impegnato su alcuni princ\u00ecpi fondamentali e soprattutto si \u00e8 impegnato a svolgere una funzione sussidiaria nel caso in cui le trattative con le regioni non andassero avanti\u00bb.<\/p>\n<p>Non usa mezzi termini, <b>Giacomo Milillo<\/b>, Segretario nazionale della Fimmg, intervistato da DoctorNews33 a margine della presentazione alla stampa del Piano nazionale per la fertilit\u00e0, voluto dal ministro della Salute Lorenzin. Nonostante si sia, dunque, scongiurata fino ad oggi la mobilitazione totale dei medici di medicina generale e dei pediatri, non si ferma la campagna di comunicazione ManifestiAmoFimmg contro &#8220;l&#8217;abolizione del medico di famiglia&#8221;, anche dopo la revoca dello sciopero nazionale.<\/p>\n<p>\u00abIo non vado col primo che capita. Il mio medico di famiglia lo scelgo io\u00bb: \u00e8, come ricorda Milillo, lo slogan della grande iniziativa informativa che sta &#8220;viaggiando&#8221; sugli autobus e i tram delle citt\u00e0 italiane: da Torino a Bologna a Genova per raggiungere cos\u00ec i cittadini e sensibilizzarli sui rischi che sta correndo la medicina generale. \u00abTra qualche giorno ci saranno le elezioni regionali &#8211; aggiunge Milillo &#8211; e bisogner\u00e0 verificare come procedono le trattative. \u00c8 chiaro che se dovessimo ritrovarci sempre di fronte alla stessa situazione noi chiederemo al governo e al ministro Lorenzin di procedere per via di decretazione\u00bb.<\/p>\n<p>All&#8217;inizio della protesta la Fimmg aveva annunciato che proprio al centro della questione c&#8217;erano le Regioni: \u00abLa politica delle Regioni, mira &#8211; aveva fatto sapere in conferenza stampa &#8211; a limitare la professionalit\u00e0 e libert\u00e0 del medico nel suo rapporto di fiducia con i pazienti ed \u00e8 guidata solo da criteri economicistici e di bilancio\u00bb. Paradossalmente, secondo i medici di base, il rischio \u00e8 che si arriver\u00e0 al punto in cui a &#8220;curare&#8221; il paziente sar\u00e0 il burocrate regionale che, imponendo limitazioni a tavolino, impedir\u00e0 al medico di esercitare liberamente la propria professione nell&#8217;interesse del paziente: \u00abMagari il medico riterr\u00e0 necessario prescrivere un numero X di esami e farmaci, ma sar\u00e0 costretto a prescriverne solo alcuni per i limiti di bilancio imposti, e gli altri dovr\u00e0 pagarseli il cittadino\u00bb.<\/p>\n<p><a href=\"http:\/\/www.doctor33.it\/sciopero-mmg-milillo-fimmg-la-mobilitazione-e-ancora-in-atto\/politica-e-sanita\/news--29346.html?xrtd=VVSACSXXSTRRTPRCYRXPYVS\" target=\"_blank\" rel=\"noopener\"><span style=\"color: #0000ff;\">Rossella Gemma &#8211;\u00a0Gioved\u00ec, 28 Maggio 2015 &#8211; Doctor33<\/span><\/a><\/p>\n<h2 id=\"cont_art_title\"><span style=\"color: #ff0000;\">Esodo Mmg, in Italia e Inghilterra ostacolo a riforme sanitarie<\/span><\/h2>\n<p><img decoding=\"async\" class=\"alignright\" src=\"http:\/\/1.bp.blogspot.com\/-mULV6K74VJ4\/TrZNlHqocuI\/AAAAAAAAC48\/aWvQHTQJetA\/s728\/FCf.coll.jpg\" alt=\"\" \/>\u00abUna ri-fondazione della medicina generale centrata sul medico di famiglia in Italia \u00e8 molto improbabile cos\u00ec come sta risultando impossibile in Gran Bretagna, dove pure i medici prendono pi\u00f9 di noi e sono forniti di personale\u00bb. L&#8217;allarme lo lancia <b>Francesco Carelli<\/b> membro italiano del Royal College of General Practitioners, conoscitore delle riforme sanitarie di laburisti e conservatori.<\/p>\n<p>\u00abI 30 mila GP britannici sono pochi e l&#8217;et\u00e0 media \u00e8 alta, mancano 8 mila unit\u00e0 e il 20% dei giovani specializzandi vorrebbe lavorare all&#8217;estero, in paesi del Commonwealth dove non si accolla loro la riorganizzazione del servizio\u00bb, spiega Carelli. \u00abPrendere in carico funzioni organizzative vuol dire non potersi dedicare al paziente come ha chiarito il recente sondaggio della British Medical Association dove molti colleghi inglesi hanno affermato di reputare insufficienti anche dieci minuti di consultazione di media per un paziente. Stiamo parlando di studi dove la capillarit\u00e0 \u00e8 resa possibile dall&#8217;organizzazione del servizio, infermieri e collaboratori\u00a0 tanti e ben pagati, cos\u00ec come ben pagati sono i GPs in forza del contratto on Quality che assegn\u00f2 loro Tony Blair nel 2004.<\/p>\n<p>Ma i premi del contratto 2004 si scontrano ora con condizioni di convenzionamento peggiorate. Inoltre, sia da noi sia in Gran Bretagna entro il 2020 \u00e8 atteso l&#8217;esodo di fino a un terzo dei Mmg e in queste condizioni non sembra possibile la ri-fondazione impostata da Fimmg che punta tutto sulle qualit\u00e0 organizzative dei medici di famiglia: doversi costituire in cooperativa, occuparsi in parte di problemi contabili e di certo di organizzazione e informatizzazione, relazionare con nuovi colleghi giuridicamente dipendenti da te, e tutto a 60 anni appare uno sforzo immane\u00bb.<\/p>\n<p>\u00ab\u00c8 vero che oggi c&#8217;\u00e8 un eccesso di attivit\u00e0 informatiche e non legate alla clinica &#8211; replica <b>Florence Corti<\/b> area comunicazione Fimmg &#8211; ed \u00e8 vero che l&#8217;et\u00e0 media dei Mmg pu\u00f2 essere alta ma non lo \u00e8 abbastanza da farci rinunciare a occuparci della nostra crescita, che non pu\u00f2 non passare da una crescita gestionale: ad esempio, in prospettiva, le cooperative di servizio permettono al medico di non perdere pi\u00f9 tempo\u00bb. S\u00ec, ma per ora? \u00abNon vedo altre possibilit\u00e0; se non una pseudo dipendenza, senza benefici giuridici e con tanti ordini di servizio dell&#8217;azienda, somigliante al rapporto che hanno molti medici delle cliniche private, liberi professionisti solo sulla carta. Io dico: impariamo dai farmacisti. Anziani quanto e pi\u00f9 di noi, di fronte all&#8217;aumento dei costi di acquisto e distribuzione, pur consci che i tempi dei guadagni erano finiti, si sono detti che dovevano imparare a gestire il sistema da soli o sarebbe stato loro sfilato; hanno costruito le cooperative e si sono posti pi\u00f9 che mai come soggetti indipendenti dal Ssn, al punto da costruire un modello di farmacia dei servizi normato a livello nazionale e regionale. Questa secondo Fimmg \u00e8 l&#8217;unica strada, il resto sono teorizzazioni\u00bb. Conclude Corti: \u00abI medici inglesi prendono di pi\u00f9? Guardiamo al costo della vita e dei dipendenti, i confronti non si fanno con i soli numeri Bma e i pochi italiani che ho visto trasferirsi Oltremanica sono tornati volentieri qui\u00bb.<\/p>\n<p><a href=\"http:\/\/www.doctor33.it\/esodo-mmg-in-italia-e-inghilterra-ostacolo-a-riforme-sanitarie\/politica-e-sanita\/news--29338.html?xrtd=VVSACSXXSTRRTPRCYRXPYVS\" target=\"_blank\" rel=\"noopener\"><span style=\"color: #0000ff;\">Mauro Miserendino &#8211;\u00a0Gioved\u00ec, 28 Maggio 2015 &#8211; Doctor33<\/span><\/a><\/p>","protected":false},"excerpt":{"rendered":"<p>\u00abLa nostra mobilitazione \u00e8 ancora in atto ed \u00e8 testimoniata da tutti i manifesti che sono in giro per le principali citt\u00e0 italiane, con lo slogan &#8220;Io non vado col primo che capita&#8221;. \u00c8 stato solo revocato lo sciopero a fronte di un accordo importante e rispetto al quale il governo si \u00e8 impegnato su &hellip;<\/p>","protected":false},"author":4,"featured_media":18847,"comment_status":"closed","ping_status":"closed","sticky":false,"template":"","format":"standard","meta":{"footnotes":""},"categories":[1],"tags":[79],"class_list":["post-19255","post","type-post","status-publish","format-standard","has-post-thumbnail","hentry","category-notizie","tag-ssn"],"amp_enabled":true,"_links":{"self":[{"href":"https:\/\/www.fedaiisf.it\/en\/wp-json\/wp\/v2\/posts\/19255","targetHints":{"allow":["GET"]}}],"collection":[{"href":"https:\/\/www.fedaiisf.it\/en\/wp-json\/wp\/v2\/posts"}],"about":[{"href":"https:\/\/www.fedaiisf.it\/en\/wp-json\/wp\/v2\/types\/post"}],"author":[{"embeddable":true,"href":"https:\/\/www.fedaiisf.it\/en\/wp-json\/wp\/v2\/users\/4"}],"replies":[{"embeddable":true,"href":"https:\/\/www.fedaiisf.it\/en\/wp-json\/wp\/v2\/comments?post=19255"}],"version-history":[{"count":0,"href":"https:\/\/www.fedaiisf.it\/en\/wp-json\/wp\/v2\/posts\/19255\/revisions"}],"wp:featuredmedia":[{"embeddable":true,"href":"https:\/\/www.fedaiisf.it\/en\/wp-json\/wp\/v2\/media\/18847"}],"wp:attachment":[{"href":"https:\/\/www.fedaiisf.it\/en\/wp-json\/wp\/v2\/media?parent=19255"}],"wp:term":[{"taxonomy":"category","embeddable":true,"href":"https:\/\/www.fedaiisf.it\/en\/wp-json\/wp\/v2\/categories?post=19255"},{"taxonomy":"post_tag","embeddable":true,"href":"https:\/\/www.fedaiisf.it\/en\/wp-json\/wp\/v2\/tags?post=19255"}],"curies":[{"name":"wp","href":"https:\/\/api.w.org\/{rel}","templated":true}]}}