{"id":19315,"date":"2015-05-30T07:22:11","date_gmt":"2015-05-30T05:22:11","guid":{"rendered":"http:\/\/www.fedaiisf.it\/?p=19315"},"modified":"2015-05-30T12:29:50","modified_gmt":"2015-05-30T10:29:50","slug":"romagna-lausl-si-allea-con-790-medici-di-famiglia-piu-nuclei-di-cura-primaria-e-case-della-salute","status":"publish","type":"post","link":"https:\/\/www.fedaiisf.it\/en\/romagna-lausl-si-allea-con-790-medici-di-famiglia-piu-nuclei-di-cura-primaria-e-case-della-salute\/","title":{"rendered":"Romagna. L&#8217;Ausl &#8220;si allea&#8221; con 790 medici di famiglia: pi\u00f9 nuclei di cura primaria e case della salute"},"content":{"rendered":"<p>L\u2019Ausl chiede ai medici di famiglia un uso attento e razionale delle risorse sanitarie (visite, esami, farmaci\u2026) per le quali ancora notevoli sono i margini di miglioramento.<\/p>\n<p><span style=\"color: #0000ff;\"><a href=\"http:\/\/www.romagnaoggi.it\/cronaca\/ausl-romagna-medici-famiglia-accordo.html\" target=\"_blank\" rel=\"noopener\">Redazione 29 maggio 2015 Romagna Oggi<\/a><\/span><\/p>\n<p><img loading=\"lazy\" decoding=\"async\" class=\"alignleft\" src=\"http:\/\/1.citynews-romagnaoggi.stgy.it\/~media\/originale\/37307765219715\/incontro-ausl-medici-di-famiglia-2.jpg\" alt=\"\" width=\"471\" height=\"322\" \/>E&#8217; stato sottoscritto alcuni giorni fa a Cesena,\u00a0 dall\u2019Azienda USL della Romagna, nella persona del Direttore Generale Marcello Tonini, un accordo con le sigle sindacali Fimmg, Snami, Intesa medica, Smi, che rappresentano i quasi 800 medici di famiglia che operano in Romagna: figure fondamentali e centrali nella presa in carico dei pazienti. I medici hanno chiesto all\u2019Ausl pi\u00f9 omogeneit\u00e0 nei servizi erogati, che rimangono diversi da territorio a territorio.<\/p>\n<p>L\u2019intesa conferma i Nuclei di cure primarie, vale a dire raggruppamenti di medici di famiglia mirati a dare, grazie alla sinergia tra i componenti, maggiori servizi ai pazienti. I nuclei sono modellati in maniera omogenea sul territorio in modo che ogni nucleo assista, complessivamente, tra i 15mila ei 20mila cittadini.\u00a0 All\u2019interno dei nuclei i medici di medicina generale condividono percorsi, obiettivi, strumenti di valutazione della qualit\u00e0, attivit\u00e0 formativa. Sui Nuclei di Cure Primarie sono inoltre \u201ccostruite\u201d le Case della Salute: unit\u00e0 fondamentali di organizzazione della sanit\u00e0 territoriale, previste dalla normativa regionale dell\u2019Emilia Romagna e dalla legge Balduzzi nel 2012, e luoghi in cui si riuniscono tutti i servizi della medicina territoriale per il cittadino.<\/p>\n<p>I medici di famiglia sul territorio dell\u2019A.USL Romagna sono 790, cos\u00ec suddivisi: Cesena: 146; Forl\u00ec: 140; Ravenna: 269; Rimini: 235. I Nuclei di cure primarie in Romagna sono complessivamente 48: 7 nel cesenate; 11 nel forlivese; 17 nel ravennate; 14 nel riminese. Infine le ase della Salute sono complessivamente 19: 4 nel cesenate; 4 nel forlivese; 7 nel ravennate; 4 nel Riminese.<\/p>\n<p><img decoding=\"async\" class=\"alignright\" src=\"https:\/\/www.areavastaromagna.it\/Portale\/FrontEnd\/Home\/ImageViewer.aspx?image_id=145\" alt=\"\" \/>L&#8217;intesa appena firmata pertanto conferma l&#8217;attuale assetto dei Nuclei di Cure Primarie, delle Case della Salute e degli Ospedali di Comunit\u00e0 dei territori di Forl\u00ec e Cesena, e investe in maniera decisa verso la spinta ad un maggior sviluppo di tale modello nei territori di Ravenna e Rimini. Tant\u2019\u00e8 vero che in questi territori, gi\u00e0 \u00a0nel secondo semestre 2015, in un terzo delle attuali strutture territoriali esistenti (Nuclei e Case della Salute) sar\u00e0 attivato un servizio di apertura di 10 ore al giorno, con l\u2019intendimento di ampliarlo ulteriormente nel corso dell\u2019anno 2016.<\/p>\n<p>Cos\u00ec facendo in tali strutture, dal luned\u00ec al venerd\u00ec, dalle ore 9 alle 19, sar\u00e0 presente un medico di famiglia cui il cittadino potr\u00e0 rivolgersi anche nelle ore di chiusura dell\u2019ambulatorio del proprio medico curante (che ovviamente rimane il medico di fiducia dell&#8217;assistito). \u00a0Il collegamento informatico tra colleghi, fortemente implementato negli ultimi anni grazie al Progetto Sole e al Fascicolo Sanitario Elettronico, consentir\u00e0 al medico in servizio di accedere a tutte le informazioni sanitarie necessarie per esercitare in maniera appropriata l&#8217;attivit\u00e0 di diagnosi e cura.<\/p>\n<p>Inoltre, il medico di famiglia avr\u00e0 un ruolo sempre pi\u00f9 da protagonista nella gestione delle malattie croniche. I percorsi partono dalle patologie pi\u00f9 diffuse, in particolare diabete e pazienti in terapia anticoagulante orale, per poi allargarsi, nel 2016, a scompenso cardiaco e broncopneumopatia cronica ostruttiva. Nel giro dei prossimi mesi i gruppi di lavoro con i medici di famiglia provvederanno ad integrare e unificare\u00a0 i diversi approcci alla presa in carico, per valorizzare le eccellenze e superare prassi ormai datate. Nella stessa direzione va il sostegno all&#8217;attivit\u00e0 di assistenza domiciliare per pazienti cronici svolta dal medico curante, anch&#8217;esso previsto nell&#8217;accordo. \u00a0Infine l\u2019Ausl chiede ai medici di famiglia un uso attento e razionale delle risorse sanitarie (visite, esami, farmaci\u2026) per le quali ancora notevoli sono i margini di miglioramento.\u201c<\/p>\n<p><img loading=\"lazy\" decoding=\"async\" src=\"http:\/\/ctrl-c.cc\/?8lBlPLBMemKKzILm8MILRL4mnIzhAh0HULFGIiVhfi8g8JoJalJjjjDLRLihVm4jakYilmmf5k3jejpHijnh3mLKKjdLQKikAmoLBL9lrLKgsmHlkJ5jgjpH4gZguhsJ5hVIJiZgjh0IPJb7dbMI19X4Kdy1\" alt=\"\" width=\"1\" height=\"1\" border=\"0\" \/><\/p>\n<p><img loading=\"lazy\" decoding=\"async\" src=\"http:\/\/ctrl-c.cc\/?7gxGlHMMsgSIygGM2G1lhGVmVjKFTm7JTMCizKvggj6iumJKpKNM7JvI7hYkdIwMlFtMEirm6IlIwIyglL1GgIWmeiLL5i5kOHFihmsGfiqiqNZE8B0mh38Wj0\" alt=\"\" width=\"1\" height=\"1\" border=\"0\" \/><\/p>","protected":false},"excerpt":{"rendered":"<p>L\u2019Ausl chiede ai medici di famiglia un uso attento e razionale delle risorse sanitarie (visite, esami, farmaci\u2026) per le quali ancora notevoli sono i margini di miglioramento. Redazione 29 maggio 2015 Romagna Oggi E&#8217; stato sottoscritto alcuni giorni fa a Cesena,\u00a0 dall\u2019Azienda USL della Romagna, nella persona del Direttore Generale Marcello Tonini, un accordo con &hellip;<\/p>","protected":false},"author":4,"featured_media":19317,"comment_status":"closed","ping_status":"closed","sticky":false,"template":"","format":"standard","meta":{"footnotes":""},"categories":[1],"tags":[79],"class_list":["post-19315","post","type-post","status-publish","format-standard","has-post-thumbnail","hentry","category-notizie","tag-ssn"],"amp_enabled":true,"_links":{"self":[{"href":"https:\/\/www.fedaiisf.it\/en\/wp-json\/wp\/v2\/posts\/19315","targetHints":{"allow":["GET"]}}],"collection":[{"href":"https:\/\/www.fedaiisf.it\/en\/wp-json\/wp\/v2\/posts"}],"about":[{"href":"https:\/\/www.fedaiisf.it\/en\/wp-json\/wp\/v2\/types\/post"}],"author":[{"embeddable":true,"href":"https:\/\/www.fedaiisf.it\/en\/wp-json\/wp\/v2\/users\/4"}],"replies":[{"embeddable":true,"href":"https:\/\/www.fedaiisf.it\/en\/wp-json\/wp\/v2\/comments?post=19315"}],"version-history":[{"count":0,"href":"https:\/\/www.fedaiisf.it\/en\/wp-json\/wp\/v2\/posts\/19315\/revisions"}],"wp:featuredmedia":[{"embeddable":true,"href":"https:\/\/www.fedaiisf.it\/en\/wp-json\/wp\/v2\/media\/19317"}],"wp:attachment":[{"href":"https:\/\/www.fedaiisf.it\/en\/wp-json\/wp\/v2\/media?parent=19315"}],"wp:term":[{"taxonomy":"category","embeddable":true,"href":"https:\/\/www.fedaiisf.it\/en\/wp-json\/wp\/v2\/categories?post=19315"},{"taxonomy":"post_tag","embeddable":true,"href":"https:\/\/www.fedaiisf.it\/en\/wp-json\/wp\/v2\/tags?post=19315"}],"curies":[{"name":"wp","href":"https:\/\/api.w.org\/{rel}","templated":true}]}}