{"id":19492,"date":"2015-06-09T12:23:07","date_gmt":"2015-06-09T10:23:07","guid":{"rendered":"http:\/\/www.fedaiisf.it\/?p=19492"},"modified":"2015-06-09T12:24:43","modified_gmt":"2015-06-09T10:24:43","slug":"menarini-scatti-deccellenza-i-menarini-awards-dedicati-ai-migliori-informatori-scientifici-del-gruppo","status":"publish","type":"post","link":"https:\/\/www.fedaiisf.it\/en\/menarini-scatti-deccellenza-i-menarini-awards-dedicati-ai-migliori-informatori-scientifici-del-gruppo\/","title":{"rendered":"I Menarini Awards, dedicati ai migliori informatori scientifici del gruppo"},"content":{"rendered":"<h1 class=\"titleBig\"><span style=\"color: #ff0000;\">Menarini, scatti d\u2019eccellenza. Cento anni di storia in mostra<\/span><\/h1>\n<p><img loading=\"lazy\" decoding=\"async\" class=\"alignleft\" src=\"http:\/\/www.lanazione.it\/polopoly_fs\/1.1039901.1433763389!\/httpImage\/image.JPG_gen\/derivatives\/gallery_800\/image.JPG\" alt=\"Alberto Giovanni, Lucia Aleotti con Vicesindaco Cristina Giachi (Cortile Michelozzo, Palazzo Vecchi)\" width=\"388\" height=\"272\" \/>La storia di Menarini s\u2019intrecci\u00f2 a quella di Firenze 100 anni fa. Quando il gruppo si trasfer\u00ec nel quartiere Campo di Marte, dove ancora oggi ha la sua casa madre, perch\u00e9 all\u2019epoca tutti i farmaci erano contenuti in boccettine di vetro. E Firenze era un\u2019autentica eccellenza nel settore.<\/p>\n<p>Oggi questa straordinaria storia industriale \u00e8 raccontata attraverso immagini storiche e video, che compongono la mostra itinerante \u00ab100 anni di Menarini a Firenze\u00bb \u2013 inaugurata ieri da Lucia Aleotti e Alberto Giovanni Aleotti, rispettivamente presidente e vicepresidente del gruppo farmaceutico &#8211; che fino al 15 giugno rimarr\u00e0 nel cortile del Michelozzo, per poi muoversi in altri spazi cittadini tra cui Campo di Marte.<\/p>\n<p>Non solo: tutti i dettagli espositivi della mostra, che di fatto rappresenta uno spaccato culturale italiano negli anni del boom industriale, sono anche nella guida cartacea a disposizione dei visitatori, e reperibili tramite tablet e smartphone. \u00abInedite fotografie storiche, ricavate dagli archivi aziendali, svelano dettagli di urbanistica e <a href=\"http:\/\/www.fedaiisf.it\/wp-content\/uploads\/2015\/06\/Aleotti.F.lli-Menarini.jpg\"><img loading=\"lazy\" decoding=\"async\" class=\"size-medium wp-image-19496 alignright\" src=\"http:\/\/www.fedaiisf.it\/wp-content\/uploads\/2015\/06\/Aleotti.F.lli-Menarini-300x165.jpg\" alt=\"Aleotti.F.lli-Menarini\" width=\"300\" height=\"165\" srcset=\"https:\/\/www.fedaiisf.it\/wp-content\/uploads\/2015\/06\/Aleotti.F.lli-Menarini-300x165.jpg 300w, https:\/\/www.fedaiisf.it\/wp-content\/uploads\/2015\/06\/Aleotti.F.lli-Menarini-546x300.jpg 546w, https:\/\/www.fedaiisf.it\/wp-content\/uploads\/2015\/06\/Aleotti.F.lli-Menarini.jpg 450w\" sizes=\"auto, (max-width: 300px) 100vw, 300px\" \/><\/a>architettura industriale di inizio \u2018900 \u2013 spiegano Lucia e Alberto Giovanni Aleotti &#8211; creando parallelismi anche con quella che oggi \u00e8 Menarini: un gruppo presente in oltre 100 paesi al mondo che conta oltre 16mila dipendenti, ma sempre con la testa e il cuore saldamente a Firenze da 100 anni\u00bb.<\/p>\n<p>Ieri in Palazzo Vecchio si sono anche svolti i Menarini Awards, dedicati ai migliori informatori scientifici del gruppo che lavorano nel mondo. \u00abMenarini \u00e8 un\u2019azienda non solo protagonista della scena economica ma anche della vita cittadina e della cura per la collettivit\u00e0 &#8211; ha detto la vicesindaca Cristina Giachi-e questa mostra vuole essere un omaggio al grande contributo che il gruppo d\u00e0 alla crescita civile con i progetti sociali, tra cui il contributo al Festival dei bambini. Si collega inoltre anche agli anni di Firenze Capitale, ricordandoci come Firenze possa essere capitale di molte eccellenze\u00bb.<\/p>\n<p><a href=\"http:\/\/www.lanazione.it\/speciali\/menarini\/mostra-100-anni-foto-1.1039896\" target=\"_blank\" rel=\"noopener\"><span style=\"color: #0000ff;\">QN LA NAZIONE &#8211; 09\/06\/2015<\/span><\/a><\/p>\n<p>Related news: <a href=\"http:\/\/www.menarini.it\/Home\/Menarini-Comunica\/News\/Dettaglio-news\/ArticleId\/1870\/Le-foto-dei-100-anni-di-Menarini-a-Firenze\" target=\"_blank\" rel=\"noopener\"><span style=\"color: #0000ff;\">Comunicato Menarini<\/span><\/a><\/p>","protected":false},"excerpt":{"rendered":"<p>Menarini, scatti d\u2019eccellenza. Cento anni di storia in mostra La storia di Menarini s\u2019intrecci\u00f2 a quella di Firenze 100 anni fa. Quando il gruppo si trasfer\u00ec nel quartiere Campo di Marte, dove ancora oggi ha la sua casa madre, perch\u00e9 all\u2019epoca tutti i farmaci erano contenuti in boccettine di vetro. E Firenze era un\u2019autentica eccellenza &hellip;<\/p>","protected":false},"author":4,"featured_media":19498,"comment_status":"closed","ping_status":"closed","sticky":false,"template":"","format":"standard","meta":{"footnotes":""},"categories":[1],"tags":[23],"class_list":["post-19492","post","type-post","status-publish","format-standard","has-post-thumbnail","hentry","category-notizie","tag-informatore"],"amp_enabled":true,"_links":{"self":[{"href":"https:\/\/www.fedaiisf.it\/en\/wp-json\/wp\/v2\/posts\/19492","targetHints":{"allow":["GET"]}}],"collection":[{"href":"https:\/\/www.fedaiisf.it\/en\/wp-json\/wp\/v2\/posts"}],"about":[{"href":"https:\/\/www.fedaiisf.it\/en\/wp-json\/wp\/v2\/types\/post"}],"author":[{"embeddable":true,"href":"https:\/\/www.fedaiisf.it\/en\/wp-json\/wp\/v2\/users\/4"}],"replies":[{"embeddable":true,"href":"https:\/\/www.fedaiisf.it\/en\/wp-json\/wp\/v2\/comments?post=19492"}],"version-history":[{"count":0,"href":"https:\/\/www.fedaiisf.it\/en\/wp-json\/wp\/v2\/posts\/19492\/revisions"}],"wp:featuredmedia":[{"embeddable":true,"href":"https:\/\/www.fedaiisf.it\/en\/wp-json\/wp\/v2\/media\/19498"}],"wp:attachment":[{"href":"https:\/\/www.fedaiisf.it\/en\/wp-json\/wp\/v2\/media?parent=19492"}],"wp:term":[{"taxonomy":"category","embeddable":true,"href":"https:\/\/www.fedaiisf.it\/en\/wp-json\/wp\/v2\/categories?post=19492"},{"taxonomy":"post_tag","embeddable":true,"href":"https:\/\/www.fedaiisf.it\/en\/wp-json\/wp\/v2\/tags?post=19492"}],"curies":[{"name":"wp","href":"https:\/\/api.w.org\/{rel}","templated":true}]}}