{"id":19534,"date":"2015-06-11T08:31:26","date_gmt":"2015-06-11T06:31:26","guid":{"rendered":"http:\/\/www.fedaiisf.it\/?p=19534"},"modified":"2015-06-11T12:00:53","modified_gmt":"2015-06-11T10:00:53","slug":"depotenziare-il-ccnl-in-troppi-ne-pagherebbero-le-conseguenze","status":"publish","type":"post","link":"https:\/\/www.fedaiisf.it\/en\/depotenziare-il-ccnl-in-troppi-ne-pagherebbero-le-conseguenze\/","title":{"rendered":"Weaken the national collective bargaining agreement? Too many would suffer the consequences"},"content":{"rendered":"<p>La volont\u00e0 di Renzi di privilegiare la contrattazione di secondo livello afferma l&#8217;idea di un mercato duale, con una minoranza che gode dei benefici della produttivit\u00e0 e la maggioranza destinata a salari marginali<\/p>\n<p><a href=\"http:\/\/www.rassegna.it\/articoli\/2015\/06\/10\/122524\/depotenziare-il-ccnl-in-troppi-ne-pagherebbero-le-conseguenze\" target=\"_blank\" rel=\"noopener\"><span style=\"color: #0000ff;\"><em>DI GUIDO IOCCA &#8211;\u00a0<i>10\/06\/2015 &#8211; Rassegna.it<\/i><\/em><\/span><\/a><\/p>\n<p><img loading=\"lazy\" decoding=\"async\" class=\" alignleft\" src=\"http:\/\/i.huffpost.com\/gen\/2986932\/images\/o-SINDACATI-facebook.jpg\" alt=\"\" width=\"484\" height=\"242\" \/>Al presidente Renzi, si sa, il sistema di relazioni con le parti sociali interessa, ma solo a patto che sia lui a dettarne le regole. Cos\u00ec, ben venga (in linea del tutto teorica, beninteso) l\u2019interlocuzione con Cgil, Cisl e Uil, ma vuoi mettere quanto sarebbe meglio se le organizzazioni dei lavoratori si riducessero a una? Quanto risulterebbe semplificato lo scenario negoziale senza pi\u00f9 \u201csigle su sigle\u201d?<\/p>\n<p>Parole dal retrogusto decisamente autoritario, che mandano con un sol colpo a farsi benedire l\u2019idea di sindacato unitario, cara in particolare alla segretaria generale Cgil Susanna Camusso, poggiata per anni sulle solide basi di un assunto che fino a ieri sembrava di senso comune, e cio\u00e8 che il pluralismo tra le confederazioni rappresenta la migliore garanzia a sostegno della democrazia nei luoghi di lavoro.<\/p>\n<p>E pazienza se la nostra Costituzione, all\u2019articolo 39, dice che le modalit\u00e0 che disciplinano il diritto di associazione sindacale sono libere e non \u00e8 appannaggio di nessuno imporle (n\u00e9 tantomeno, facendo leva su di una posizione di potere, suggerirle). Ci\u00f2 che pi\u00f9 conta \u00e8 l\u2019agibilit\u00e0 politica del presidente del Consiglio e dei suoi pi\u00f9 stretti collaboratori.<\/p>\n<p>Ma come si spiega questo pesante sconfinamento in campo altrui da parte di Matteo Renzi? Cosa nasconde il suo iperattivismo sul versante delle riforme sociali? L\u2019uscita sul sindacato unico \u00e8 solo l\u2019ultima di una lunga serie di interferenze \u2013 dalla legge sulla rappresentanza alla ventilata stretta sugli scioperi nei servizi pubblici \u2013 che suonano come un appello rivolto alle associazioni sindacali (tutte, anche quelle a difesa degli interessi delle imprese) a rinnovarsi al pi\u00f9 presto, seguendo per\u00f2 un canovaccio che lo stesso premier ha la pretesa di metter loro a disposizione.<\/p>\n<p>E tra le tante idee lanciate negli ultimi tempi, nel mirino dell\u2019attuale inquilino di Palazzo Chigi sembra esserci, pi\u00f9 di ogni altra cosa, il trasferimento delle prerogative fondamentali della contrattazione da quella nazionale di categoria a quella aziendale, la carta su cui principalmente intende puntare \u2013 spalleggiato dagli autorevoli punti di vista di Sergio Marchionne e, pi\u00f9 di recente, di Mario Draghi \u2013 per rilanciare la produttivit\u00e0 nel nostro paese.<\/p>\n<p>I<a href=\"http:\/\/www.aboutpharma.com\/blog\/2014\/09\/01\/il-rapporto-di-lavoro-dell-informatore-scientifico-del-farmaco\/\" target=\"_blank\" rel=\"noopener\"><img decoding=\"async\" class=\" alignright\" src=\"http:\/\/www.aboutpharma.com\/wp-content\/uploads\/2014\/11\/l_5190_Immagine-x-sito-300x189.png\" alt=\"\" \/><\/a>l fatto \u00e8 che lo spostamento delle voci salariali sul livello di contrattazione legato alla produttivit\u00e0, con il risultato di un sostanziale svuotamento del ccnl, a cui non rimarrebbe che una mera funzione regolatoria, vede le tre sigle confederali attestate su posizioni diverse. Pi\u00f9 inclini al confronto Cisl e Uil (ferme comunque nel proporre una formula che preveda meccanismi di salvaguardia laddove non si faccia negoziazione decentrata), pi\u00f9 decisa nella difesa del ruolo del contratto nazionale la Cgil.<\/p>\n<p>Un orientamento, quello del sindacato di corso d\u2019Italia, bollato \u2013 soprattutto negli ambienti vicini al presidente del Consiglio \u2013 come conservatore, quando non addirittura rigidamente ideologico. Stanno veramente cos\u00ec le cose? Chi lo sostiene parla a sproposito, dimostrando come minimo una discreta dose di malafede. Non si pu\u00f2 far finta di non sapere che la pratica della contrattazione di secondo livello \u00e8 diffusa soltanto in una piccola parte del mondo del lavoro. Ignorarlo significa riproporre l\u2019idea di un mercato duale: da un lato, una minoranza di lavoratori che pu\u00f2 ambire ai benefici della produttivit\u00e0 e, dall\u2019altro, la maggioranza, destinata a condizioni salariali marginali.<\/p>\n<p><strong>Notizia correlata<\/strong>: 2013 &#8211; \u00a0<span style=\"color: #0000ff;\"><a style=\"color: #0000ff;\" href=\"http:\/\/www.fedaiisf.it\/wp-content\/uploads\/2015\/06\/La-solitudine-sindacale-dellisf.pdf\" target=\"_blank\">La solitudine sindacale dell&#8217;isf<\/a><\/span>. Bufera sul nuovo contratto ritenuto \u201ccontra legem\u201d. Si contestano il declassamento contrattuale ai livelli C1-C2 per gli ISF senza esperienza specifica e le nuove mansioni attribuite agli ISF dall\u2019art. 4 punto 64, pag. 27, del CCNL in conflitto con le normative di legge. Per gli Informatori vedi pag. 19 e 47 e 48:\u00a0\u00a0<span style=\"color: #0000ff;\"><strong><a style=\"color: #0000ff;\" href=\"http:\/\/www.femcacisl.it\/images\/allegati\/Stesura_evidenziata_2.pdf\" target=\"_blank\" rel=\"noopener\">CCNL<\/a><\/strong><\/span><\/p>\n<p><span style=\"color: #0000ff;\"><strong><a style=\"color: #0000ff;\" href=\"http:\/\/www.fedaiisf.it\/lazio-pfizer-femca-in-mobilita-15-informatori-scientifici-del-farmaco\/\" target=\"_blank\">Roberto Cecere<\/a><\/strong><\/span>, segretario generale della Femca Cisl Latina: \u201c\u2026 Il rischio reale che vediamo [<em>per gli Informatori Scientifici<\/em>], infatti, \u00e8 che si voglia puntare sempre pi\u00f9 verso una figura di \u2018venditore di medicinali\u2019, piuttosto che a quella di un \u00a0professionista preparato che sia di supporto ai medici ed al loro lavoro\u201d.<\/p>\n","protected":false},"excerpt":{"rendered":"<p>La volont\u00e0 di Renzi di privilegiare la contrattazione di secondo livello afferma l&#8217;idea di un mercato duale, con una minoranza che gode dei benefici della produttivit\u00e0 e la maggioranza destinata a salari marginali DI GUIDO IOCCA &#8211;\u00a010\/06\/2015 &#8211; Rassegna.it Al presidente Renzi, si sa, il sistema di relazioni con le parti sociali interessa, ma solo &hellip;<\/p>","protected":false},"author":4,"featured_media":8696,"comment_status":"closed","ping_status":"closed","sticky":false,"template":"","format":"standard","meta":{"footnotes":""},"categories":[1],"tags":[40,44],"class_list":["post-19534","post","type-post","status-publish","format-standard","has-post-thumbnail","hentry","category-notizie","tag-ccnl","tag-sindacati"],"amp_enabled":true,"_links":{"self":[{"href":"https:\/\/www.fedaiisf.it\/en\/wp-json\/wp\/v2\/posts\/19534","targetHints":{"allow":["GET"]}}],"collection":[{"href":"https:\/\/www.fedaiisf.it\/en\/wp-json\/wp\/v2\/posts"}],"about":[{"href":"https:\/\/www.fedaiisf.it\/en\/wp-json\/wp\/v2\/types\/post"}],"author":[{"embeddable":true,"href":"https:\/\/www.fedaiisf.it\/en\/wp-json\/wp\/v2\/users\/4"}],"replies":[{"embeddable":true,"href":"https:\/\/www.fedaiisf.it\/en\/wp-json\/wp\/v2\/comments?post=19534"}],"version-history":[{"count":0,"href":"https:\/\/www.fedaiisf.it\/en\/wp-json\/wp\/v2\/posts\/19534\/revisions"}],"wp:featuredmedia":[{"embeddable":true,"href":"https:\/\/www.fedaiisf.it\/en\/wp-json\/wp\/v2\/media\/8696"}],"wp:attachment":[{"href":"https:\/\/www.fedaiisf.it\/en\/wp-json\/wp\/v2\/media?parent=19534"}],"wp:term":[{"taxonomy":"category","embeddable":true,"href":"https:\/\/www.fedaiisf.it\/en\/wp-json\/wp\/v2\/categories?post=19534"},{"taxonomy":"post_tag","embeddable":true,"href":"https:\/\/www.fedaiisf.it\/en\/wp-json\/wp\/v2\/tags?post=19534"}],"curies":[{"name":"wp","href":"https:\/\/api.w.org\/{rel}","templated":true}]}}