{"id":19707,"date":"2015-06-18T17:42:08","date_gmt":"2015-06-18T15:42:08","guid":{"rendered":"http:\/\/www.fedaiisf.it\/?p=19707"},"modified":"2015-06-19T10:25:39","modified_gmt":"2015-06-19T08:25:39","slug":"roma-sanita-chiamparino-vicini-a-intesa-meno-tagli-farmaceutica","status":"publish","type":"post","link":"https:\/\/www.fedaiisf.it\/en\/roma-sanita-chiamparino-vicini-a-intesa-meno-tagli-farmaceutica\/","title":{"rendered":"Rome. Healthcare: Chiamparino, &quot;close to agreement, less pharmaceutical cuts&quot;"},"content":{"rendered":"<p><img loading=\"lazy\" decoding=\"async\" class=\"alignleft\" src=\"http:\/\/www.ansa.it\/webimages\/img_457x\/2014\/10\/16\/39e8d45a04713b9667ce3278a90171ff.jpg\" alt=\"\" width=\"157\" height=\"213\" \/>\u201cStiamo lavorando per una intesa, facendo di necessit\u00e0 virt\u00f9, ma la condizione \u00e8 che questi tagli sulla sanit\u00e0 siano rivisti nel 2016 anche alla luce del carico che viene dai farmaci salvavita, pari a 400 milioni: \u00e8 come se i tagli fossero di 2,7 miliardi\u201d. Cos\u00ec il presidente della Conferenza delle Regioni, Sergio Chiamaparino. \u201cIo mi auguro che il 2 luglio l\u2019intesa sia possibile\u201d.<\/p>\n<p>\u201cA me risulta che in via tecnica non siamo distanti da una intesa anche sulla parte complessa della farmaceutica, riducendo a non moltissimi milioni il taglio a carico della farmaceutica, ma l\u2019intesa va fatta: per renderla operativa ci sono pochi mesi\u201d, ha proseguito Chiamparino.<\/p>\n<p>Dunque, si sta lavorando su un nuovo testo di accordo e si ridurr\u00e0 il taglio sulla farmaceutica. \u201cPiu\u2019 collaborativi di cos\u00ec mi sembra difficile\u201d, commenta Chiamparino. \u201cI tagli di quest\u2019anno al Fondo sanitario non vanno bene, avevamo chiesto un miliardo di tagli in meno, ma possiamo cercare di farceli andare bene a condizione che si faccia l\u2019intesa con quelle modalit\u00e0 previste e ci sia l\u2019impegno a non toccare il pluriennale\u201d, ha concluso.<\/p>\n<p><span style=\"color: #0000ff;\"><a style=\"color: #0000ff;\" href=\"http:\/\/12alle12.it\/roma-sanita-chiamparino-vicini-a-intesa-meno-tagli-farmaceutica-153395\" target=\"_blank\" rel=\"noopener\">18 GIU 2015 \u2013 LA VOCE<\/a><\/span><\/p>\n<h1 id=\"cont_art_title\"><span style=\"color: #ff0000;\">Tagli, Regioni al lavoro su nuovo testo. Su farmaceutica limatura<\/span><\/h1>\n<p>Un&#8217;intesa sui tagli della Stabilit\u00e0 di 2,3 miliardi di euro su cui si sta lavorando e dalle Regioni ci sarebbe un&#8217;apertura a rivedere l&#8217;impatto sulla farmaceutica, anche se \u00abnon di moltissimi milioni\u00bb. Questo almeno quanto sembra emergere al termine della conferenza delle regioni di ieri: \u00abStiamo lavorando per fare un&#8217;intesa\u00bb ha detto <b>Sergio Chiamparino<\/b>, presidente della Conferenza delle Regioni, \u00abe sulla farmaceutica il taglio dovrebbe essere un po&#8217; ridotto\u00bb. I lavori si stanno orientando a un \u00abnuovo testo\u00bb ma arriva dalle Regioni l&#8217;ammonimento: i tagli sulla sanit\u00e0 vanno rivisti nel 2016 e questo significa che \u00e8 necessario che \u00abnel 2016 il Fondo sanitario nazionale venga rimpinguato\u00bb. Anche perch\u00e9, sottolinea Chiamparino, sono attesi dai farmaci salvavita 400 milioni di euro: \u00ab\u00e8 come se i tagli fossero di 2,7 miliardi\u00bb. L&#8217;augurio \u00e8 quindi che \u00abil 2 luglio l&#8217;intesa sia possibile\u00bb. Secondo Chiamparino, \u00abin via tecnica non siamo distanti anche sulla parte complessa della farmaceutica, riducendo a non moltissimi milioni il taglio a carico della farmaceutica\u00bb, ma l&#8217;intesa va fatta: anche perch\u00e9 per \u00abrenderla operativa ci sono pochi mesi\u00bb. Intanto sempre da Chiamparino arriva la conferma delle proprie dimissioni il 2 luglio e la dichiarazione di essere \u00abdisponibile per la rielezione a presidente della Conferenza delle Regioni ma sulla base di un mandato politico-istituzionale forte\u00bb. Per quanto riguarda la nomina dei nuovi vertici, avverr\u00e0 il 30 luglio, e fino a quella data \u00abi vecchi rimarranno in carica\u00bb.<\/p>\n<p><a href=\"http:\/\/www.doctor33.it\/tagli-regioni-al-lavoro-su-nuovo-testo-su-farmaceutica-limatura\/politica-e-sanita\/news--29747.html?xrtd=TCLYVXLTXLAPXRLRSCVSVLV\" target=\"_blank\" rel=\"noopener\"><span style=\"color: #0000ff;\">Francesca Giani &#8211;\u00a0Venerd\u00ec, 19 Giugno 2015 &#8211; Doctor33<\/span><\/a><\/p>","protected":false},"excerpt":{"rendered":"<p>\u201cStiamo lavorando per una intesa, facendo di necessit\u00e0 virt\u00f9, ma la condizione \u00e8 che questi tagli sulla sanit\u00e0 siano rivisti nel 2016 anche alla luce del carico che viene dai farmaci salvavita, pari a 400 milioni: \u00e8 come se i tagli fossero di 2,7 miliardi\u201d. Cos\u00ec il presidente della Conferenza delle Regioni, Sergio Chiamaparino. \u201cIo &hellip;<\/p>","protected":false},"author":4,"featured_media":9631,"comment_status":"closed","ping_status":"closed","sticky":false,"template":"","format":"standard","meta":{"footnotes":""},"categories":[1],"tags":[26,79],"class_list":["post-19707","post","type-post","status-publish","format-standard","has-post-thumbnail","hentry","category-notizie","tag-spesa-farmaceutica","tag-ssn"],"amp_enabled":true,"_links":{"self":[{"href":"https:\/\/www.fedaiisf.it\/en\/wp-json\/wp\/v2\/posts\/19707","targetHints":{"allow":["GET"]}}],"collection":[{"href":"https:\/\/www.fedaiisf.it\/en\/wp-json\/wp\/v2\/posts"}],"about":[{"href":"https:\/\/www.fedaiisf.it\/en\/wp-json\/wp\/v2\/types\/post"}],"author":[{"embeddable":true,"href":"https:\/\/www.fedaiisf.it\/en\/wp-json\/wp\/v2\/users\/4"}],"replies":[{"embeddable":true,"href":"https:\/\/www.fedaiisf.it\/en\/wp-json\/wp\/v2\/comments?post=19707"}],"version-history":[{"count":0,"href":"https:\/\/www.fedaiisf.it\/en\/wp-json\/wp\/v2\/posts\/19707\/revisions"}],"wp:featuredmedia":[{"embeddable":true,"href":"https:\/\/www.fedaiisf.it\/en\/wp-json\/wp\/v2\/media\/9631"}],"wp:attachment":[{"href":"https:\/\/www.fedaiisf.it\/en\/wp-json\/wp\/v2\/media?parent=19707"}],"wp:term":[{"taxonomy":"category","embeddable":true,"href":"https:\/\/www.fedaiisf.it\/en\/wp-json\/wp\/v2\/categories?post=19707"},{"taxonomy":"post_tag","embeddable":true,"href":"https:\/\/www.fedaiisf.it\/en\/wp-json\/wp\/v2\/tags?post=19707"}],"curies":[{"name":"wp","href":"https:\/\/api.w.org\/{rel}","templated":true}]}}