{"id":19738,"date":"2015-06-19T10:39:31","date_gmt":"2015-06-19T08:39:31","guid":{"rendered":"http:\/\/www.fedaiisf.it\/?p=19738"},"modified":"2015-06-19T10:50:17","modified_gmt":"2015-06-19T08:50:17","slug":"antitrust-insiste-piu-mercato-piu-competitivita-nel-mirino-anche-le-farmacie","status":"publish","type":"post","link":"https:\/\/www.fedaiisf.it\/en\/antitrust-insiste-piu-mercato-piu-competitivita-nel-mirino-anche-le-farmacie\/","title":{"rendered":"Antitrust insists: more market, more competitiveness. Pitruzzella: &quot;Pharmaceutical market subject to great attention&quot;"},"content":{"rendered":"<h1 id=\"cont_art_title\"><span style=\"color: #ff0000;\">Antitrust insiste: pi\u00f9 mercato, pi\u00f9 competitivit\u00e0. Nel mirino anche le farmacie<\/span><\/h1>\n<p><img loading=\"lazy\" decoding=\"async\" class=\"alignleft\" src=\"http:\/\/upload.wikimedia.org\/wikipedia\/commons\/6\/6b\/42-aspetti_di_vita_quotidiana,_medicine,Taccuino_Sanitatis,.jpg\" alt=\"\" width=\"223\" height=\"245\" \/>Ci sono anche le farmacie tra i \u00absettori in cui regolazioni ingiustificatamente restrittive, spesso introdotte a livello locale, frenano l&#8217;accesso al mercato, distorcono le scelte imprenditoriali e tendono a mantenere, a svantaggio dei consumatori e dell&#8217;intera economia nazionale, una struttura produttiva obsoleta e caratterizzata da scarse innovazioni, da prezzi elevati e da una bassa crescita\u00bb.<\/p>\n<p>Parola di <b>John Pitruzzella<\/b>, presidente dell&#8217;Antitrust che nella sua consueta relazione annuale si sofferma anche sul ruolo delle farmacie e sulla necessit\u00e0 di regolare anche questo settore che cos\u00ec come altri dalle telecomunicazioni alle energie rinnovabili necessita \u00abdi regolazione, poich\u00e9 sono ampiamente caratterizzati da esternalit\u00e0, asimmetrie informative, esigenze di servizio universale e condizioni di monopolio naturale\u00bb.<\/p>\n<p>Del resto che le farmacie siano nel mirino dell&#8217;Antitrust non \u00e8 una novit\u00e0 visto che il discusso Ddl concorrenza ora al vaglio delle Camere \u00e8 stato largamente ispirato proprio dai contenuti della relazione dell&#8217;Autorit\u00e0 dello scorso anno. E non a caso Pitruzzella dedica parte della sua relazione proprio al disegno di legge annuale sulla concorrenza, presentato ad Aprile dal governo all&#8217;esame del Parlamento. Secondo il presidente Antitrust l&#8217;approvazione parlamentare dovrebbe garantire \u00abun&#8217;ulteriore spinta all&#8217;apertura dei mercati e all&#8217;aumento della competitivit\u00e0\u00bb.<\/p>\n<p>L<img loading=\"lazy\" decoding=\"async\" class=\"alignright\" src=\"http:\/\/www.prontoconsumatore.it\/wp-content\/uploads\/2015\/06\/Pitruzzella.jpg\" alt=\"\" width=\"293\" height=\"193\" \/>&#8216;apertura alla concorrenza\u00bb continua \u00absi colloca nell&#8217;ambito di un cambiamento del quadro giuridico che finalmente sta creando un ambiente favorevole all&#8217;iniziativa economica e che rimuove alcune delle principali cause del deficit di competitivit\u00e0. Una regolazione meno invadente\u00bb continua Pitruzzella \u00abaumenterebbe la libert\u00e0 imprenditoriale e le opportunit\u00e0 di imprese individui, amplierebbe gli ambiti di profitto e l&#8217;occupazione.<\/p>\n<p>Immediata la reazione positiva da parte delle Parafarmacie con apprezzamento per l&#8217;azione dell&#8217;antitrust, \u00abfondamentale per indebolire le pressioni di quei gruppi che puntualmente bloccano ogni riforma in favore dell&#8217;interesse pubblico\u00bb. Due i passaggi \u00abfondamentali\u00bb sottolineati da <b>David Gullotta<\/b> presidente della Federazione nazionale parafarmacie italiane: \u00abstart up ed eliminazioni delle limitazioni alle professioni\u00bb. \u00abAuspichiamo\u00bb dice Gullotta \u00abche si possa guardare positivamente all&#8217;esempio degli esercizi farmaceutici &#8211; le parafarmacie &#8211; aperti dai farmacisti sul territorio. Noi siamo fiduciosi, il lavoro in tandem dell&#8217;Antitrust e del ministro dello Sviluppo economico, <b>Federico Guidi<\/b>, ci fa sperare che si possa proseguire lungo questa strada con sempre pi\u00f9 forza e determinazione\u00bb.<\/p>\n<p><a href=\"http:\/\/www.farmacista33.it\/antitrust-insiste-piu-mercato-piu-competitivita-nel-mirino-anche-le-farmacie\/politica-e-sanita\/news--31962.html?xrtd=PSSPRTRSRVASRCXVCCSLXS\" target=\"_blank\" rel=\"noopener\"><span style=\"color: #0000ff;\">Marco Malagutti &#8211;\u00a0Venerd\u00ec, 19 Giugno 2015 &#8211; Farmacista33<\/span><\/a><\/p>\n<h1><span style=\"color: #ff0000;\">Concorrenza. La relazione dell&#8217;Antitrust al Parlamento. Pitruzzella: \u201cMercato farmaceutico oggetto di grande attenzione\u201d<\/span><\/h1>\n<h2><em>Dal caso Avastin\/Lucentis a quello Aspen sui farmaci antitumorali. Dai servizi di assistenza nei casi di danni da \u201cmalasanit\u00e0\u201d alle criticit\u00e0 legate ai tetti di spesa e volumi di attivit\u00e0 per le strutture della Sardegna e Calabria. Per finire le restrizioni alla pubblicit\u00e0 imposte dalla Fnomceo ai camici bianchi. Queste le criticit\u00e0 emerse dalla relazione annuale presentata oggi a Montecitorio dal presidente Pitruzzella. <span style=\"color: #0000ff;\"><a style=\"color: #0000ff;\" href=\"http:\/\/www.quotidianosanita.it\/allegati\/create_pdf.php?all=5069983.pdf\" target=\"_blank\" rel=\"noopener\">THE RELATIONSHIP<\/a><\/span><\/em><\/h2>\n<p>da quotidianosanit\u00e0\u00a018 giugno 2015 ( &#8230; <a href=\"http:\/\/www.quotidianosanita.it\/studi-e-analisi\/articolo.php?articolo_id=29170\" target=\"_blank\" rel=\"noopener\"><span style=\"color: #0000ff;\">continues<\/span><\/a>)<\/p>","protected":false},"excerpt":{"rendered":"<p>Antitrust insiste: pi\u00f9 mercato, pi\u00f9 competitivit\u00e0. Nel mirino anche le farmacie Ci sono anche le farmacie tra i \u00absettori in cui regolazioni ingiustificatamente restrittive, spesso introdotte a livello locale, frenano l&#8217;accesso al mercato, distorcono le scelte imprenditoriali e tendono a mantenere, a svantaggio dei consumatori e dell&#8217;intera economia nazionale, una struttura produttiva obsoleta e caratterizzata &hellip;<\/p>","protected":false},"author":4,"featured_media":946,"comment_status":"closed","ping_status":"closed","sticky":false,"template":"","format":"standard","meta":{"footnotes":""},"categories":[1],"tags":[41],"class_list":["post-19738","post","type-post","status-publish","format-standard","has-post-thumbnail","hentry","category-notizie","tag-leggisentenze"],"amp_enabled":true,"_links":{"self":[{"href":"https:\/\/www.fedaiisf.it\/en\/wp-json\/wp\/v2\/posts\/19738","targetHints":{"allow":["GET"]}}],"collection":[{"href":"https:\/\/www.fedaiisf.it\/en\/wp-json\/wp\/v2\/posts"}],"about":[{"href":"https:\/\/www.fedaiisf.it\/en\/wp-json\/wp\/v2\/types\/post"}],"author":[{"embeddable":true,"href":"https:\/\/www.fedaiisf.it\/en\/wp-json\/wp\/v2\/users\/4"}],"replies":[{"embeddable":true,"href":"https:\/\/www.fedaiisf.it\/en\/wp-json\/wp\/v2\/comments?post=19738"}],"version-history":[{"count":0,"href":"https:\/\/www.fedaiisf.it\/en\/wp-json\/wp\/v2\/posts\/19738\/revisions"}],"wp:featuredmedia":[{"embeddable":true,"href":"https:\/\/www.fedaiisf.it\/en\/wp-json\/wp\/v2\/media\/946"}],"wp:attachment":[{"href":"https:\/\/www.fedaiisf.it\/en\/wp-json\/wp\/v2\/media?parent=19738"}],"wp:term":[{"taxonomy":"category","embeddable":true,"href":"https:\/\/www.fedaiisf.it\/en\/wp-json\/wp\/v2\/categories?post=19738"},{"taxonomy":"post_tag","embeddable":true,"href":"https:\/\/www.fedaiisf.it\/en\/wp-json\/wp\/v2\/tags?post=19738"}],"curies":[{"name":"wp","href":"https:\/\/api.w.org\/{rel}","templated":true}]}}