{"id":20054,"date":"2015-07-03T11:16:02","date_gmt":"2015-07-03T09:16:02","guid":{"rendered":"http:\/\/www.fedaiisf.it\/?p=20054"},"modified":"2015-07-03T11:19:07","modified_gmt":"2015-07-03T09:19:07","slug":"editoriale-privacy-e-liberta","status":"publish","type":"post","link":"https:\/\/www.fedaiisf.it\/en\/editoriale-privacy-e-liberta\/","title":{"rendered":"Editorial. Privacy and freedom"},"content":{"rendered":"<p><img loading=\"lazy\" decoding=\"async\" class=\"alignleft\" src=\"http:\/\/www.repstatic.it\/content\/nazionale\/img\/2015\/05\/19\/050206677-9d224bb1-34b1-4972-8c71-bce58f49d214.jpg\" alt=\"\" width=\"239\" height=\"239\" \/>Di rilevante interesse la relazione del Garante Privacy Presidente <strong>Antonello Soro<\/strong>.<\/p>\n<p>Tra le molte cose esprime:&#8221; \u2026\u00c8 il &#8220;pianeta connesso&#8221; nuova dimensione delle nostre esistenze, che raccoglie non solo le tracce lasciate dal web, ma anche dai geolocalizzatori, dai dispositivi intelligenti, che elaborano, in tempo reale, perfino dati emotivi e dinamici.<\/p>\n<p>In questa rete pervasiva di oggetti, che interagiscono e comunicano costantemente, l&#8217;uomo rischia davvero di ridursi ad un supporto: da analizzare ed osservare nei comportamenti, da profilare per condizionarne le scelte, da sorvegliare per realizzare un controllo sempre pi\u00f9 invasivo, che di fatto si estende alle nostre abitazioni, alla nostra fisicit\u00e0.&#8221;<\/p>\n<p>Ed il Presidente continua&#8230;&#8221; Tutto ruota intorno ad una raccolta onnivora di dati.<\/p>\n<p>Ma nella societ\u00e0 digitale noi siamo i nostri dati e la vulnerabilit\u00e0 dei dati \u00e8 vulnerabilit\u00e0 delle nostre persone: da questa considerazione si deve partire per ricercare nuove e pi\u00f9 efficaci forme di tutela delle nostre libert\u00e0&#8221;<\/p>\n<p>La nostra Federazione ha, sicuramente, anticipato i tempi: il problema non \u00e8 la <strong>geolocalizzazione<\/strong>, il problema \u00e8 la violazione delle libert\u00e0 personali.<\/p>\n<p>No<img loading=\"lazy\" decoding=\"async\" class=\"alignright\" src=\"http:\/\/www.socialweb24.com\/wp-content\/uploads\/2013\/10\/Geolocalizzazione.jpg\" alt=\"\" width=\"306\" height=\"204\" \/>essuna modernit\u00e0 pu\u00f2 inficiare questo caposaldo sacro e assoluto nella vita dell&#8217;uomo: perch\u00e9 \u00e8 scritto nel DNA degli esseri viventi, a tutte le latitudini, comunque possa essere rappresentato.<\/p>\n<p>Chi prova a forzare questo DNA viene escluso dalla storia e materializza l&#8217;ombra del tiranno.<\/p>\n<p>Milioni di persone, nella storia evolutiva dell&#8217;uomo hanno sacrificato la propria vita, in un atto d&#8217;amore verso &#8220;l&#8217;idea&#8221;, ed hanno consentito, a noi tutti, di poter respirare senza polmoni artificiali: al fine di potere gridare la nostra incontenibile gioia per l&#8217;essere liberi.<\/p>\n<p>Noi, oggi, ripaghiamo questi sacrifici eroici con i pedinamenti&#8230;con il dettaglio minuto per minuto della nostra vita lavorativa ed abbiamo reso inutile il morire di tanti giovani, che &#8211; certamente- hanno avuto pi\u00f9 coraggio di noi.<\/p>\n<p>Attenzione&#8230;non ci sar\u00e0 nessun Dio stipendio, nessun Dio lavoro, che possa fermare l&#8217;anelito vitale, lo slancio naturale verso quel mondo libero, comunque evidenziato, che -se compresso- diventer\u00e0 nel tempo esplosivo e devastante.<\/p>\n<p><a href=\"http:\/\/www.fedaiisf.it\/wp-content\/uploads\/2015\/07\/privacylibert\u00e0.jpg\"><img loading=\"lazy\" decoding=\"async\" class=\"size-full wp-image-20058 alignleft\" src=\"http:\/\/www.fedaiisf.it\/wp-content\/uploads\/2015\/07\/privacylibert\u00e0.jpg\" alt=\"privacy&amp;libert\u00e0\" width=\"168\" height=\"83\" \/><\/a>A tutti voi, colleghi, pure con la responsabilit\u00e0 che ci \u00e8 propria e congeniale, chiediamo di vigilare affinch\u00e9 vengano smascherate forme di schiavit\u00f9, compatibili con un ritorno al passato.<\/p>\n<p>Chiedo agli imprenditori di ricordare che il nostro \u00e8 un rapporto di lavoro basato sulla fiducia.<\/p>\n<p>Chiedo ai sindacati di ricordare che gli ISF non hanno un orario giornaliero di lavoro, per cui le certificazioni minuto per minuto sono da ritenersi a nostro giudizio illegittime ed a rischio di violazione delle libert\u00e0 personali e private.<\/p>\n<p>Sono certo che CGIL CISL e UIL abbiano fatto il massimo per i diritti di tutti: magari ditelo anche a noi perch\u00e9 nessuno se ne \u00e8 accorto.<\/p>\n<p><a href=\"http:\/\/www.fedaiisf.it\/wp-content\/uploads\/2015\/07\/internet.diritti.jpg\"><img loading=\"lazy\" decoding=\"async\" class=\"wp-image-20062 alignright\" src=\"http:\/\/www.fedaiisf.it\/wp-content\/uploads\/2015\/07\/internet.diritti-300x285.jpg\" alt=\"internet.diritti\" width=\"195\" height=\"185\" srcset=\"https:\/\/www.fedaiisf.it\/wp-content\/uploads\/2015\/07\/internet.diritti-300x285.jpg 300w, https:\/\/www.fedaiisf.it\/wp-content\/uploads\/2015\/07\/internet.diritti-768x729.jpg 768w, https:\/\/www.fedaiisf.it\/wp-content\/uploads\/2015\/07\/internet.diritti-1024x972.jpg 1024w, https:\/\/www.fedaiisf.it\/wp-content\/uploads\/2015\/07\/internet.diritti.jpg 1025w\" sizes=\"auto, (max-width: 195px) 100vw, 195px\" \/><\/a>Ancora il Presidente Soro: &#8221; &#8230;.oltre al diritto alla rete, dobbiamo garantire, in rete, i diritti di tutti&#8230;.&#8221;<\/p>\n<p>A significare, che nessuna modernit\u00e0, nessuna esigenza commerciale o produttiva possa oscurare ambiti, che rientrino nei concetti di libert\u00e0 personali.<\/p>\n<p>Se ne deduce, che gli strumenti elettronici invasivi devono essere vietati.<\/p>\n<p>Presidente Soro, il Suo \u00e8 stato un intervento illuminante.<\/p>\n<p>&nbsp;<\/p>\n<p>Cav.Uff. Fabio Carinci<\/p>\n<p>FEDAIISF National President<\/p>\n<p>&nbsp;<\/p>\n<p>Related news: <span style=\"color: #0000ff;\"><a style=\"color: #0000ff;\" href=\"http:\/\/espresso.repubblica.it\/attualita\/2015\/06\/23\/news\/jobs-act-cosi-i-lavoratori-hanno-perduto-la-privacy-1.218383\" target=\"_blank\" rel=\"noopener\">Il Garante. Jobs Act: cos\u00ec i lavoratori perdono la privacy<\/a><\/span><\/p>\n<p><span style=\"color: #0000ff;\"><a style=\"color: #0000ff;\" href=\"http:\/\/194.242.234.211\/documents\/10160\/2148177\/Relazione+annuale+2014.pdf\" target=\"_blank\">Relazione del Garante<\/a><\/span><\/p>\n<p><span style=\"color: #0000ff;\"><a style=\"color: #0000ff;\" href=\"http:\/\/194.242.234.211\/documents\/10160\/2148177\/Relazione+2014+-+Discorso+del+Presidente+Antonello+Soro.pdf\" target=\"_blank\">Discorso del Presidente Antonello Soro<\/a><\/span><\/p>\n<p><span style=\"color: #0000ff;\"><a style=\"color: #0000ff;\" href=\"http:\/\/www.askanews.it\/politica\/jobs-act-boldrini-chiarire-tema-su-controlli-a-distanza_711541149.htm\" target=\"_blank\" rel=\"noopener\">Jobs Act, Boldrini: chiarire tema su controlli a distanza<\/a><\/span><\/p>\n<p><span style=\"color: #0000ff;\"><a style=\"color: #0000ff;\" href=\"http:\/\/www.fedaiisf.it\/en\/lavoro-da-strasburgo-rigidi-paletti-sul-controllo-a-distanza\/\" target=\"_blank\">Work: from Strasbourg rigid limits on remote control<\/a><\/span><\/p>\n<p>&nbsp;<\/p>","protected":false},"excerpt":{"rendered":"<p>Di rilevante interesse la relazione del Garante Privacy Presidente Antonello Soro. Tra le molte cose esprime:&#8221; \u2026\u00c8 il &#8220;pianeta connesso&#8221; nuova dimensione delle nostre esistenze, che raccoglie non solo le tracce lasciate dal web, ma anche dai geolocalizzatori, dai dispositivi intelligenti, che elaborano, in tempo reale, perfino dati emotivi e dinamici. In questa rete pervasiva &hellip;<\/p>","protected":false},"author":4,"featured_media":20060,"comment_status":"closed","ping_status":"closed","sticky":false,"template":"","format":"standard","meta":{"footnotes":""},"categories":[14],"tags":[36],"class_list":["post-20054","post","type-post","status-publish","format-standard","has-post-thumbnail","hentry","category-news-fedaiisf","tag-fedaiisfpresidente"],"amp_enabled":true,"_links":{"self":[{"href":"https:\/\/www.fedaiisf.it\/en\/wp-json\/wp\/v2\/posts\/20054","targetHints":{"allow":["GET"]}}],"collection":[{"href":"https:\/\/www.fedaiisf.it\/en\/wp-json\/wp\/v2\/posts"}],"about":[{"href":"https:\/\/www.fedaiisf.it\/en\/wp-json\/wp\/v2\/types\/post"}],"author":[{"embeddable":true,"href":"https:\/\/www.fedaiisf.it\/en\/wp-json\/wp\/v2\/users\/4"}],"replies":[{"embeddable":true,"href":"https:\/\/www.fedaiisf.it\/en\/wp-json\/wp\/v2\/comments?post=20054"}],"version-history":[{"count":0,"href":"https:\/\/www.fedaiisf.it\/en\/wp-json\/wp\/v2\/posts\/20054\/revisions"}],"wp:featuredmedia":[{"embeddable":true,"href":"https:\/\/www.fedaiisf.it\/en\/wp-json\/wp\/v2\/media\/20060"}],"wp:attachment":[{"href":"https:\/\/www.fedaiisf.it\/en\/wp-json\/wp\/v2\/media?parent=20054"}],"wp:term":[{"taxonomy":"category","embeddable":true,"href":"https:\/\/www.fedaiisf.it\/en\/wp-json\/wp\/v2\/categories?post=20054"},{"taxonomy":"post_tag","embeddable":true,"href":"https:\/\/www.fedaiisf.it\/en\/wp-json\/wp\/v2\/tags?post=20054"}],"curies":[{"name":"wp","href":"https:\/\/api.w.org\/{rel}","templated":true}]}}