{"id":20105,"date":"2015-07-06T08:05:53","date_gmt":"2015-07-06T06:05:53","guid":{"rendered":"http:\/\/www.fedaiisf.it\/?p=20105"},"modified":"2015-07-06T11:07:46","modified_gmt":"2015-07-06T09:07:46","slug":"honduras-agli-arresti-domiciliari-la-vicepresidente-del-parlamento","status":"publish","type":"post","link":"https:\/\/www.fedaiisf.it\/en\/honduras-agli-arresti-domiciliari-la-vicepresidente-del-parlamento\/","title":{"rendered":"Honduras. The vice president of parliament is under house arrest"},"content":{"rendered":"<p class=\"hentry__title\"><em>Guti\u00e9rrez era proprietaria di un\u2019azienda farmaceutica che ha venduto farmaci a prezzi maggiorati al ministero della salute, o anche medicine scadute e adulterate<\/em><\/p>\n<h1 class=\"hentry__title\" data-toggle-header=\"\">Agli arresti domiciliari la vicepresidente del parlamento in Honduras<\/h1>\n<p><img loading=\"lazy\" decoding=\"async\" class=\"alignleft\" src=\"http:\/\/www.elheraldo.hn\/csp\/mediapool\/sites\/dt.common.streams.StreamServer.cls?STREAMOID=wLuONw_UxPq$8dBiAzNWB8$daE2N3K4ZzOUsqbU5sYsvGLatID9PyUhgBU0lTUiiWCsjLu883Ygn4B49Lvm9bPe2QeMKQdVeZmXF$9l$4uCZ8QDXhaHEp3rvzXRJFdy0KqPHLoMevcTLo3h8xh70Y6N_U_CryOsw6FTOdKL_jpQ-&amp;CONTENTTYPE=image\/jpeg\" alt=\"\" width=\"267\" height=\"210\" \/>In Honduras la vicepresidente del Congresso, <strong>Lena Guti\u00e9rrez<\/strong>, \u00e8 stata messa agli arresti domiciliari insieme a suo padre e a due fratelli con l\u2019accusa di corruzione e di frode ai danni dello stato. Guti\u00e9rrez, che appartiene al Partito nazionale al governo nel paese, \u00e8 accusata di frode ai danni dello stato e di produzione di documenti falsi. Infatti Guti\u00e9rrez era proprietaria di un\u2019azienda farmaceutica che ha venduto farmaci a prezzi maggiorati al ministero della salute, o anche medicine scadute e adulterate.<\/p>\n<p>No<img decoding=\"async\" class=\"alignright\" src=\"https:\/\/encrypted-tbn1.gstatic.com\/images?q=tbn:ANd9GcSZT3_q-J4CLEu34k1oN1JjfnTDZiqYxVSVE528tN7U5Hu0NB0G\" alt=\"\" \/>elle ultime settimane di migliaia di persone sono scese in piazza a Tegucigalpa, la capitale dell\u2019Honduras, per chiedere le dimissioni del governo e del presidente Juan Orlando Hern\u00e1ndez accusato di essere coinvolto nel caso di corruzione che sta travolgendo la classe politica del paese.<\/p>\n<p>L\u2019opposizione chiede che sia aperta un\u2019inchiesta indipendente sullo scandalo di corruzione che ha coinvolto alcuni funzionari dell\u2019Istituto per la sicurezza sociale e alcuni politici che avrebbero preso tangenti per 200 milioni di dollari. Il presidente Hern\u00e1ndez ha ammesso che una parte della sua campagna elettorale nel 2013 \u00e8 stata finanziata da aziende e personalit\u00e0 legate allo scandalo, ma ha negato di essere personalmente coinvolto nella vicenda.<\/p>\n<p><a href=\"http:\/\/www.internazionale.it\/notizie\/2015\/07\/05\/agli-arresti-domiciliari-la-vicepresidente-del-parlamento-in-honduras\" target=\"_blank\" rel=\"noopener\"><span style=\"color: #0000ff;\">5 luglio 2015 &#8211; Internazionale<\/span><\/a><\/p>","protected":false},"excerpt":{"rendered":"<p>Guti\u00e9rrez era proprietaria di un\u2019azienda farmaceutica che ha venduto farmaci a prezzi maggiorati al ministero della salute, o anche medicine scadute e adulterate Agli arresti domiciliari la vicepresidente del parlamento in Honduras In Honduras la vicepresidente del Congresso, Lena Guti\u00e9rrez, \u00e8 stata messa agli arresti domiciliari insieme a suo padre e a due fratelli con &hellip;<\/p>","protected":false},"author":4,"featured_media":20108,"comment_status":"closed","ping_status":"closed","sticky":false,"template":"","format":"standard","meta":{"footnotes":""},"categories":[1],"tags":[],"class_list":["post-20105","post","type-post","status-publish","format-standard","has-post-thumbnail","hentry","category-notizie"],"amp_enabled":true,"_links":{"self":[{"href":"https:\/\/www.fedaiisf.it\/en\/wp-json\/wp\/v2\/posts\/20105","targetHints":{"allow":["GET"]}}],"collection":[{"href":"https:\/\/www.fedaiisf.it\/en\/wp-json\/wp\/v2\/posts"}],"about":[{"href":"https:\/\/www.fedaiisf.it\/en\/wp-json\/wp\/v2\/types\/post"}],"author":[{"embeddable":true,"href":"https:\/\/www.fedaiisf.it\/en\/wp-json\/wp\/v2\/users\/4"}],"replies":[{"embeddable":true,"href":"https:\/\/www.fedaiisf.it\/en\/wp-json\/wp\/v2\/comments?post=20105"}],"version-history":[{"count":0,"href":"https:\/\/www.fedaiisf.it\/en\/wp-json\/wp\/v2\/posts\/20105\/revisions"}],"wp:featuredmedia":[{"embeddable":true,"href":"https:\/\/www.fedaiisf.it\/en\/wp-json\/wp\/v2\/media\/20108"}],"wp:attachment":[{"href":"https:\/\/www.fedaiisf.it\/en\/wp-json\/wp\/v2\/media?parent=20105"}],"wp:term":[{"taxonomy":"category","embeddable":true,"href":"https:\/\/www.fedaiisf.it\/en\/wp-json\/wp\/v2\/categories?post=20105"},{"taxonomy":"post_tag","embeddable":true,"href":"https:\/\/www.fedaiisf.it\/en\/wp-json\/wp\/v2\/tags?post=20105"}],"curies":[{"name":"wp","href":"https:\/\/api.w.org\/{rel}","templated":true}]}}