{"id":20173,"date":"2015-07-09T11:00:39","date_gmt":"2015-07-09T09:00:39","guid":{"rendered":"http:\/\/www.fedaiisf.it\/?p=20173"},"modified":"2015-07-09T11:08:13","modified_gmt":"2015-07-09T09:08:13","slug":"appello-liberi-farmacisti","status":"publish","type":"post","link":"https:\/\/www.fedaiisf.it\/en\/appello-liberi-farmacisti\/","title":{"rendered":"Appeal Free Pharmacists"},"content":{"rendered":"<p><img decoding=\"async\" class=\"alignleft\" src=\"http:\/\/www.mnlf.it\/immagini\/banner\/Confederazioneanim.gif\" alt=\"Confederazioneanim.gif\" \/>\u201cThe unemployment pharmacy is one <a href=\"http:\/\/www.mnlf.it\/news.php?id=337\" target=\"_blank\" rel=\"noopener\"><span style=\"color: #0000ff;\">responsibility of the owners<\/span><\/a>. When in a professional category the number of precarious or unemployed people under the age of 45 reaches 23.5% (national figure 12.4%) there is obviously a problem\u201d.<\/p>\n<p>This is the accusation of the National Free Pharmacists Movement, according to which the economic crisis &quot;has made itself felt less in pharmacies than in other sectors, so much so that the first quarter of 2015 closed with a plus sign (2.8%), it is legitimate to ask a few questions&quot;.<\/p>\n<p>According to Vincenzo Devito, president of the Mnlf, &quot;the levels of unemployment and the highest levels of underemployment are dictated by the irresponsible behavior of a large part of the pharmacy owners&quot;.<\/p>\n<p>When &quot;post-graduate apprenticeship contracts are used increasingly massively, a real professional outrage for those who already have to take the pre-graduate apprenticeship, when part-time work is casually used, atypical contracts are used, irresponsibility can and must be denounced&quot;.<\/p>\n<p><a href=\"http:\/\/streamer.adnkronos.com\/Salute\/Newsletter\/data\/Pk125e15.pdf\" target=\"_blank\" rel=\"noopener\"><span style=\"color: #0000ff;\">July 9, 2015 \u2013 Pharma<em>Kronos<\/em><\/span><\/a><\/p>\n<h1 id=\"cont_art_title\"><span style=\"color: #ff0000;\">Ministerial table on pharmacists: enhancing the profession in the NHS<\/span><\/h1>\n<p>Patient information services, from the correct use of the drug, to the interaction between drugs and with food, to the conservation and disposal of expired drugs, collaboration with GPs and paediatricians of free choice, to develop patient empowerment and compliance; collaboration between districts and MMGs to develop integrated home care, involvement of pharmacies and pharmacists in prevention; participation in training and information campaigns on health and prevention; provision of IT services; new perspectives for the profession. These are the starting points for the table launched by the Ministry of Health, with the participation of the General Directorate of Health Professions and Human Resources of the NHS, dedicated to the professional activity of pharmacists and to the enhancement of their role in the NHS, which saw the participation of 7 representatives of the supply chain in the first settlement meeting (Fofi, Federfarma, Assofarm, Fnpi, Sifo, Fenagifar, Utifar). The context is that of a health system grappling with the need to reorganize and optimize itself, also in the light of economic savings, a process of dehospitalization and territorialization of care that has not yet been fully implemented, as well as total patient care and greater integration between all professions and players in the NHS, a health pact still to be implemented, but also the convention. If the first meeting served above all as a &quot;cognitive and informative tour and to better outline the objectives - to those indicated by the ministry were also added a review of the university and post-graduate training path and the implementation of the competitions&quot;, he explains <b>Pia Policicchio<\/b>, president Fenagifar, a next appointment could be in September. \u00abFor now we have started thinking about how to address these points and each of us has put intentions, positions, needs and skills on the table\u00bb. And the first comments from the profession arrive on the table: \u00abWe consider the table very positive and a great opportunity for our profession\u00bb he explains<b>Maria Grazia Cattaneo<\/b>Sifo Vice President. \u00abSeveral messages have emerged: great collaboration between the entire supply chain but also multi-professional within the NHS, an enhancement of the profession in all phases in which the pharmacist is relevant in drug therapy and in the use of devices, the importance of the profession to protect the patient and the good use of the therapy. And, in this, the priority is to place the patient at the center of the process. I consider the involvement of the human resources management to be particularly important, a sign that importance is given to the person who works, to the professional, to the skills. And I believe that there is no way to clarify the responsibilities of the various components of the profession, also giving minimum quality standards, with the hope that recognition will ensue, to work in the best way. And this can be an indispensable premise for an extension of the dialogue to other professions\u00bb. As for \u00abmy intervention in the table, I emphasized the need for the table to follow the patient&#039;s entire journey as a whole, in a logic of system, of taking charge, of real continuity of care and HT. It is a question of not looking at the assistance in pieces but in terms of a succession of paths: only in this way can one realize that all the figures and skills are needed and it will be possible to start a real process of integration. But also to the concept that optimization must derive from a quality of routes, it is attention to quality that determines a better and more efficient functioning of the NHS. And in general, the whole process should be accredited for minimum quality standards, which you cannot fail to have, to protect the patient and the operators \u00bb. But also fundamental &quot;the importance of young people, of training, of skills: for this reason it is necessary to protect university and specialist studies, also financially supporting the young people who choose our profession&quot;. Reflections also go to \u00abcomputerization of the paths to protect continuous monitoring and safety and the national therapeutic handbook: the hope is that the lack of homogeneity on the national territory can be overcome to protect the equity of our NHS. The presence of the pharmacist in hospital wards, as part of the care team, is desirable, due to their skills&quot;.<br \/>\nIn short, \u00abexpectations are high, for the good of the NHS and the patient. There is no time to waste and this is an opportunity that is given to us. The enhancement of the profession also passes through the dialogue and debate that arises about it. We will be fully available and, as we have always done, we will spare no effort by making our skills and strength available&quot;.<br \/>\n\u00abI believe that the table is a demonstration of how the Ministry of Health really cares about the profession, believes in the possibility of the pharmacist to be a point of reference for the citizen of the NHS and believes in the pharmacy as an actor in this process and as a provider of services. On the other hand, no structure such as the pharmacy can have this capacity\u00bb is Policicchio&#039;s opinion. \u00abThe work on which the Ministry asks us to concentrate is to arrive at a vision shared by all the components of the profession of problems and solutions for the NHS, in the direction of a project shared by all. But the underlying concept is also that of the network, of building a collaboration also with general medicine and free-choice paediatrics, among all aspects of the NHS. We are at the beginning, the work is certainly long and much will depend on the availability of all the participants\u00bb.<\/p>\n<p><a href=\"http:\/\/www.farmacista33.it\/tavolo-ministeriale-su-farmacisti-valorizzare-la-professione-nel-ssn\/politica-e-sanita\/news--32215.html?xrtd=TRRTTVCCPSAVAAAYSRTCPSR\" target=\"_blank\" rel=\"noopener\"><span style=\"color: #0000ff;\">Francesca Giani \u2013 Thursday, 09 July 2015 \u2013 Pharmacist33<\/span><\/a><\/p>","protected":false},"excerpt":{"rendered":"<p>&#8220;La farmacia in disoccupazione \u00e8 una responsabilit\u00e0 dei titolari. Quando in una categoria professionale il numero dei precari o inoccupati di et\u00e0 inferiore ai 45 anni raggiunge il 23,5% (dato nazionale 12,4%) c&#8217;\u00e8 evidentemente un problema&#8221;. E&#8217; l&#8217;accusa del Movimento nazionale liberi farmacisti, secondo cui la crisi economica &#8220;si \u00e8 fatta sentire meno in farmacia &hellip;<\/p>","protected":false},"author":4,"featured_media":8369,"comment_status":"closed","ping_status":"closed","sticky":false,"template":"","format":"standard","meta":{"footnotes":""},"categories":[1],"tags":[79],"class_list":["post-20173","post","type-post","status-publish","format-standard","has-post-thumbnail","hentry","category-notizie","tag-ssn"],"amp_enabled":true,"_links":{"self":[{"href":"https:\/\/www.fedaiisf.it\/en\/wp-json\/wp\/v2\/posts\/20173","targetHints":{"allow":["GET"]}}],"collection":[{"href":"https:\/\/www.fedaiisf.it\/en\/wp-json\/wp\/v2\/posts"}],"about":[{"href":"https:\/\/www.fedaiisf.it\/en\/wp-json\/wp\/v2\/types\/post"}],"author":[{"embeddable":true,"href":"https:\/\/www.fedaiisf.it\/en\/wp-json\/wp\/v2\/users\/4"}],"replies":[{"embeddable":true,"href":"https:\/\/www.fedaiisf.it\/en\/wp-json\/wp\/v2\/comments?post=20173"}],"version-history":[{"count":0,"href":"https:\/\/www.fedaiisf.it\/en\/wp-json\/wp\/v2\/posts\/20173\/revisions"}],"wp:featuredmedia":[{"embeddable":true,"href":"https:\/\/www.fedaiisf.it\/en\/wp-json\/wp\/v2\/media\/8369"}],"wp:attachment":[{"href":"https:\/\/www.fedaiisf.it\/en\/wp-json\/wp\/v2\/media?parent=20173"}],"wp:term":[{"taxonomy":"category","embeddable":true,"href":"https:\/\/www.fedaiisf.it\/en\/wp-json\/wp\/v2\/categories?post=20173"},{"taxonomy":"post_tag","embeddable":true,"href":"https:\/\/www.fedaiisf.it\/en\/wp-json\/wp\/v2\/tags?post=20173"}],"curies":[{"name":"wp","href":"https:\/\/api.w.org\/{rel}","templated":true}]}}