{"id":20195,"date":"2015-07-10T08:28:53","date_gmt":"2015-07-10T06:28:53","guid":{"rendered":"http:\/\/www.fedaiisf.it\/?p=20195"},"modified":"2015-07-10T17:34:38","modified_gmt":"2015-07-10T15:34:38","slug":"taglio-del-nastro-per-la-sede-del-gruppo-dompe-in-albania","status":"publish","type":"post","link":"https:\/\/www.fedaiisf.it\/en\/taglio-del-nastro-per-la-sede-del-gruppo-dompe-in-albania\/","title":{"rendered":"Ribbon cutting for the Domp\u00e9 Group headquarters in Albania"},"content":{"rendered":"<h4 class=\"site-block__title\">Il Gruppo biofarmaceutico italiano apre a Tirana la prima sede nel continente europeo<\/h4>\n<p>Of <a href=\"http:\/\/www.aboutpharma.com\/blog\/2015\/07\/09\/taglio-del-nastro-per-la-sede-del-gruppo-dompe-in-albania\/\" target=\"_blank\" rel=\"noopener\"><span style=\"color: #0000ff;\">Redazione Aboutpharma Online\u00a0&#8211;\u00a09 luglio 2015<\/span><\/a><\/p>\n<p><img decoding=\"async\" class=\"alignleft\" src=\"http:\/\/i.res.24o.it\/art\/impresa-e-territori\/2015-07-09\/la-farmaceutica-dompe-inaugura-nuova-sede-albania-180254\/images\/fotohome7.jpg?v1.20150710070123\" alt=\"\" \/>Taglio del nastro per la nuova sede del\u00a0<strong>Gruppo biofarmaceutico italiano Domp\u00e9<\/strong> in Albania, hub strategico per lo sviluppo e la diffusione dell\u2019innovazione farmaceutica verso l\u2019area Balcanica. La struttura, situata nel centro di Tirana, \u00e8 stata inaugurata oggi in occasione del convegno \u201cIl modello Albania, l\u2019innovazione strategica in sanit\u00e0 come motore per la crescita economica\u201d.<\/p>\n<p>\u201c\u00c8 con orgoglio che annunciamo l\u2019apertura della sede albanese, un momento integrato nel pi\u00f9 ampio progetto di sviluppo dell\u2019azienda, che vede nell\u2019internazionalizzazione uno dei propri punti cardine \u2013 afferma <strong>Sergio Domp\u00e9<\/strong>, president of the <img loading=\"lazy\" decoding=\"async\" class=\"alignright\" src=\"http:\/\/www.notiziariochimicofarmaceutico.it\/files\/2015\/07\/Domp---Sergio-e1436518155420.jpg\" alt=\"\" width=\"277\" height=\"241\" \/>societ\u00e0 \u2013 L\u2019Albania ha saputo creare le condizioni adatte per attrarre investimenti e competenze, facendo del settore sanitario uno degli asset strategici per la crescita del Paese. La prospettiva di rendere disponibili le nostre soluzioni terapeutiche si coniuga con l\u2019esperienza consolidata nell\u2019informazione scientifica. L\u2019obiettivo \u00e8 quello di porsi come interlocutore responsabile nello scenario sanitario albanese, instaurando una collaborazione concreta e un dialogo costante con gli stakeholder di riferimento\u201d.<\/p>\n<p>Grazie alla capacit\u00e0 di attrarre risorse e competenze nei settori pi\u00f9 dinamici, come \u00e8 quello della salute, l\u2019Albania si pone oggi come snodo di riferimento nell\u2019area balcanica. Lo sguardo verso il futuro e l\u2019attenzione alla sostenibilit\u00e0 stanno generando un modello sanitario che punta a rispondere ai bisogni dei cittadini, in maniera rinnovata. \u00c8 in questo contesto che Domp\u00e9 ha scelto di investire nel Paese.<\/p>\n<p>\u201cLa sede di Tirana rappresenta una scelta strategica nello sviluppo evolutivo dell\u2019azienda verso i mercati dell\u2019area balcanica e dell\u2019Europa dell\u2019est, oltre a una ulteriore conferma della qualit\u00e0 del nostro portfolio prodotti, a tutela dei bisogni di salute dei pazienti \u2013 aggiunge\u00a0<strong>Eugenio Aringhieri<\/strong>, Ceo Domp\u00e9 farmaceutici \u2013 L\u2019Albania rappresenta un partner di rilievo per l\u2019Italia, specie in un settore, come quello della salute, in cui sono tangibili le potenzialit\u00e0 di attrarre investimenti internazionali. Domp\u00e9 si inserisce in questo contesto con la consapevolezza di poter contribuire attivamente al processo di rinnovamento in atto che mira al miglioramento di servizi e soluzioni per il benessere delle persone.\u201d<\/p>\n<p>La sede albanese del Gruppo Domp\u00e9 ha come primo obiettivo lo sviluppo delle operazioni commerciali dell\u2019azienda. \u00c8 il primo passo di una strategia che prevede un progressivo ampliamento dell\u2019opera del gruppo farmaceutico italiano nel Paese e nell\u2019area Balcanica. Nella fase iniziale, Domp\u00e9 sar\u00e0 presente con il listino di farmaci della linea Primary Care, sia nell\u2019area degli Otc sia per i farmaci dispensabili su prescrizione medica. Gi\u00e0 nei primi due anni, inoltre, \u00e8 previsto il lancio di nuovi medicinali, nell\u2019ottica di un progressivo ampliamento del listino.<\/p>","protected":false},"excerpt":{"rendered":"<p>Il Gruppo biofarmaceutico italiano apre a Tirana la prima sede nel continente europeo di Redazione Aboutpharma Online\u00a0&#8211;\u00a09 luglio 2015 Taglio del nastro per la nuova sede del\u00a0Gruppo biofarmaceutico italiano Domp\u00e9 in Albania, hub strategico per lo sviluppo e la diffusione dell\u2019innovazione farmaceutica verso l\u2019area Balcanica. La struttura, situata nel centro di Tirana, \u00e8 stata inaugurata &hellip;<\/p>","protected":false},"author":4,"featured_media":20198,"comment_status":"closed","ping_status":"closed","sticky":false,"template":"","format":"standard","meta":{"footnotes":""},"categories":[1],"tags":[],"class_list":["post-20195","post","type-post","status-publish","format-standard","has-post-thumbnail","hentry","category-notizie"],"amp_enabled":true,"_links":{"self":[{"href":"https:\/\/www.fedaiisf.it\/en\/wp-json\/wp\/v2\/posts\/20195","targetHints":{"allow":["GET"]}}],"collection":[{"href":"https:\/\/www.fedaiisf.it\/en\/wp-json\/wp\/v2\/posts"}],"about":[{"href":"https:\/\/www.fedaiisf.it\/en\/wp-json\/wp\/v2\/types\/post"}],"author":[{"embeddable":true,"href":"https:\/\/www.fedaiisf.it\/en\/wp-json\/wp\/v2\/users\/4"}],"replies":[{"embeddable":true,"href":"https:\/\/www.fedaiisf.it\/en\/wp-json\/wp\/v2\/comments?post=20195"}],"version-history":[{"count":0,"href":"https:\/\/www.fedaiisf.it\/en\/wp-json\/wp\/v2\/posts\/20195\/revisions"}],"wp:featuredmedia":[{"embeddable":true,"href":"https:\/\/www.fedaiisf.it\/en\/wp-json\/wp\/v2\/media\/20198"}],"wp:attachment":[{"href":"https:\/\/www.fedaiisf.it\/en\/wp-json\/wp\/v2\/media?parent=20195"}],"wp:term":[{"taxonomy":"category","embeddable":true,"href":"https:\/\/www.fedaiisf.it\/en\/wp-json\/wp\/v2\/categories?post=20195"},{"taxonomy":"post_tag","embeddable":true,"href":"https:\/\/www.fedaiisf.it\/en\/wp-json\/wp\/v2\/tags?post=20195"}],"curies":[{"name":"wp","href":"https:\/\/api.w.org\/{rel}","templated":true}]}}