{"id":20321,"date":"2015-07-15T12:02:34","date_gmt":"2015-07-15T10:02:34","guid":{"rendered":"http:\/\/www.fedaiisf.it\/?p=20321"},"modified":"2015-07-15T13:25:29","modified_gmt":"2015-07-15T11:25:29","slug":"grecia-liberalizzazioni-farmacie-previste-dal-piano-aiuti-serrata-di-24-ore-in-francia-appello-dei-sindacati","status":"publish","type":"post","link":"https:\/\/www.fedaiisf.it\/en\/grecia-liberalizzazioni-farmacie-previste-dal-piano-aiuti-serrata-di-24-ore-in-francia-appello-dei-sindacati\/","title":{"rendered":"Greece, liberalization of pharmacies under the aid plan. 24 hour lockout. In France, an appeal from the trade unions"},"content":{"rendered":"<p><img loading=\"lazy\" decoding=\"async\" class=\"alignleft\" src=\"http:\/\/images.medicaldaily.com\/sites\/medicaldaily.com\/files\/styles\/full_breakpoints_theme_medicaldaily_desktop_1x\/public\/2015\/05\/28\/greece-drugs.jpg?itok=X7lDEbdZ\" alt=\"\" width=\"500\" height=\"333\" \/>C&#8217;\u00e8 anche la liberalizzazione tra le riforme che la Grecia deve mettere in campo a fronte del terzo piano di aiuti e l&#8217;associazione delle farmacie elleniche ha gi\u00e0 dichiarato lo sciopero di 24 ore nella giornata di oggi.<\/p>\n<p>Le misure che la Grecia dovr\u00e0 attuare stanno scontentando molti e per quanto riguarda la liberalizzazione sar\u00e0 diretta a vari settori, compreso quello dei trasporti via mare e le professioni, e riguarder\u00e0 soprattutto il mercato dei prodotti (aperture domenicali, sconti).<\/p>\n<p>Per quanto riguarda il settore farmaco, come riportano alcuni quotidiani, dovrebbe portare anche nei supermercati la vendita dei farmaci da banco e concedere loro licenze per aprire esercizi al loro interno. Con proposte che potrebbero anche riguardare la propriet\u00e0 delle farmacie.<\/p>\n<p>Immediata la reazione dell&#8217;associazione delle farmacie che ha subito detto di non voler permettere tali misure e che si \u00e8 unita allo sciopero che era stato gi\u00e0 proclamato dagli statali e che stanno coinvolgendo sempre pi\u00f9 i cittadini. Intanto sono molte le riforme che sono state messe sul piatto, da quella delle pensioni, al mercato del lavoro, alla privatizzazione, alla semplificazione delle aliquote dell&#8217;iva e l&#8217;allargamento della base imponibile dell&#8217;imposta, per aumentare le entrate, con la fine del regime delle piccole isole, e che dovr\u00e0 partire immediatamente.<\/p>\n<p>Sul fronte della spesa pubblica si dovranno introdurre tagli quasi automatici in caso di scostamento dagli obiettivi di bilancio.<\/p>\n<p><a href=\"http:\/\/www.farmacista33.it\/grecia-liberalizzazioni-farmacie-previste-dal-piano-aiuti-serrata-di-ore\/politica-e-sanita\/news--32265.html?xrtd=LAALVXRPCCAVLLPTVRYCVPT\" target=\"_blank\" rel=\"noopener\"><span style=\"color: #0000ff;\">Francesca Giani &#8211;\u00a0Mercoled\u00ec, 15 Luglio 2015 &#8211; Farmacista33<\/span><\/a><\/p>\n<h2><span style=\"color: #ff0000;\"> SCIENZIATI GRECI OFF LINE <\/span><\/h2>\n<p>Scienziati greci &#8216;tagliati fuori&#8217; dal portale Internet che fornisce a molte universit\u00e0 e istituti di ricerca l&#8217;accesso a riviste elettroniche edite da 27 fonti diverse. Il motivo \u00e8 la sospensione dei servizi dal 1 luglio, perch\u00e9 il governo non ha fornito i fondi per l&#8217;abbonamento al sito, riporta &#8216;Nature&#8217; online. Il clima economico burrascoso della Grecia ha fatto s\u00ec che l&#8217;Hellenic Academic Libraries Link (Heal-Link) sia stato spesso in procinto di essere interrotto, negli ultimi 10 anni. Ma questa volta gli scienziati non si aspettano fondi di salvataggio per renderlo nuovamente disponibile.<\/p>\n<p><a href=\"http:\/\/streamer.adnkronos.com\/Salute\/Newsletter\/data\/Pk129e15.pdf\" target=\"_blank\" rel=\"noopener\"><span style=\"color: #0000ff;\">15 luglio 2015 &#8211; Pharma<em>Kronos<\/em><\/span><\/a><\/p>\n<h1><span style=\"color: #ff0000;\">Francia appello dei sindacati contro le differenze salariali<\/span><\/h1>\n<p>TO<img loading=\"lazy\" decoding=\"async\" class=\"alignright\" src=\"http:\/\/www.fo-pharma-cuir-habillement.com\/images\/phocagallery\/thumbs\/phoca_thumb_l_fdration_national_pharmacie0075.jpg\" alt=\"Congr\u00e9s f\u00e9d\u00e9ral\" width=\"512\" height=\"256\" \/> pi\u00f9 di sei mesi dalla sua conclusione, l&#8217;accordo salariale per il 2015 non \u00e8 ancora stato esteso a tutti i farmacisti francesi: di questo passo si creer\u00e0 una differenza salariale significativa tra farmacisti collaboratori con lo stesso contratto e per questo Olivier Clarhaut, segretario federale del sindacato FO-Pharmacie, ha lanciato un appello alla Direzione generale del lavoro.<\/p>\n<p>In pratica i sindacati di categoria hanno sottoscritto un accordo, valido a partire dal 1\u00b0 gennaio di quest&#8217;anno, che riconosce un aumento salariale da 4,26 a 4,32 euro per punto (come i nostri incrementi del minimo sindacale). L&#8217;accordo per\u00f2 non \u00e8 ancora stato ratificato in Gazzetta ufficiale e perci\u00f2, al momento, \u00e8 vincolante solo per i datori di lavoro afferenti a uno delle sigle sindacali firmatarie, mentre gli altri titolari di farmacia non sono obbligati ad allinearsi e possono continuare ad applicare il precedente valore ai propri dipendenti.<\/p>\n<p>Anche se l&#8217;incremento \u00e8 modesto, con il passare dei mesi l&#8217;ineguaglianza diventa percepibile, come ha voluto sottolineare Clarhaut nella sua missiva \u00abnormalmente l&#8217;estensione avviene entro 3-4 mesi all&#8217;interno di una procedura accelerata. Quest&#8217;anno questi termini sono stati abbondantemente superati, facendo cos\u00ec permanere una situazione di salari a due velocit\u00e0, senza una possibile correzione, mancando la previsione di retroattivit\u00e0 sul provvedimento d&#8217;estensione. Pi\u00f9 passa il tempo pi\u00f9 la portata dell&#8217;aumento percentuale collettivo su tutto il 2015 diminuisce\u00bb.<\/p>\n<p>Quanto sta accadendo finir\u00e0 per generare una consistente differenza di reddito tra i farmacisti collaboratori che lavorano in una farmacia il cui titolare \u00e8 affiliato a uno dei sindacati di categoria e i colleghi farmacisti il cui titolare non \u00e8 sindacalizzato, quantificata in 212,70 euro netti.<\/p>\n<p>Questa la differenza di retribuzione non percepita, per i primi sei mesi del 2015, da un collaboratore farmacista a tempo pieno (35 ore settimanali), calcolata da FO-Pharmacie. In tempi di crisi \u00e8 una cifra sufficiente per sollecitare un intervento istituzionale.<\/p>\n<p><a href=\"http:\/\/www.farmacista33.it\/francia-appello-dei-sindacati-contro-le-differenze-salariali\/politica-e-sanita\/news--32263.html?xrtd=LAALVXRPCCAVLLPTVRYCVPT\" target=\"_blank\" rel=\"noopener\">Elisabetta Lucchesini &#8211; Mercoled\u00ec, 15 Luglio 2015 \u2013 Farmacista33<\/a><\/p>\n<p>Related news:\u00a0<a href=\"http:\/\/www.ilfattoquotidiano.it\/2015\/07\/14\/grecia-produttori-farmaci-ue-necessari-misure-straordinarie-e-blocco-export\/1873832\/\" target=\"_blank\" rel=\"noopener\"><span style=\"color: #0000ff;\">Grecia, produttori farmaci Ue: \u201cNecessari misure straordinarie e blocco export\u201d<\/span><\/a><\/p>","protected":false},"excerpt":{"rendered":"<p>C&#8217;\u00e8 anche la liberalizzazione tra le riforme che la Grecia deve mettere in campo a fronte del terzo piano di aiuti e l&#8217;associazione delle farmacie elleniche ha gi\u00e0 dichiarato lo sciopero di 24 ore nella giornata di oggi. Le misure che la Grecia dovr\u00e0 attuare stanno scontentando molti e per quanto riguarda la liberalizzazione sar\u00e0 &hellip;<\/p>","protected":false},"author":4,"featured_media":19932,"comment_status":"closed","ping_status":"closed","sticky":false,"template":"","format":"standard","meta":{"footnotes":""},"categories":[1],"tags":[27],"class_list":["post-20321","post","type-post","status-publish","format-standard","has-post-thumbnail","hentry","category-notizie","tag-licenziati"],"amp_enabled":true,"_links":{"self":[{"href":"https:\/\/www.fedaiisf.it\/en\/wp-json\/wp\/v2\/posts\/20321","targetHints":{"allow":["GET"]}}],"collection":[{"href":"https:\/\/www.fedaiisf.it\/en\/wp-json\/wp\/v2\/posts"}],"about":[{"href":"https:\/\/www.fedaiisf.it\/en\/wp-json\/wp\/v2\/types\/post"}],"author":[{"embeddable":true,"href":"https:\/\/www.fedaiisf.it\/en\/wp-json\/wp\/v2\/users\/4"}],"replies":[{"embeddable":true,"href":"https:\/\/www.fedaiisf.it\/en\/wp-json\/wp\/v2\/comments?post=20321"}],"version-history":[{"count":0,"href":"https:\/\/www.fedaiisf.it\/en\/wp-json\/wp\/v2\/posts\/20321\/revisions"}],"wp:featuredmedia":[{"embeddable":true,"href":"https:\/\/www.fedaiisf.it\/en\/wp-json\/wp\/v2\/media\/19932"}],"wp:attachment":[{"href":"https:\/\/www.fedaiisf.it\/en\/wp-json\/wp\/v2\/media?parent=20321"}],"wp:term":[{"taxonomy":"category","embeddable":true,"href":"https:\/\/www.fedaiisf.it\/en\/wp-json\/wp\/v2\/categories?post=20321"},{"taxonomy":"post_tag","embeddable":true,"href":"https:\/\/www.fedaiisf.it\/en\/wp-json\/wp\/v2\/tags?post=20321"}],"curies":[{"name":"wp","href":"https:\/\/api.w.org\/{rel}","templated":true}]}}