{"id":20426,"date":"2015-07-20T18:59:15","date_gmt":"2015-07-20T16:59:15","guid":{"rendered":"http:\/\/www.fedaiisf.it\/?p=20426"},"modified":"2015-07-21T10:46:36","modified_gmt":"2015-07-21T08:46:36","slug":"payback-e-tagli-lineari-lescamotage-per-far-quadrare-i-bilanci","status":"publish","type":"post","link":"https:\/\/www.fedaiisf.it\/en\/payback-e-tagli-lineari-lescamotage-per-far-quadrare-i-bilanci\/","title":{"rendered":"Payback e tagli lineari, l&#8217;escamotage per far quadrare i bilanci"},"content":{"rendered":"<h2 class=\"sottotitolo\">Niente investimenti, solo tagli, ancora una volta, su tutto: personale, strutture, farmaceutica e dispositivi medici. Ecco gli escamotage del governo per far quadrare i bilanci dello Stato<\/h2>\n<p><a href=\"http:\/\/www.affaritaliani.it\/economia\/payback-376068.html\" target=\"_blank\" rel=\"noopener\"><span style=\"color: #0000ff;\"><time datetime=\"2015-07-20T12:04:00+02:00\">Luned\u00ec, 20 luglio 2015 &#8211; affaritaliani.it<\/time><\/span><\/a><\/p>\n<p><img loading=\"lazy\" decoding=\"async\" class=\"alignleft\" src=\"http:\/\/images.slideplayer.it\/1\/198257\/slides\/slide_3.jpg\" alt=\"\" width=\"498\" height=\"374\" \/>\u00abLa Repubblica tutela la salute come fondamentale diritto dell&#8217;individuo e interesse della collettivit\u00e0\u00bb: mai come ora \u00e8 diventato difficile per il cittadino vedersi garantito questo diritto. L\u2019accordo Stato-Regioni siglato nei giorni scorsi conferma non solo i tagli lineari di 2,4 miliardi di euro al finanziamento del Servizio Sanitario Pubblico per il 2015, ma annuncia anche un ulteriore taglio di 2,4 miliardi per il 2016, una delusione rispetto a quanto previsto dal Patto per la Salute e dall\u2019ultima Legge di Stabilit\u00e0.<\/p>\n<p>Niente investimenti, solo tagli, ancora una volta, su tutto: personale, strutture, farmaceutica e dispositivi medici. Se l\u2019obiettivo del provvedimento era stimolare la produttivit\u00e0, assistiamo invece a una manovra che riduce ancora di pi\u00f9 i servizi per i cittadini. Come pi\u00f9 volte dichiarato dal Ministro Lorenzin, il Sistema Sanitario \u00e8 un comparto che ha gi\u00e0 dato: non si capisce quindi la ratio di questo lento e sistematico smantellamento; si parla di tagli che, sommati a quelli degli ultimi anni, riducono drasticamente le risorse per garantire prestazioni ai cittadini e rinnovare i contratti ai lavoratori del settore.<\/p>\n<p>L\u2019accordo prevede misure vergognose, come quelle in base alle quali si possono tagliare le prestazioni specialistiche e riabilitative individuando quelle non necessarie secondo criteri, oggi ignoti, che verranno stabiliti dal Governo. Quelle non necessarie saranno a carico dell\u2019assistito. Inoltre, i medici che prescriveranno prestazioni non necessarie potranno subire riduzioni allo stipendio. Per non parlare delle previsioni riguardo l\u2019irrealistico tetto di spesa del 4,4% sui dispositivi medici, senza i quali una struttura non pu\u00f2 garantire efficacemente le prestazioni sanitarie e che mette in ginocchio le aziende farmaceutiche costrette a disinvestire su innovazione e posti di lavoro.<\/p>\n<p>Una menzione particolare merita il deleterio sistema dei payback che, oltre a violare le leggi della concorrenza, non porter\u00e0 alcun beneficio nelle casse regionali. Costringer\u00e0 invece le aziende ad accantonare nei propri bilanci appositi fondi per rischi e oneri, rinunciando perci\u00f2 a circa un miliardo di euro nel triennio che porter\u00e0 alla riduzione degli investimenti in ricerca, sviluppo e personale qualificato. Una policy che rischia di strozzare gli utenti, senza per giunta ricavare risorse n\u00e9 stimolare la crescita.<\/p>\n<p><img loading=\"lazy\" decoding=\"async\" class=\"alignright\" src=\"http:\/\/images.slideplayer.it\/1\/551426\/slides\/slide_11.jpg\" alt=\"\" width=\"574\" height=\"431\" \/>Questa intesa \u00e8 un vero e proprio attacco alla salute a alla tenuta stessa della sanit\u00e0 pubblica. \u00c8 inconcepibile che nel 2015, nel contesto economico nel quale viviamo, curarsi sia diventato un lusso per pochi. \u00c8 di queste ore la notizia dell\u2019indagine Istat da cui risulta che il 6,8% della popolazione, ossia ben 4 milioni di persone, vivono in condizioni di povert\u00e0 assoluta Non possiamo permettere che un cittadino debba affrontare un viaggio per potere avere accesso a cure e farmaci: la formula del c.d. \u201cturismo sanitario\u201d \u00e8 solo un eufemismo per indicare quello che \u00e8 spesso, di fatto, un viaggio della speranza. \u00c8 impensabile che la salute dipenda dal luogo di nascita.<\/p>\n<p>Sulla sanit\u00e0 si insiste a procedere con prassi obsolete, sterili, risultato di un federalismo fallimentare che da un lato vede la mancanza di una strategia armonica a livello centrale, dall\u2019altro l\u2019incapacit\u00e0 di molte Regioni di gestire in maniera efficiente la spesa, con deficit paurosi e piani di rientro problematici e formali, spesso conseguenza di ingerenze della malapolitica. Il verdetto del Procuratore Generale della Corte dei Conti sui bilanci regionali dei giorni scorsi \u00e8 esemplare in tal senso. Dopo 14 anni dalla Legge Costituzionale che ha dato vita a questa struttura, assistiamo alla compresenza di 21 Sistemi Sanitari Regionali differenti, in territori con diverso gettito fiscale e autonomia nell\u2019organizzazione dei servizi.<\/p>\n<p>Siamo al limite della sostenibilit\u00e0 dei principi che regolano il Ssn.- dichiara il Segretario Nazionale dell\u2019Associazione \u201cGiuseppe Dossetti: I Valori\u201d Claudio Giustozzi- ed \u00e8 il momento di riprendere le redini di questo settore che \u00e8 sempre stato un fiore all\u2019occhiello del nostro sistema sociale. Come Associazione, riteniamo sia l\u2019ora di avviare una nuova fase di accurata programmazione, stabilit\u00e0 normativa e rapidit\u00e0 di accesso ai farmaci innovativi, superando le stratificate frammentazioni regionali e riequilibrando i poteri e le competenze tra Stato e Regioni. Rivedere il sistema dei payback e investire in prevenzione \u00e8 la ricetta per garantire un vero risparmio e una reale sostenibilit\u00e0 del sistema. Ci\u00f2 richiede uno sforzo di visione e di ripensamento tale da consentire un nuovo slancio in avanti e la ripresa di un percorso di creazione di un benessere collettivo. Le criticit\u00e0 vanno affrontate se non vogliamo abbassare le soglie della qualit\u00e0 dell\u2019assistenza sanitaria, ma tagliare non \u00e8 la soluzione\u00bb.<\/p>\n<p><img decoding=\"async\" class=\"aligncenter\" src=\"http:\/\/www.quotidianosanita.it\/allegati\/create_pdf.php?all=1219900.jpg\" alt=\"\" \/><\/p>\n<p>Related news:\u00a0<a href=\"http:\/\/www.quotidianosanita.it\/governo-e-parlamento\/articolo.php?approfondimento_id=6471\" target=\"_blank\" rel=\"noopener\"><span style=\"color: #0000ff;\"><strong>I tagli al fondo sanitario diventano &#8220;legge&#8221;:<\/strong>\u00a0dal 2015 &#8211; 2,532 miliardi. Ecco tutte le misure<\/span><\/a><\/p>\n<p><span style=\"color: #0000ff;\"><a style=\"color: #0000ff;\" href=\"http:\/\/www.quotidianosanita.it\/allegati\/create_pdf.php?all=2701495.pdf\" target=\"_blank\" rel=\"noopener\">Emendamenti governo al DL Enti Locali su fondo sanitario, Aifa e pronto soccorso-Giubileo<\/a><\/span><\/p>\n<p><span style=\"color: #0000ff;\"><a style=\"color: #0000ff;\" href=\"http:\/\/www.fedaiisf.it\/en\/farmaceutica-il-pay-back-costa-alle-aziende-il-doppio-di-iva-e-imposte\/\" target=\"_blank\">Pharmaceutical, pay back costs companies double VAT and taxes<\/a><\/span><\/p>\n<h1 id=\"cont_art_title\"><span style=\"color: #ff0000;\">Maxiemendamento a Dl Enti locali: tra i contenuti, Manovra e riordino Aifa<\/span><\/h1>\n<p>Un pacchetto di 16 emendamenti quello presentato ieri mattina dal Governo in Commissione Bilancio al dl Enti locali. E tra le misure contenute confermata l&#8217;intesa del 2 luglio tra Governo e Regioni sul mancato aumento del Fondo sanitario nazionale ma anche il potenziamento dell&#8217;Aifa. Mentre al momento non ci sarebbero misure riguardanti il riordino di Iss e Agenas. Per quanto riguarda l&#8217;Aifa si prevede, nel triennio 2016-2018, un aumento del personale da 389 a 630 unit\u00e0, con massimo 80 neo assunti l&#8217;anno. Obiettivo della proposta, secondo quanto si legge nella relazione illustrativa, \u00e8 quello di \u00abadeguare l&#8217;assetto organizzativo e il numero di personale dipendente\u00bb a compiti e funzioni \u00abin continuo aumento\u00bb dell&#8217;Agenzia, ma anche metterla alla pari degli \u00abstandard di personale delle altre agenzie europee\u00bb. La necessit\u00e0 era stata pi\u00f9 volte avanzata da Aifa e l&#8217;idea \u00e8 che da maggiori risorse possa derivare una maggiore efficacia dell&#8217;Agenzia, che in questo modo potrebbe anche dare un&#8217;accelerata agli iter autorizzativi per i nuovi farmaci. Per quanto riguarda gli oneri economici, l&#8217;emendamento prevede che siano coperti attraverso l&#8217;incremento delle tariffe e dei diritti versati all&#8217;Aifa, che saranno definiti attraverso un successivo decreto del Ministero della Salute. Secondo quanto si apprende, la commissione Bilancio dovrebbe terminare l&#8217;esame e il voto degli emendamenti al Dl Enti locali entro mercoled\u00ec, giorno in cui il testo potrebbe passare all&#8217;Aula.<\/p>\n<p><a href=\"http:\/\/www.farmacista33.it\/maxiemendamento-a-dl-enti-locali-tra-i-contenuti-manovra-e-riordino-aifa\/politica-e-sanita\/news--32335.html?xrtd=VRCCLCLAXLLRXTVLACCVATV\" target=\"_blank\" rel=\"noopener\"><span style=\"color: #0000ff;\">Francesca Giani &#8211;\u00a0Marted\u00ec, 21 Luglio 2015 &#8211; Farmacista33<\/span><\/a><\/p>\n<p><a href=\"http:\/\/www.federfarma.it\/Edicola\/Sole-24Ore-News\/VisualizzaNews.aspx?type=Sole24Ore&amp;key=ACSQGTU\" target=\"_blank\" rel=\"noopener\"><span style=\"color: #0000ff;\">Gli Emendamenti<\/span><\/a><\/p>","protected":false},"excerpt":{"rendered":"<p>Niente investimenti, solo tagli, ancora una volta, su tutto: personale, strutture, farmaceutica e dispositivi medici. Ecco gli escamotage del governo per far quadrare i bilanci dello Stato Luned\u00ec, 20 luglio 2015 &#8211; affaritaliani.it \u00abLa Repubblica tutela la salute come fondamentale diritto dell&#8217;individuo e interesse della collettivit\u00e0\u00bb: mai come ora \u00e8 diventato difficile per il cittadino &hellip;<\/p>","protected":false},"author":4,"featured_media":20431,"comment_status":"closed","ping_status":"closed","sticky":false,"template":"","format":"standard","meta":{"footnotes":""},"categories":[1],"tags":[79],"class_list":["post-20426","post","type-post","status-publish","format-standard","has-post-thumbnail","hentry","category-notizie","tag-ssn"],"amp_enabled":true,"_links":{"self":[{"href":"https:\/\/www.fedaiisf.it\/en\/wp-json\/wp\/v2\/posts\/20426","targetHints":{"allow":["GET"]}}],"collection":[{"href":"https:\/\/www.fedaiisf.it\/en\/wp-json\/wp\/v2\/posts"}],"about":[{"href":"https:\/\/www.fedaiisf.it\/en\/wp-json\/wp\/v2\/types\/post"}],"author":[{"embeddable":true,"href":"https:\/\/www.fedaiisf.it\/en\/wp-json\/wp\/v2\/users\/4"}],"replies":[{"embeddable":true,"href":"https:\/\/www.fedaiisf.it\/en\/wp-json\/wp\/v2\/comments?post=20426"}],"version-history":[{"count":0,"href":"https:\/\/www.fedaiisf.it\/en\/wp-json\/wp\/v2\/posts\/20426\/revisions"}],"wp:featuredmedia":[{"embeddable":true,"href":"https:\/\/www.fedaiisf.it\/en\/wp-json\/wp\/v2\/media\/20431"}],"wp:attachment":[{"href":"https:\/\/www.fedaiisf.it\/en\/wp-json\/wp\/v2\/media?parent=20426"}],"wp:term":[{"taxonomy":"category","embeddable":true,"href":"https:\/\/www.fedaiisf.it\/en\/wp-json\/wp\/v2\/categories?post=20426"},{"taxonomy":"post_tag","embeddable":true,"href":"https:\/\/www.fedaiisf.it\/en\/wp-json\/wp\/v2\/tags?post=20426"}],"curies":[{"name":"wp","href":"https:\/\/api.w.org\/{rel}","templated":true}]}}