{"id":20672,"date":"2015-07-30T10:02:40","date_gmt":"2015-07-30T08:02:40","guid":{"rendered":"http:\/\/www.fedaiisf.it\/?p=20672"},"modified":"2015-07-30T10:31:49","modified_gmt":"2015-07-30T08:31:49","slug":"ricetta-elettronica-dicitura-non-sostituibile-e-farmaci-di-importazione-continuano-segnalazioni-di-problemi","status":"publish","type":"post","link":"https:\/\/www.fedaiisf.it\/en\/ricetta-elettronica-dicitura-non-sostituibile-e-farmaci-di-importazione-continuano-segnalazioni-di-problemi\/","title":{"rendered":"Electronic prescription, &quot;non-replaceable&quot; wording and imported drugs: reports of problems continue"},"content":{"rendered":"<p><img loading=\"lazy\" decoding=\"async\" class=\"alignleft\" src=\"http:\/\/galeno2000.it\/wp-content\/uploads\/2015\/01\/IMM-Logo-SINASFA-10314522_10152489214013097_7970235862979421451_n3.jpg\" alt=\"\" width=\"203\" height=\"203\" \/>\u00c8 tornata a fare capolino la validit\u00e0 nazionale della ricetta dematerializzata, contenuta nel Dpcm ora al vaglio della Conferenza Stato Regioni, mentre continuano le segnalazioni, regionali o di respiro pi\u00f9 ampio, sulle problematiche inerenti. L&#8217;ultima \u00e8 stata avanzata dal Sinasfa, il sindacato dei farmacisti non titolari, attraverso le parole del presidente, <b>Francis Empress<\/b> &#8211; portavoce di segnalazioni da collaboratori di farmacie un po&#8217; in tutta Italia e che riporta la sua esperienza in Campania &#8211; e riguarda il caso in cui, sulla ricetta, sia riportata la dicitura &#8220;non sostituibile&#8221; e in farmacia siano presenti, per lo stesso prodotto, medicinali di importazione che quindi riportano un Aic differente da quello non di importazione.<\/p>\n<p>\u00abQuando il codice del farmaco presente in farmacia non corrisponde a quello riportato sulla ricetta, in presenza della non sostituibilit\u00e0, la conseguenza \u00e8 che il sistema non permette l&#8217;erogazione del farmaco e occorre dire al paziente di tornare dal medico. Una soluzione che gi\u00e0 in generale non \u00e8 auspicabile, ma che, soprattutto in certe situazioni di disagio del paziente o anche in orari in cui l&#8217;ambulatorio del medico \u00e8 chiuso, pu\u00f2 creare difficolt\u00e0. E a maggior ragione, se si pensa che possono essere interessati anche farmaci importanti. E questo capita abbastanza, considerata per altro la tendenza ancora diffusa da parte dei medici di utilizzare la non sostituibilit\u00e0 e la diffusione di medicinali di importazione\u00bb.<\/p>\n<p>\u00abPur non avendo fatto registrare grosse problematiche la partenza, da dicembre 2014, della ricetta dematerializzata in Campania, che anzi si \u00e8 stabilizzata su valori oltre l<img loading=\"lazy\" decoding=\"async\" class=\"alignright\" src=\"http:\/\/i.bosscdn.com\/product\/26\/6a\/f1\/f9268abf3005dc38a808997a95.jpg@0e_360w_360h.jpg\" alt=\"\" width=\"294\" height=\"181\" \/>&#8216;80%, questa \u00e8 una delle problematiche aperte, da noi come in altre Regioni\u00bb conferma <b>Michael DiIorio<\/b>, presidente di Federfarma Campania, che siamo andati a sentire per un punto sulla Regione. \u00abA fare scuola \u00e8 l&#8217;Amoxicillina + acido clavulanico, dove l&#8217;originator vede diverse societ\u00e0 che lo importano, riportando quindi Aic diversi. Se alcuni software contemplano una forzatura del sistema, non sempre questo \u00e8 possibile\u00bb. \u00ab<\/p>\n<p>\u00c8 una problematica nota, a livello nazionale, che richiede una implementazione\u00bb spiega <b>Gianni Petrosillo<\/b>, amministratore delegato di Promofarma. \u00abAl momento, parlando esclusivamente da un punto di vista tecnico, potrebbe essere risolta trattando la ricetta in modalit\u00e0 off line e gestendo la prescrizione come se fosse una ricetta rossa\u00bb. Con un&#8217;avvertenza: \u00abUna via praticabile\u00bb aggiunge Di Iorio \u00abse ci sono accordi regionali o con le Asl al riguardo: in loro mancanza, come qui in Campania, pur con la consapevolezza delle difficolt\u00e0 che questo crea, l&#8217;invito \u00e8 di chiedere al paziente di tornare dal medico. Anche perch\u00e9 a distanza di tempo \u00e8 difficile avere memoria della motivazione che ha spinto a trattare in questo modo la ricetta e non sono prevedibili eventuali controlli che vengono effettuati a posteriori\u00bb.<\/p>\n<p><a href=\"http:\/\/www.farmacista33.it\/ricetta-elettronica-dicitura-non-sostituibile-e-farmaci-di-importazione-continuano-segnalazioni-di-problemi\/politica-e-sanita\/news--32460.html?xrtd=LSACCSRSVYXPXPAXPCLTST\" target=\"_blank\" rel=\"noopener\"><span style=\"color: #0000ff;\">Gioved\u00ec, 30 Luglio 2015 &#8211; Farmacista33<\/span><\/a><\/p>","protected":false},"excerpt":{"rendered":"<p>\u00c8 tornata a fare capolino la validit\u00e0 nazionale della ricetta dematerializzata, contenuta nel Dpcm ora al vaglio della Conferenza Stato Regioni, mentre continuano le segnalazioni, regionali o di respiro pi\u00f9 ampio, sulle problematiche inerenti. L&#8217;ultima \u00e8 stata avanzata dal Sinasfa, il sindacato dei farmacisti non titolari, attraverso le parole del presidente, Francesco Imperadrice &#8211; portavoce &hellip;<\/p>","protected":false},"author":4,"featured_media":992,"comment_status":"closed","ping_status":"closed","sticky":false,"template":"","format":"standard","meta":{"footnotes":""},"categories":[1],"tags":[31],"class_list":["post-20672","post","type-post","status-publish","format-standard","has-post-thumbnail","hentry","category-notizie","tag-generici"],"amp_enabled":true,"_links":{"self":[{"href":"https:\/\/www.fedaiisf.it\/en\/wp-json\/wp\/v2\/posts\/20672","targetHints":{"allow":["GET"]}}],"collection":[{"href":"https:\/\/www.fedaiisf.it\/en\/wp-json\/wp\/v2\/posts"}],"about":[{"href":"https:\/\/www.fedaiisf.it\/en\/wp-json\/wp\/v2\/types\/post"}],"author":[{"embeddable":true,"href":"https:\/\/www.fedaiisf.it\/en\/wp-json\/wp\/v2\/users\/4"}],"replies":[{"embeddable":true,"href":"https:\/\/www.fedaiisf.it\/en\/wp-json\/wp\/v2\/comments?post=20672"}],"version-history":[{"count":0,"href":"https:\/\/www.fedaiisf.it\/en\/wp-json\/wp\/v2\/posts\/20672\/revisions"}],"wp:featuredmedia":[{"embeddable":true,"href":"https:\/\/www.fedaiisf.it\/en\/wp-json\/wp\/v2\/media\/992"}],"wp:attachment":[{"href":"https:\/\/www.fedaiisf.it\/en\/wp-json\/wp\/v2\/media?parent=20672"}],"wp:term":[{"taxonomy":"category","embeddable":true,"href":"https:\/\/www.fedaiisf.it\/en\/wp-json\/wp\/v2\/categories?post=20672"},{"taxonomy":"post_tag","embeddable":true,"href":"https:\/\/www.fedaiisf.it\/en\/wp-json\/wp\/v2\/tags?post=20672"}],"curies":[{"name":"wp","href":"https:\/\/api.w.org\/{rel}","templated":true}]}}