{"id":20910,"date":"2015-08-11T11:38:16","date_gmt":"2015-08-11T09:38:16","guid":{"rendered":"http:\/\/www.fedaiisf.it\/?p=20910"},"modified":"2015-08-11T11:38:16","modified_gmt":"2015-08-11T09:38:16","slug":"calabria-il-tar-annulla-decreto-sugli-equivalenti","status":"publish","type":"post","link":"https:\/\/www.fedaiisf.it\/en\/calabria-il-tar-annulla-decreto-sugli-equivalenti\/","title":{"rendered":"Calabria. The TAR annuls the decree on equivalents"},"content":{"rendered":"<p>THE<img decoding=\"async\" class=\"alignleft\" src=\"http:\/\/www.lagazzettacatanzarese.it\/wp-content\/uploads\/2015\/08\/tar-calabria.jpg\" alt=\"\" \/>l TAR della Calabria annulla il <span style=\"color: #0000ff;\"><a style=\"color: #0000ff;\" href=\"http:\/\/www.regione.calabria.it\/sanita\/allegati\/dpgr_2014\/d.p.g.r._n._37_del_21.03.2014.pdf\" target=\"_blank\" rel=\"noopener\">decreto 37 del 21 marzo 2014<\/a><\/span> del Presidente della Giunta Regionale della Calabria, in qualit\u00e0 di commissario ad acta per l\u2019attuazione del piano di rientro dai disavanzi del settore sanitario della Regione Calabria, avente ad oggetto \u201c<em>Misure di promozione dell\u2019appropriatezza e dell\u2019aderenza, razionalizzazione d\u2019uso dei farmaci e relativo monitoraggio<\/em>\u201d.<\/p>\n<p>A presentare il ricorso Malesci e Guidotti. Oggetto del Decreto erano le disposizioni sulla prescrizione di farmaci generici per l\u2019ipertensione. Il Decreto infatti imponeva ai medici di prescrivere non meno del 79.9% di farmaci fuori brevetto e, in caso di prescrizione di farmaci brevettati, il medico doveva motivarne le ragioni con un apposito modulo.<\/p>\n<p>Malesci e Guidotti hanno sostenuto che \u201c<em>Nell\u2019adottare eventuali decisioni basate sull\u2019equivalenza terapeutica fra medicinali <strong>contenenti differenti principi attivi<\/strong>, le regioni si attengono alle motivate e documentate valutazioni espresse dall\u2019Agenzia italiana del farmaco<\/em>\u201d. E non risulta che, nel caso di specie, tale valutazione si stata acquisita.<\/p>\n<p>Le aziende farmaceutiche ricorrenti precisano che la \u201ctutela della salute\u201d \u00e8 desumibile dalla legislazione statale in materia secondo cui la scelta, se non della marca del farmaco, del principio attivo spetta esclusivamente al medico che effettua la prescrizione. La Regione Calabria invece avrebbe imposto ai medici di prescrivere solo il principio attivo non pi\u00f9 coperto da tutela brevettuale. Il TAR ha sentenziato che la norma statale prevede la possibilit\u00e0 di introdurre dei limiti, purch\u00e9 siano basate sull\u2019equivalenza terapeutica di principi attivi diversi e vi sia la positiva valutazione in questo senso dell\u2019AIFA, che in questo caso non c\u2019\u00e8.<\/p>\n<p>The <span style=\"color: #0000ff;\"><a style=\"color: #0000ff;\" href=\"http:\/\/www.fimmgcatanzaro.it\/filepdf\/sentenza%20malesci%20%20regione%20calabria.pdf\" target=\"_blank\" rel=\"noopener\">Tribunale Amministrativo Regionale per la Calabria (Sezione Prima) accoglie il ricorso<\/a><\/span> e, per l\u2019effetto, annulla, nei limiti di quanto di interesse delle ricorrenti, il provvedimento impugnato.<\/p>\n<p>Condanna inoltre il Commissario ad acta al pagamento di spese e competenze del giudizio.<\/p>\n<p>Redazione \u2013 11\/08\/2015<\/p>","protected":false},"excerpt":{"rendered":"<p>Il TAR della Calabria annulla il decreto 37 del 21 marzo 2014 del Presidente della Giunta Regionale della Calabria, in qualit\u00e0 di commissario ad acta per l\u2019attuazione del piano di rientro dai disavanzi del settore sanitario della Regione Calabria, avente ad oggetto \u201cMisure di promozione dell\u2019appropriatezza e dell\u2019aderenza, razionalizzazione d\u2019uso dei farmaci e relativo monitoraggio\u201d. &hellip;<\/p>","protected":false},"author":4,"featured_media":4540,"comment_status":"closed","ping_status":"closed","sticky":false,"template":"","format":"standard","meta":{"footnotes":""},"categories":[1],"tags":[31,41],"class_list":["post-20910","post","type-post","status-publish","format-standard","has-post-thumbnail","hentry","category-notizie","tag-generici","tag-leggisentenze"],"amp_enabled":true,"_links":{"self":[{"href":"https:\/\/www.fedaiisf.it\/en\/wp-json\/wp\/v2\/posts\/20910","targetHints":{"allow":["GET"]}}],"collection":[{"href":"https:\/\/www.fedaiisf.it\/en\/wp-json\/wp\/v2\/posts"}],"about":[{"href":"https:\/\/www.fedaiisf.it\/en\/wp-json\/wp\/v2\/types\/post"}],"author":[{"embeddable":true,"href":"https:\/\/www.fedaiisf.it\/en\/wp-json\/wp\/v2\/users\/4"}],"replies":[{"embeddable":true,"href":"https:\/\/www.fedaiisf.it\/en\/wp-json\/wp\/v2\/comments?post=20910"}],"version-history":[{"count":0,"href":"https:\/\/www.fedaiisf.it\/en\/wp-json\/wp\/v2\/posts\/20910\/revisions"}],"wp:featuredmedia":[{"embeddable":true,"href":"https:\/\/www.fedaiisf.it\/en\/wp-json\/wp\/v2\/media\/4540"}],"wp:attachment":[{"href":"https:\/\/www.fedaiisf.it\/en\/wp-json\/wp\/v2\/media?parent=20910"}],"wp:term":[{"taxonomy":"category","embeddable":true,"href":"https:\/\/www.fedaiisf.it\/en\/wp-json\/wp\/v2\/categories?post=20910"},{"taxonomy":"post_tag","embeddable":true,"href":"https:\/\/www.fedaiisf.it\/en\/wp-json\/wp\/v2\/tags?post=20910"}],"curies":[{"name":"wp","href":"https:\/\/api.w.org\/{rel}","templated":true}]}}