{"id":20926,"date":"2015-08-17T09:50:41","date_gmt":"2015-08-17T07:50:41","guid":{"rendered":"http:\/\/www.fedaiisf.it\/?p=20926"},"modified":"2015-08-17T11:48:26","modified_gmt":"2015-08-17T09:48:26","slug":"isis-un-marchio-scomodo","status":"publish","type":"post","link":"https:\/\/www.fedaiisf.it\/en\/isis-un-marchio-scomodo\/","title":{"rendered":"\u201cISIS\u201d, an uncomfortable brand"},"content":{"rendered":"<p><img loading=\"lazy\" decoding=\"async\" class=\"alignleft\" src=\"http:\/\/cdn2.img.it.sputniknews.com\/images\/71\/83\/718353.jpg\" alt=\"Militanti di ISIS\" width=\"281\" height=\"152\" \/>La societ\u00e0 farmaceutica &#8220;<a href=\"http:\/\/www.bloomberg.com\/quote\/ISIS:US\" target=\"_blank\" rel=\"noopener\"><span style=\"color: #0000ff;\">Isis Pharmaceuticals<\/span><\/a>&#8221; \u00e8 una grande impresa statunitense produttrice di farmaci; \u00e8 l&#8217;unica societ\u00e0 dell&#8217;elenco delle imprese con questo nome ad essere quotata in\u00a0borsa. Dalla fine di luglio le azioni della compagnia hanno guadagnato il 38,4% sul Nasdaq.<\/p>\n<p><em>&#8220;\u00c8 interessante notare che la maggior parte delle domande sul nostro nome le abbiamo ricevute dai media, piuttosto che dagli operatori di mercato,\u00a0\u2014 ha detto a RBC la rappresentante della societ\u00e0 Amy Blakely.\u00a0\u2014 Siamo nel mercato da un quarto di secolo ed abbiamo una buona reputazione tra gli investitori e gli operatori sanitari, la nostra azienda \u00e8 ben conosciuta&#8221;. In un&#8217;intervista con la CNBC il patron della compagnia Stanley Crook ha dichiarato che la\u00a0 sua societ\u00e0 non ha intenzione di cambiare marchio, &#8220;\u00e8 meglio che il gruppo terroristico cambi nome&#8221;.<\/em><\/p>\n<p>Leggi tutto: <a href=\"http:\/\/it.sputniknews.com\/mondo\/20150816\/967547.html#ixzz3j3WuxvGR\" target=\"_blank\" rel=\"noopener\">http:\/\/it.sputniknews.com\/mondo\/20150816\/967547.html#ixzz3j3WuxvGR<\/a><\/p>\n<p>Taken from:\u00a0<span style=\"color: #0000ff;\"><a style=\"color: #0000ff;\" href=\"http:\/\/it.sputniknews.com\/mondo\/20150816\/967547.html\" target=\"_blank\" rel=\"noopener\">\u201cISIS\u201d, un marchio scomodo: come i jihadisti costringono le imprese a cambiare nome<\/a>\u00a0<span style=\"color: #000000;\">(Sputnik Italia\u00a016.08.2015)<\/span><\/span><\/p>","protected":false},"excerpt":{"rendered":"<p>La societ\u00e0 farmaceutica &#8220;Isis Pharmaceuticals&#8221; \u00e8 una grande impresa statunitense produttrice di farmaci; \u00e8 l&#8217;unica societ\u00e0 dell&#8217;elenco delle imprese con questo nome ad essere quotata in\u00a0borsa. Dalla fine di luglio le azioni della compagnia hanno guadagnato il 38,4% sul Nasdaq. &#8220;\u00c8 interessante notare che la maggior parte delle domande sul nostro nome le abbiamo ricevute &hellip;<\/p>","protected":false},"author":4,"featured_media":20928,"comment_status":"closed","ping_status":"closed","sticky":false,"template":"","format":"standard","meta":{"footnotes":""},"categories":[1],"tags":[],"class_list":["post-20926","post","type-post","status-publish","format-standard","has-post-thumbnail","hentry","category-notizie"],"amp_enabled":true,"_links":{"self":[{"href":"https:\/\/www.fedaiisf.it\/en\/wp-json\/wp\/v2\/posts\/20926","targetHints":{"allow":["GET"]}}],"collection":[{"href":"https:\/\/www.fedaiisf.it\/en\/wp-json\/wp\/v2\/posts"}],"about":[{"href":"https:\/\/www.fedaiisf.it\/en\/wp-json\/wp\/v2\/types\/post"}],"author":[{"embeddable":true,"href":"https:\/\/www.fedaiisf.it\/en\/wp-json\/wp\/v2\/users\/4"}],"replies":[{"embeddable":true,"href":"https:\/\/www.fedaiisf.it\/en\/wp-json\/wp\/v2\/comments?post=20926"}],"version-history":[{"count":0,"href":"https:\/\/www.fedaiisf.it\/en\/wp-json\/wp\/v2\/posts\/20926\/revisions"}],"wp:featuredmedia":[{"embeddable":true,"href":"https:\/\/www.fedaiisf.it\/en\/wp-json\/wp\/v2\/media\/20928"}],"wp:attachment":[{"href":"https:\/\/www.fedaiisf.it\/en\/wp-json\/wp\/v2\/media?parent=20926"}],"wp:term":[{"taxonomy":"category","embeddable":true,"href":"https:\/\/www.fedaiisf.it\/en\/wp-json\/wp\/v2\/categories?post=20926"},{"taxonomy":"post_tag","embeddable":true,"href":"https:\/\/www.fedaiisf.it\/en\/wp-json\/wp\/v2\/tags?post=20926"}],"curies":[{"name":"wp","href":"https:\/\/api.w.org\/{rel}","templated":true}]}}