{"id":21181,"date":"2015-09-02T10:58:03","date_gmt":"2015-09-02T08:58:03","guid":{"rendered":"http:\/\/www.fedaiisf.it\/?p=21181"},"modified":"2015-09-04T10:08:37","modified_gmt":"2015-09-04T08:08:37","slug":"spese-mediche-nel-730-lonere-ricade-sul-medico-scotti-omceo-na-il-cittadino-rischia-di-pagare-di-piu","status":"publish","type":"post","link":"https:\/\/www.fedaiisf.it\/en\/spese-mediche-nel-730-lonere-ricade-sul-medico-scotti-omceo-na-il-cittadino-rischia-di-pagare-di-piu\/","title":{"rendered":"Medical expenses in 730, the burden falls on the doctor. Scotti (Omceo Na): the citizen risks paying more"},"content":{"rendered":"<p>\u00ab<img loading=\"lazy\" decoding=\"async\" class=\"alignleft\" src=\"https:\/\/pbs.twimg.com\/profile_images\/485550553443729408\/uDhwCj_E.jpeg\" alt=\"\" width=\"309\" height=\"309\" \/>Le spese mediche denunciate dai medici e non dai cittadini da marzo 2016? Una trovata che non aiuta la gente. Anzi potrebbe aumentare il costo al pubblico di un qualsiasi certificato libero professionale\u00bb. <strong>Sylvester Scotti<\/strong> medico di famiglia e presidente Omceo Napoli torna sul tema del modello 730 precompilato: un decreto uscito il 31 luglio prevede che il Ministero riceva dagli Ordini gli elenchi dei medici liberi professionisti da accreditare al sistema Tessera sanitaria. E dal 2016 tutti i documenti di pagamento online andranno spediti dai professionisti nei corridoi informatici Sogei.<\/p>\n<p>Il Ministero calcoler\u00e0 cos\u00ec le detrazioni per il modello 730 dei lavoratori dipendenti. \u00abLo Stato nulla regala al cittadino &#8211; chiarisce Scotti &#8211; ma carica sul medico l&#8217;onere di specificare la prestazione e i suoi estremi costringendo i professionisti a dotarsi di un apparato burocratico. L&#8217;incombenza sar\u00e0 prevedibilmente girata dal medico al commercialista e ci coster\u00e0 un qualcosa in pi\u00f9.<\/p>\n<p>&#8230; continua (vedi link sotto)<\/p>\n<p><a href=\"http:\/\/www.doctor33.it\/spese-mediche-nel-lonere-ricade-sul-medico-scotti-omceo-na-il-cittadino-rischia-di-pagare-di-piu\/politica-e-sanita\/news--30727.html?xrtd=CXYVLSACXTRXPLYSTCPXPRR\" target=\"_blank\" rel=\"noopener\"><span style=\"color: #0000ff;\">Mauro Miserendino &#8211;\u00a0Mercoled\u00ec, 02 Settembre 2015 &#8211; Doctor33<\/span><\/a><\/p>\n<p>Related news: <span style=\"color: #0000ff;\"><a style=\"color: #0000ff;\" href=\"http:\/\/www.fedaiisf.it\/en\/spese-sanitarie-e-dichiarazione-dei-redditi-basta-conservare-scontrini-e-ricevute\/\" target=\"_blank\">Healthcare expenses and tax return. &#039;Just keep receipts and receipts&#039;.<\/a><\/span><\/p>","protected":false},"excerpt":{"rendered":"<p>\u00abLe spese mediche denunciate dai medici e non dai cittadini da marzo 2016? Una trovata che non aiuta la gente. Anzi potrebbe aumentare il costo al pubblico di un qualsiasi certificato libero professionale\u00bb. Silvestro Scotti medico di famiglia e presidente Omceo Napoli torna sul tema del modello 730 precompilato: un decreto uscito il 31 luglio &hellip;<\/p>","protected":false},"author":4,"featured_media":21186,"comment_status":"closed","ping_status":"closed","sticky":false,"template":"","format":"standard","meta":{"footnotes":""},"categories":[1],"tags":[41],"class_list":["post-21181","post","type-post","status-publish","format-standard","has-post-thumbnail","hentry","category-notizie","tag-leggisentenze"],"amp_enabled":true,"_links":{"self":[{"href":"https:\/\/www.fedaiisf.it\/en\/wp-json\/wp\/v2\/posts\/21181","targetHints":{"allow":["GET"]}}],"collection":[{"href":"https:\/\/www.fedaiisf.it\/en\/wp-json\/wp\/v2\/posts"}],"about":[{"href":"https:\/\/www.fedaiisf.it\/en\/wp-json\/wp\/v2\/types\/post"}],"author":[{"embeddable":true,"href":"https:\/\/www.fedaiisf.it\/en\/wp-json\/wp\/v2\/users\/4"}],"replies":[{"embeddable":true,"href":"https:\/\/www.fedaiisf.it\/en\/wp-json\/wp\/v2\/comments?post=21181"}],"version-history":[{"count":0,"href":"https:\/\/www.fedaiisf.it\/en\/wp-json\/wp\/v2\/posts\/21181\/revisions"}],"wp:featuredmedia":[{"embeddable":true,"href":"https:\/\/www.fedaiisf.it\/en\/wp-json\/wp\/v2\/media\/21186"}],"wp:attachment":[{"href":"https:\/\/www.fedaiisf.it\/en\/wp-json\/wp\/v2\/media?parent=21181"}],"wp:term":[{"taxonomy":"category","embeddable":true,"href":"https:\/\/www.fedaiisf.it\/en\/wp-json\/wp\/v2\/categories?post=21181"},{"taxonomy":"post_tag","embeddable":true,"href":"https:\/\/www.fedaiisf.it\/en\/wp-json\/wp\/v2\/tags?post=21181"}],"curies":[{"name":"wp","href":"https:\/\/api.w.org\/{rel}","templated":true}]}}