{"id":21306,"date":"2015-09-08T09:54:39","date_gmt":"2015-09-08T07:54:39","guid":{"rendered":"http:\/\/www.fedaiisf.it\/?p=21306"},"modified":"2015-09-08T12:59:01","modified_gmt":"2015-09-08T10:59:01","slug":"ddl-concorrenza-liter-nelle-commissioni-riparte-a-pieno-regime-parafarmacie-presidio-per-ddl-concorrenza","status":"publish","type":"post","link":"https:\/\/www.fedaiisf.it\/en\/ddl-concorrenza-liter-nelle-commissioni-riparte-a-pieno-regime-parafarmacie-presidio-per-ddl-concorrenza\/","title":{"rendered":"Ddl concorrenza, l\u2019iter nelle commissioni riparte a pieno regime. Parafarmacie, presidio per Ddl concorrenza"},"content":{"rendered":"<p><strong><img decoding=\"async\" class=\"alignleft\" src=\"http:\/\/sanita24.ilsole24ore.com\/images2014\/Editrice\/ILSOLE24ORE\/QUOTIDIANO_SANITA\/2015\/08\/05\/Quotidiano%20Sanita\/ImmaginiWeb\/Ritagli\/gente_infarmacia-ks9D--258x258@Quotidiano_Sanita-Web.jpg\" alt=\"\" \/>Il Parlamento riapre i battenti dopo la pausa estiva e a Montecitorio<\/strong> le commissioni Finanze e Attivit\u00e0 produttive ripartono esattamente da dove si erano fermati, cio\u00e8 dal ddl concorrenza. E con l\u2019acceleratore a tavoletta, a quanto pare: l\u2019agenda dei due gruppi, infatti, prevede sedute congiunte sul disegno di legge per tutti e tre i giorni di lavoro parlamentare, da marted\u00ec fino a gioved\u00ec (per tradizione il venerd\u00ec i deputati tornano nelle loro circoscrizioni). E in pi\u00f9, mercoled\u00ec, due riunioni delle presidenze, sempre sul ddl quasi certamente. Tenuto conto che resta da esaminare una manciata di articoli (tra i quali il 32, sul capitale nella titolarit\u00e0 delle farmacie), l\u2019impressione \u00e8 che si punti comunque a portare in testo al voto dell\u2019Aula entro la seconda met\u00e0 di settembre, come pianificato prima delle vacanze.<\/p>\n<p><strong>Secondo alcune fonti, tuttavia, la partenza accelerata non dovrebbe<\/strong> bastare a Finanze e Attivit\u00e0 produttive per licenziare il testo entro la fine della settimana; ne servir\u00e0 probabilmente una seconda, anche perch\u00e9 mancano ancora all\u2019appello i pareri consultivi di diverse commissioni: finora, infatti, sul disegno di legge si sono espresse soltanto Giustizia, Trasporti e Politiche europee: non ci sono invece notizie dei pareri di Affari costituzionali, Bilancio, Cultura, Ambiente, Lavoro e soprattutto Affari sociali, la commissione di Montecitorio competente per i temi sanitari, che ancora deve iniziare a valutare il testo. Se ne dovrebbe sapere di pi\u00f9 nei prossimi giorni. (AS)<\/p>\n<p><a href=\"https:\/\/www.federfarma.it\/Edicola\/Filodiretto\/VediNotizia.aspx?id=10407\" target=\"_blank\" rel=\"noopener\"><span style=\"color: #0000ff;\">08\/09\/2015 &#8211; Federfarma<\/span><\/a><\/p>\n<h3><span style=\"color: #ff0000;\">Parafarmacie, presidio per Ddl concorrenza <\/span><\/h3>\n<p><img loading=\"lazy\" decoding=\"async\" class=\"alignright\" src=\"http:\/\/www.federazioneparafarmacie.it\/sites\/default\/files\/styles\/slider\/public\/slider\/IMG-20140627-WA0006.jpg?itok=oVGLuseo\" alt=\"\" width=\"605\" height=\"230\" \/>Da oggi le parafarmacie italiane scendono in campo per &#8220;tutelare il proprio futuro e quello di migliaia di professionisti, danneggiati dalle politiche di questo governo&#8221;. Lo sottolinea la stessa Federazione nazionale parafarmacie italiane, che con un presidio davanti a Palazzo Montecitorio, fino al 10 settembre, sar\u00e0 presente simbolicamente alla ripresa dei lavori del Ddl concorrenza. Una presenza che esprime la contrariet\u00e0 al provvedimento, &#8220;la cui attuale versione rafforza unicamente le posizioni dominanti di alcune delle pi\u00f9 influenti lobbies italiane&#8221;, afferma il presidente della Federazione, Davide Gullotta.<\/p>\n<p><a href=\"http:\/\/streamer.adnkronos.com\/Salute\/Newsletter\/data\/Pk133e15.pdf\" target=\"_blank\" rel=\"noopener\"><span style=\"color: #0000ff;\">8 settembre 2015 &#8211; PharmaKronos<\/span><\/a><\/p>","protected":false},"excerpt":{"rendered":"<p>Il Parlamento riapre i battenti dopo la pausa estiva e a Montecitorio le commissioni Finanze e Attivit\u00e0 produttive ripartono esattamente da dove si erano fermati, cio\u00e8 dal ddl concorrenza. E con l\u2019acceleratore a tavoletta, a quanto pare: l\u2019agenda dei due gruppi, infatti, prevede sedute congiunte sul disegno di legge per tutti e tre i giorni &hellip;<\/p>","protected":false},"author":4,"featured_media":21311,"comment_status":"closed","ping_status":"closed","sticky":false,"template":"","format":"standard","meta":{"footnotes":""},"categories":[1],"tags":[41],"class_list":["post-21306","post","type-post","status-publish","format-standard","has-post-thumbnail","hentry","category-notizie","tag-leggisentenze"],"amp_enabled":true,"_links":{"self":[{"href":"https:\/\/www.fedaiisf.it\/en\/wp-json\/wp\/v2\/posts\/21306","targetHints":{"allow":["GET"]}}],"collection":[{"href":"https:\/\/www.fedaiisf.it\/en\/wp-json\/wp\/v2\/posts"}],"about":[{"href":"https:\/\/www.fedaiisf.it\/en\/wp-json\/wp\/v2\/types\/post"}],"author":[{"embeddable":true,"href":"https:\/\/www.fedaiisf.it\/en\/wp-json\/wp\/v2\/users\/4"}],"replies":[{"embeddable":true,"href":"https:\/\/www.fedaiisf.it\/en\/wp-json\/wp\/v2\/comments?post=21306"}],"version-history":[{"count":0,"href":"https:\/\/www.fedaiisf.it\/en\/wp-json\/wp\/v2\/posts\/21306\/revisions"}],"wp:featuredmedia":[{"embeddable":true,"href":"https:\/\/www.fedaiisf.it\/en\/wp-json\/wp\/v2\/media\/21311"}],"wp:attachment":[{"href":"https:\/\/www.fedaiisf.it\/en\/wp-json\/wp\/v2\/media?parent=21306"}],"wp:term":[{"taxonomy":"category","embeddable":true,"href":"https:\/\/www.fedaiisf.it\/en\/wp-json\/wp\/v2\/categories?post=21306"},{"taxonomy":"post_tag","embeddable":true,"href":"https:\/\/www.fedaiisf.it\/en\/wp-json\/wp\/v2\/tags?post=21306"}],"curies":[{"name":"wp","href":"https:\/\/api.w.org\/{rel}","templated":true}]}}