{"id":21657,"date":"2015-09-24T12:09:35","date_gmt":"2015-09-24T10:09:35","guid":{"rendered":"http:\/\/www.fedaiisf.it\/?p=21657"},"modified":"2015-10-16T17:45:00","modified_gmt":"2015-10-16T15:45:00","slug":"riparte-litalia-con-la-roadmap-del-colap","status":"publish","type":"post","link":"https:\/\/www.fedaiisf.it\/en\/riparte-litalia-con-la-roadmap-del-colap\/","title":{"rendered":"Italy restarts with the CoLAP Roadmap"},"content":{"rendered":"<p>THE<img loading=\"lazy\" decoding=\"async\" class=\"alignleft\" src=\"http:\/\/www.arigrafcatania.it\/sites\/g\/files\/g550621\/f\/201412\/CoLAP.jpg\" alt=\"\" width=\"188\" height=\"144\" \/>l CoLAP,\u00a0Coordinamento Libere Associazioni Professionali a cui <a href=\"http:\/\/www.aiisf.it\" target=\"_blank\" rel=\"noopener\"><span style=\"color: #ff0000;\"><strong>AIISF extension<\/strong> <\/span><\/a>aderisce, organizza il 13 novembre 2015 dalle 10,00 alle 18,30 presso l&#8217;Ateneo Pontificio Regina Apostolorum in via degli Aldobrandeschi 190 a Roma, l&#8217;evento &#8220;Riparte l&#8217;Italia con la Road Map del CoLAP.<\/p>\n<p>Il sito <span style=\"color: #0000ff;\"><a style=\"color: #0000ff;\" href=\"http:\/\/www.roadmapcolap.it\/\" target=\"_blank\" rel=\"noopener\">www.roadmapcolap.it<\/a><\/span>, interamente dedicato\u00a0all&#8217;evento del 13 novembre, \u00e8 stato lanciato ufficialmente!<\/p>\n<p>L\u00ec troverete tutte le informazioni necessarie su\u00a0\u201c<strong>RIPARTE L\u2019ITALIA con la Road Map del CoLAP<\/strong>\u201d, ovvero: il programma della giornata, suddiviso in\u00a0<strong>Talk Show<\/strong>,\u00a0<strong>Attivit\u00e0 delle Associazioni<\/strong>\u00a0<strong>Professionali\u00a0<\/strong>And<strong>\u00a0Area<\/strong>\u00a0<strong>Benessere e Salute<\/strong>; le indicazioni stradali per\u00a0<strong>raggiungere l\u2019Ateneo Pontificio Regina Apostolorum<\/strong>; le modalit\u00e0 di prenotazione del\u00a0<strong>Lunch in area riservata<\/strong>\u00a0or of\u00a0<strong>Pocket Lunch<\/strong>; le\u00a0<strong>Convenzioni attive con le strutture alberghiere<\/strong>\u00a0adiacenti l\u2019Ateneo.<\/p>\n<p><a href=\"http:\/\/www.roadmapcolap.it\/\" target=\"_blank\" rel=\"noopener\">www.roadmapcolap.it<\/a><strong>\u00a0<\/strong>non \u00e8 solo una piattaforma informativa, ma\u00a0<strong>il luogo in cui iniziare a conoscerci e fare rete<\/strong>: troverete infatti i nomi dellle<strong>Associations <\/strong>and of the<strong> Sponsor<\/strong>\u00a0dell\u2019evento, tutti\u00a0<strong>linkabili<\/strong>, per poter essere indirizzati ai relativi siti. Da <a href=\"http:\/\/www.roadmapcolap.it\/\" target=\"_blank\" rel=\"noopener\">www.roadmapcolap.it<\/a> potrete infine collegarvi alle nostre pagine social e conoscere le ultime news.<\/p>\n<p>Il CoLAP promuove quindi \u201cRIPARTE L\u2019ITALIA con la Road Map del CoLAP\u201d attraverso:<\/p>\n<ul>\n<li><strong>Sito web<\/strong> <strong>dedicato<\/strong>:<strong>\u00a0<span style=\"color: #0000ff;\"><a style=\"color: #0000ff;\" href=\"http:\/\/www.roadmapcolap.it\/\" target=\"_blank\" rel=\"noopener\">www.roadmapcolap.it<\/a><\/span><\/strong><\/li>\n<li><strong>Facebook<\/strong>:\u00a0pagina dedicata all\u2019evento, raggiungibile al link:\u00a0<span style=\"color: #0000ff;\"><strong><a style=\"color: #0000ff;\" href=\"https:\/\/www.facebook.com\/events\/1484387091856634\/\" target=\"_blank\" rel=\"noopener\">https:\/\/www.facebook.com\/events\/1484387091856634\/<\/a><\/strong><\/span><\/li>\n<li><strong>Others<\/strong>\u00a0<strong>Social Network:<\/strong>\u00a0<span style=\"color: #0000ff;\"><strong><a style=\"color: #0000ff;\" href=\"https:\/\/twitter.com\/CoLAP_Nazionale\" target=\"_blank\" rel=\"noopener\">Twitter<\/a><\/strong><\/span>,<strong>\u00a0<\/strong><span style=\"color: #0000ff;\"><strong><a style=\"color: #0000ff;\" href=\"http:\/\/www.linkedin.com\/profile\/view?id=173488721&amp;trk=nav_responsive_tab_profile\" target=\"_blank\" rel=\"noopener\">LinkedIn<\/a><\/strong><\/span><\/li>\n<\/ul>\n<p><strong>Il CoLAP pubblicher\u00e0 la notizia della partecipazione delle Associazioni<\/strong>\u00a0su tutti i canali; allo stesso modo, \u00e8 importante che\u00a0<strong>ogni Associazione<\/strong>\u00a0<strong>posti a sua volta, re-twitti e ricondivida<\/strong>\u00a0le news di \u201cRIPARTE L\u2019ITALIA con la Road Map del CoLAP\u201d.<\/p>\n<p><strong>Sintonizziamoci su<\/strong>\u00a0<strong>Facebook, Twitter e LinkedIn e su\u00a0<span style=\"color: #0000ff;\"><a style=\"color: #0000ff;\" href=\"http:\/\/www.roadmapcolap.it\/\" target=\"_blank\" rel=\"noopener\">www.roadmpacolap.it<\/a><\/span><\/strong>;\u00a0<strong>condividiamo e diffondiamo<\/strong>\u00a0le proposte delle libere professioni.\u00a0<strong>Facciamoci conoscere e invitiamo<\/strong>\u00a0quanti pi\u00f9 possibile a \u201c<strong>RIPARTE L\u2019ITALIA con la Road Map del CoLAP<\/strong>\u201d: un evento ad accesso libero, in cui desideriamo coinvolgere liberi professionisti, esperti di settore, esponenti del mondo politico e istituzionale, ma anche giovani, studenti, laureati e tutti coloro che cercano nuove opportunit\u00e0 formative e professionali.<\/p>\n<p><strong>#RIPARTELITALIA<\/strong>\u00a0with the\u00a0<strong>#RoadmapCoLAP<\/strong><\/p>\n<p><strong>#siamofiduciosi<\/strong>\u00a0di poter dare il nostro contributo alla ripresa del Paese, con la vostra partecipazione attiva e propositiva.<\/p>\n<p>Related news:\u00a0<span style=\"color: #0000ff;\"><a style=\"color: #0000ff;\" href=\"http:\/\/www.fedaiisf.it\/en\/partite-iva-tasse-minime-ma-la-burocrazia-resta-massima\/\" target=\"_blank\">VAT Numbers Minimum taxes, but bureaucracy remains maximum<\/a><\/span><\/p>\n<p><span style=\"color: #0000ff;\"><a style=\"color: #0000ff;\" href=\"http:\/\/www.fedaiisf.it\/en\/legge-di-stabilita-partite-iva-blocco-dellaliquota-contributiva-revisione-del-de-minimi-e-impegno-formale-ad-una-riforma-strutturale\/\" target=\"_blank\">Stability Law. VAT numbers: freezing of the contribution rate, revision of the minimums and formal commitment to a structural reform<\/a><\/span><\/p>\n<p><a href=\"http:\/\/www.roadmapcolap.it\/wp-content\/uploads\/2015\/09\/programma_13-NOVEMBRE-2015.pdf\" target=\"_blank\" rel=\"noopener\"><img loading=\"lazy\" decoding=\"async\" class=\"aligncenter\" src=\"http:\/\/www.roadmapcolap.it\/wp-content\/uploads\/2015\/09\/Slide_1d.jpg\" alt=\"Slide_1d\" width=\"780\" height=\"312\" \/><\/a><\/p>\n<p><span style=\"color: #ff0000;\"><strong>Ed<\/strong><\/span>.:<\/p>\n<p><img loading=\"lazy\" decoding=\"async\" class=\"alignright\" src=\"http:\/\/www.colap.eu\/images\/assocolap.jpg\" alt=\"\" width=\"229\" height=\"230\" \/><em>There <a href=\"http:\/\/www.gazzettaufficiale.it\/eli\/id\/2013\/01\/26\/13G00021\/sg\" target=\"_blank\" rel=\"noopener\"><span style=\"color: #0000ff;\">legge 4\/2013<\/span><\/a> riguarda le disposizioni in materia di professioni non organizzate in ordini o collegi. In particolare le Associazioni Professionali non regolamentate si possono iscrivere agli appositi elenchi del Ministero dello Sviluppo Economico (MISE) autocertificando alcune prerogative conformi alla legge sopra citata:<\/em><\/p>\n<p><em>Devono essere fondate su base volontaria, senza alcun vincolo di rappresentanza esclusiva,<\/em><\/p>\n<p><em>Gli statuti e le clausole associative delle associazioni professionali devono garantire la trasparenza delle attivit\u00e0 e degli assetti associativi, la dialettica democratica tra gli associati, l&#8217;osservanza dei principi deontologici, nonch\u00e9 una struttura organizzativa e tecnico-scientifica adeguata all&#8217;effettivo raggiungimento delle finalit\u00e0 dell&#8217;associazione,<\/em><\/p>\n<p><em>Le associazioni professionali devono promuovere anche attraverso specifiche iniziative, la formazione permanente dei propri iscritti, adottano un codice di condotta e devono vigilare sulla condotta professionale degli associati stabilendo le sanzioni disciplinari da irrogare agli associati per le violazioni del medesimo codice,<\/em><\/p>\n<p><em>Le associazioni devono promuovere forme di garanzia a tutela dell&#8217;utente.<\/em><\/p>\n<p><em>The <span style=\"color: #0000ff;\"><a style=\"color: #0000ff;\" href=\"http:\/\/www.sviluppoeconomico.gov.it\/index.php\/it\/assistenza\/domande-frequenti\/2029843-faq-disposizioni-in-materia-di-professioni-non-organizzate-in-ordini-o-collegi\" target=\"_blank\" rel=\"noopener\">MISE per\u00f2 dichiara<\/a><\/span> che l\u2019elenco delle Associazioni ha una finalit\u00e0 esclusivamente informativa e non un valore di graduatoria o di rilascio di giudizi di affidabilit\u00e0 da parte del Ministero dello Sviluppo Economico.<\/em><\/p>\n<p><em>Il CoLAP, Coordinamento Libere Associazioni Professionali, \u00e8 nato proprio per garantire ci\u00f2 che il MISE non pu\u00f2 garantire, cio\u00e8 la veridicit\u00e0 e la garanzia delle Associazioni aderenti. A sua volta poi il CoLAP \u00e8 <span style=\"color: #0000ff;\"><a style=\"color: #0000ff;\" href=\"http:\/\/www.sviluppoeconomico.gov.it\/index.php\/it\/?option=com_content&amp;view=article&amp;viewType=0&amp;id=2029707&amp;idarea1=1934&amp;idarea2=0&amp;idarea3=0&amp;idarea4=0&amp;andor=AND&amp;sectionid=2,10&amp;andorcat=AND&amp;partebassaType=0&amp;idareaCalendario1=0&amp;MvediT=1&amp;showMenu=1&amp;showCat=1&amp;showArchiveNewsBotton=0&amp;idmenu=3660&amp;directionidUser=0\" target=\"_blank\" rel=\"noopener\">iscritta al MISE come forma aggregativa<\/a><\/span> di Associazioni, fra cui AIISF, che rispondono veramente ai criteri di legge.<\/em><\/p>","protected":false},"excerpt":{"rendered":"<p>Il CoLAP,\u00a0Coordinamento Libere Associazioni Professionali a cui AIISF aderisce, organizza il 13 novembre 2015 dalle 10,00 alle 18,30 presso l&#8217;Ateneo Pontificio Regina Apostolorum in via degli Aldobrandeschi 190 a Roma, l&#8217;evento &#8220;Riparte l&#8217;Italia con la Road Map del CoLAP. Il sito www.roadmapcolap.it, interamente dedicato\u00a0all&#8217;evento del 13 novembre, \u00e8 stato lanciato ufficialmente! L\u00ec troverete tutte le &hellip;<\/p>","protected":false},"author":4,"featured_media":21662,"comment_status":"closed","ping_status":"closed","sticky":false,"template":"","format":"standard","meta":{"footnotes":""},"categories":[16],"tags":[45],"class_list":["post-21657","post","type-post","status-publish","format-standard","has-post-thumbnail","hentry","category-primo-piano","tag-fedaiisf"],"amp_enabled":true,"_links":{"self":[{"href":"https:\/\/www.fedaiisf.it\/en\/wp-json\/wp\/v2\/posts\/21657","targetHints":{"allow":["GET"]}}],"collection":[{"href":"https:\/\/www.fedaiisf.it\/en\/wp-json\/wp\/v2\/posts"}],"about":[{"href":"https:\/\/www.fedaiisf.it\/en\/wp-json\/wp\/v2\/types\/post"}],"author":[{"embeddable":true,"href":"https:\/\/www.fedaiisf.it\/en\/wp-json\/wp\/v2\/users\/4"}],"replies":[{"embeddable":true,"href":"https:\/\/www.fedaiisf.it\/en\/wp-json\/wp\/v2\/comments?post=21657"}],"version-history":[{"count":0,"href":"https:\/\/www.fedaiisf.it\/en\/wp-json\/wp\/v2\/posts\/21657\/revisions"}],"wp:featuredmedia":[{"embeddable":true,"href":"https:\/\/www.fedaiisf.it\/en\/wp-json\/wp\/v2\/media\/21662"}],"wp:attachment":[{"href":"https:\/\/www.fedaiisf.it\/en\/wp-json\/wp\/v2\/media?parent=21657"}],"wp:term":[{"taxonomy":"category","embeddable":true,"href":"https:\/\/www.fedaiisf.it\/en\/wp-json\/wp\/v2\/categories?post=21657"},{"taxonomy":"post_tag","embeddable":true,"href":"https:\/\/www.fedaiisf.it\/en\/wp-json\/wp\/v2\/tags?post=21657"}],"curies":[{"name":"wp","href":"https:\/\/api.w.org\/{rel}","templated":true}]}}