{"id":21791,"date":"2015-09-30T12:47:26","date_gmt":"2015-09-30T10:47:26","guid":{"rendered":"http:\/\/www.fedaiisf.it\/?p=21791"},"modified":"2015-10-09T13:11:56","modified_gmt":"2015-10-09T11:11:56","slug":"revisione-del-prontuario-dagli-incontri-aifa-piu-forte-ipotesi-taglio-prezzi","status":"publish","type":"post","link":"https:\/\/www.fedaiisf.it\/en\/revisione-del-prontuario-dagli-incontri-aifa-piu-forte-ipotesi-taglio-prezzi\/","title":{"rendered":"Revision of the handbook, from the Aifa meetings stronger price cut hypothesis"},"content":{"rendered":"<p><em>L\u2019obiettivo, come si ricorder\u00e0, \u00e8 quello di ricavare risparmi per circa mezzo miliardo di euro, attraverso un intervento sui prezzi dei farmaci raggruppati per categorie \u00abterapeuticamente assimilabili\u00bb<\/em><\/p>\n<p><a href=\"https:\/\/www.federfarma.it\/Edicola\/FiloDiretto\/Filodiretto\/settembre2015\/30-09-2015-00-42-09.aspx\" target=\"_blank\" rel=\"noopener\"><span style=\"color: #0000ff;\">30\/09\/2015 &#8211; Federfarma<\/span><\/a><\/p>\n<p><strong><img loading=\"lazy\" decoding=\"async\" class=\"alignleft\" src=\"http:\/\/a3.mzstatic.com\/eu\/r30\/Purple7\/v4\/bf\/9e\/9f\/bf9e9f39-ab32-8ed6-02ce-19b443908501\/icon320x320.jpeg\" alt=\"\" width=\"237\" height=\"237\" \/>Potrebbe scattare con un paio di settimane di ritardo la revisione del Prontuario<\/strong> cui l\u2019Aifa sta lavorando dai primi di settembre in base a quanto previsto dall\u2019accordo Stato-Regioni del 2 luglio. L\u2019obiettivo, come si ricorder\u00e0, \u00e8 quello di ricavare risparmi per circa mezzo miliardo di euro, attraverso un intervento sui prezzi dei farmaci raggruppati per categorie \u00abterapeuticamente assimilabili\u00bb. Allo scopo l\u2019Agenzia del farmaco ha avviato dal 7 del mese un giro di <a href=\"http:\/\/www.federfarma.it\/Edicola\/FiloDiretto\/Filodiretto\/settembre2015\/05-09-2015-08-17-56.aspx\" target=\"_blank\" rel=\"noopener\">incontri con una settantina di aziende<\/a>, per una negoziazione che ha coinvolto in totale 580 specialit\u00e0 di fascia A. Ieri si \u00e8 concluso l\u2019ultimo scaglione di colloqui, che hanno riguardato sette imprese, ora si attendono le tappe a venire. Secondo voci di fonte industriale, infatti, negli incontri l\u2019Aifa si sarebbe limitata a presentare a ogni azienda il suo \u201cconto\u201d, ossia i risparmi attesi sul portafoglio selezionato. Resterebbero ancora da raccogliere, dunque, le scelte di ciascuna rispetto alle tre opzioni concesse dalla legge 125\/2015, che ha recepito l\u2019intesa di luglio: taglio dei prezzi, rimborso tramite pay-back o riclassificazione in fascia C.<\/p>\n<p><strong>Potrebbero quindi essere necessari ancora alcuni giorni per raccogliere<\/strong> tutte le risposte, tanto che secondo alcune fonti la determina finale dell\u2019Agenzia dovrebbe uscire attorno a met\u00e0 ottobre anzich\u00e9 il 30 settembre, come originariamente previsto. P<img loading=\"lazy\" decoding=\"async\" class=\"alignright\" src=\"http:\/\/fondazionecorriere.corriere.it\/iniziative\/foto_trattate\/2015\/03\/farmaci-tra-costo-e-valore-2015_431x431px-kb7-u23011020104251k-430x415@fondazionecorriere.jpg\" alt=\"\" width=\"210\" height=\"203\" \/>eraltro, l\u2019orientamento che si sta consolidando tra le aziende parrebbe essere quello di un taglio ai prezzi anzich\u00e9 un rimborso mediante pay-back: quest\u2019ultima opzione, solitamente la preferita dai produttori, risultava in un primo tempo la pi\u00f9 gettonata, poi per\u00f2 alcune imprese avrebbero \u201crotto\u201d il fronte e sposato l\u2019intervento sui prezzi, costringendo le altre sulla stessa strada per tutelare le proprie quote di mercato.<\/p>\n<p><strong>Arduo al momento quantificare l\u2019entit\u00e0 dei ribassi, anche se come detto<\/strong> il risparmio risultante dovrebbe ammontare a 500 milioni di euro annui: alle aziende, infatti, l\u2019Aifa avrebbe mostrato soltanto cifre lorde, ancora da \u201cspalmare\u201d sui prezzi dei singoli prodotti. Una modalit\u00e0 di lavoro, tra l\u2019altro, che avrebbe suscitato qualche contrariet\u00e0 tra le aziende, impossibilitate cos\u00ec a verificare la congruit\u00e0 delle stime. Nei prossimi giorni se ne dovrebbe sapere di pi\u00f9. (AS)<\/p>","protected":false},"excerpt":{"rendered":"<p>L\u2019obiettivo, come si ricorder\u00e0, \u00e8 quello di ricavare risparmi per circa mezzo miliardo di euro, attraverso un intervento sui prezzi dei farmaci raggruppati per categorie \u00abterapeuticamente assimilabili\u00bb 30\/09\/2015 &#8211; Federfarma Potrebbe scattare con un paio di settimane di ritardo la revisione del Prontuario cui l\u2019Aifa sta lavorando dai primi di settembre in base a quanto &hellip;<\/p>","protected":false},"author":4,"featured_media":6554,"comment_status":"closed","ping_status":"closed","sticky":false,"template":"","format":"standard","meta":{"footnotes":""},"categories":[1],"tags":[26,79],"class_list":["post-21791","post","type-post","status-publish","format-standard","has-post-thumbnail","hentry","category-notizie","tag-spesa-farmaceutica","tag-ssn"],"amp_enabled":true,"_links":{"self":[{"href":"https:\/\/www.fedaiisf.it\/en\/wp-json\/wp\/v2\/posts\/21791","targetHints":{"allow":["GET"]}}],"collection":[{"href":"https:\/\/www.fedaiisf.it\/en\/wp-json\/wp\/v2\/posts"}],"about":[{"href":"https:\/\/www.fedaiisf.it\/en\/wp-json\/wp\/v2\/types\/post"}],"author":[{"embeddable":true,"href":"https:\/\/www.fedaiisf.it\/en\/wp-json\/wp\/v2\/users\/4"}],"replies":[{"embeddable":true,"href":"https:\/\/www.fedaiisf.it\/en\/wp-json\/wp\/v2\/comments?post=21791"}],"version-history":[{"count":0,"href":"https:\/\/www.fedaiisf.it\/en\/wp-json\/wp\/v2\/posts\/21791\/revisions"}],"wp:featuredmedia":[{"embeddable":true,"href":"https:\/\/www.fedaiisf.it\/en\/wp-json\/wp\/v2\/media\/6554"}],"wp:attachment":[{"href":"https:\/\/www.fedaiisf.it\/en\/wp-json\/wp\/v2\/media?parent=21791"}],"wp:term":[{"taxonomy":"category","embeddable":true,"href":"https:\/\/www.fedaiisf.it\/en\/wp-json\/wp\/v2\/categories?post=21791"},{"taxonomy":"post_tag","embeddable":true,"href":"https:\/\/www.fedaiisf.it\/en\/wp-json\/wp\/v2\/tags?post=21791"}],"curies":[{"name":"wp","href":"https:\/\/api.w.org\/{rel}","templated":true}]}}