{"id":21874,"date":"2015-10-03T11:48:10","date_gmt":"2015-10-03T09:48:10","guid":{"rendered":"http:\/\/www.fedaiisf.it\/?p=21874"},"modified":"2015-10-04T11:46:57","modified_gmt":"2015-10-04T09:46:57","slug":"lorenzin-errori-comunicazione-su-decreto-interpretazioni-folli-slow-medicine-il-problema-e-lappropriatezza-clinica-non-prescrittiva","status":"publish","type":"post","link":"https:\/\/www.fedaiisf.it\/en\/lorenzin-errori-comunicazione-su-decreto-interpretazioni-folli-slow-medicine-il-problema-e-lappropriatezza-clinica-non-prescrittiva\/","title":{"rendered":"Lorenzin: communication errors on the decree, crazy interpretations. Slow medicine, the problem is non-prescriptive clinical appropriateness"},"content":{"rendered":"<p><em>Molto preoccupata di come contenuti illustrati a cittadini&#8221;.\u00a0Per Lorenzin, un atteggiamento di &#8220;ignoranza, ossia non conoscenza del provvedimento&#8221;, ha creato &#8220;allarme e sconcerto, e voglio ribadire il concetto: non si gioca con la paura dei cittadini.\u00a0Slow medicine:\u00a0effettuare la prestazione giusta, in modo giusto, al momento giusto, al paziente giusto.<\/em><\/p>\n<p><a href=\"http:\/\/www.askanews.it\/altre-sezioni\/salute\/lorenzin-errori-comunicazione-su-decreto-interpetazioni-folli_711619375.htm\" target=\"_blank\" rel=\"noopener\"><span style=\"color: #0000ff;\">Roma, 2 ott. (askanews)<\/span><\/a> &#8211; &#8220;Sono arrivate tantissime telefonate, tantissime mail di persone che avevano paura di non poter fare le analisi e questa \u00e8 una follia, il che vuol dire <img loading=\"lazy\" decoding=\"async\" class=\"alignleft\" src=\"https:\/\/noimagazinedotcom.files.wordpress.com\/2014\/09\/l43-scuola-docenti-docente-120910161737_big.jpg\" alt=\"\" width=\"347\" height=\"251\" \/>che abbiamo tutti sbagliato, me per prima, nella comunicazione&#8221;. Cos\u00ec il ministro della Salute Beatrice Lorenzin nel corso di un&#8217;audizione alla commissione Igiene e sanit\u00e0 del Senato, in merito al cosiddetto &#8220;decreto Lorenzin&#8221;.<\/p>\n<p>Prima di spiegare il concetto &#8220;appropiatezza prescrittiva&#8221; nel &#8220;decreto applicativo&#8221;, Lorenzin ha detto: &#8220;Come cittadino, non tanto come ministro, vi devo dire che sono molto preoccupata di come i contenuti di questo decreto ministeriale siano stati illustrati alla cittadinanza. Si \u00e8 andati oltre quello che \u00e8 un dibattito politico-tecnicno giustissimo, in cui ognuno pu\u00f2 dire le sue opinioni anche in modo forte, ma quando il dibattito diventa oggetto di lotta politica diventa qualcosa altro \u00e8 pericoloso quando si tratta delle salute delle persone&#8221;. Il ministro ha spiegato che &#8220;dover rassereneare 60 milioni di persone che si sono convinte che non potranno avere accesso alle prescrizioni diagnostiche, allo screening, e non potranno essere curate, \u00e8 estremamente pericoloso&#8221;. Per Lorenzin, un atteggiamento di &#8220;ignoranza, ossia non conoscenza del provvedimento&#8221;, ha creato &#8220;allarme e sconcerto, e io sono qui perch\u00e9 voglio ribadire il concetto: non si gioca con la paura dei cittadini, e questo \u00e8 il luogo per fare il giusto racconto di cosa \u00e8 accaduto, cosa possiamo fare per migliorare qualiasi tutpo di provvedimento e rimettere uqesto nella giusta prospettiva&#8221;.<\/p>\n<p>&#8220;Dobbiamo dare ai cittadini &#8211; ha detto Lorenzin &#8211; una comunicazione, quando si parla di salute, che deve basarsi su dati oggettive: non possiamo permetterci di ingenerare paura, sono pericolose e non fa parte di uno spirito di leale collabroazione che attiene alla Pubblica amministrazione&#8221;. E&#8217; dunque necessario &#8220;riportare il dibattito sul piano della realt\u00e0, non delle ipotesi o della paura&#8221;<\/p>\n<p>Related news:\u00a0<a href=\"http:\/\/www.slowmedicine.it\/notizie\/143-appropriatezza-prescrittiva\/397-l-appropriatezza-secondo-slow-medicine.html\" target=\"_blank\" rel=\"noopener\"><span style=\"color: #0000ff;\">Slow medicine e il decreto per limitare le prescrizioni inappropriate<\/span><\/a><\/p>\n<p><a href=\"http:\/\/www.quotidianosanita.it\/governo-e-parlamento\/articolo.php?articolo_id=31814\" target=\"_blank\" rel=\"noopener\"><span style=\"color: #0000ff;\">Decreto appropriatezza. <em>Delitto e castigo<\/em> del prescrittore.<\/span><\/a>\u00a0<em>Si preferisce sanzionare il medico per una TAC di troppo perch\u00e9 spende male i soldi della collettivit\u00e0. Quanti pi\u00f9 soldi sono spesi male per una cattiva scelta di programmazione o di gestione in un\u2019azienda sanitaria da 200-300 mila assistiti? Quanti di pi\u00f9 per chi nomina le persone che poi faranno quelle cattive scelte gestionali?<\/em><\/p>\n<p class=\"blog-title\"><a href=\"http:\/\/www.ilfattoquotidiano.it\/2015\/10\/03\/sanita-il-governo-conferma-che-solo-i-ricchi-potranno-curarsi\/2092199\/\" target=\"_blank\" rel=\"noopener\"><span style=\"color: #0000ff;\">Sanit\u00e0: il governo conferma che solo i ricchi potranno curarsi<\/span><\/a><\/p>\n<p class=\"blog-title\"><a href=\"http:\/\/www.beppegrillo.it\/movimento\/parlamento\/affarisociali\/2015\/09\/prescrizioni-mediche-il-governo-cala-la-mannaia-sulla-salute-dei-cittadini.html\" target=\"_blank\" rel=\"noopener\"><span style=\"color: #0000ff;\">M5S.\u00a0Prescrizioni mediche: il Governo cala la mannaia sulla salute dei cittadini<\/span><\/a><\/p>\n<p>&nbsp;<\/p>\n<p>&nbsp;<\/p>","protected":false},"excerpt":{"rendered":"<p>Molto preoccupata di come contenuti illustrati a cittadini&#8221;.\u00a0Per Lorenzin, un atteggiamento di &#8220;ignoranza, ossia non conoscenza del provvedimento&#8221;, ha creato &#8220;allarme e sconcerto, e voglio ribadire il concetto: non si gioca con la paura dei cittadini.\u00a0Slow medicine:\u00a0effettuare la prestazione giusta, in modo giusto, al momento giusto, al paziente giusto. Roma, 2 ott. (askanews) &#8211; &#8220;Sono &hellip;<\/p>","protected":false},"author":4,"featured_media":19458,"comment_status":"closed","ping_status":"closed","sticky":false,"template":"","format":"standard","meta":{"footnotes":""},"categories":[1],"tags":[28],"class_list":["post-21874","post","type-post","status-publish","format-standard","has-post-thumbnail","hentry","category-notizie","tag-lorenzin"],"amp_enabled":true,"_links":{"self":[{"href":"https:\/\/www.fedaiisf.it\/en\/wp-json\/wp\/v2\/posts\/21874","targetHints":{"allow":["GET"]}}],"collection":[{"href":"https:\/\/www.fedaiisf.it\/en\/wp-json\/wp\/v2\/posts"}],"about":[{"href":"https:\/\/www.fedaiisf.it\/en\/wp-json\/wp\/v2\/types\/post"}],"author":[{"embeddable":true,"href":"https:\/\/www.fedaiisf.it\/en\/wp-json\/wp\/v2\/users\/4"}],"replies":[{"embeddable":true,"href":"https:\/\/www.fedaiisf.it\/en\/wp-json\/wp\/v2\/comments?post=21874"}],"version-history":[{"count":0,"href":"https:\/\/www.fedaiisf.it\/en\/wp-json\/wp\/v2\/posts\/21874\/revisions"}],"wp:featuredmedia":[{"embeddable":true,"href":"https:\/\/www.fedaiisf.it\/en\/wp-json\/wp\/v2\/media\/19458"}],"wp:attachment":[{"href":"https:\/\/www.fedaiisf.it\/en\/wp-json\/wp\/v2\/media?parent=21874"}],"wp:term":[{"taxonomy":"category","embeddable":true,"href":"https:\/\/www.fedaiisf.it\/en\/wp-json\/wp\/v2\/categories?post=21874"},{"taxonomy":"post_tag","embeddable":true,"href":"https:\/\/www.fedaiisf.it\/en\/wp-json\/wp\/v2\/tags?post=21874"}],"curies":[{"name":"wp","href":"https:\/\/api.w.org\/{rel}","templated":true}]}}