{"id":21948,"date":"2015-10-06T10:28:08","date_gmt":"2015-10-06T08:28:08","guid":{"rendered":"http:\/\/www.fedaiisf.it\/?p=21948"},"modified":"2015-10-06T10:31:23","modified_gmt":"2015-10-06T08:31:23","slug":"partite-iva-tasse-minime-ma-la-burocrazia-resta-massima","status":"publish","type":"post","link":"https:\/\/www.fedaiisf.it\/en\/partite-iva-tasse-minime-ma-la-burocrazia-resta-massima\/","title":{"rendered":"VAT Numbers Minimum taxes, but bureaucracy remains maximum"},"content":{"rendered":"<p><em>Le opinioni di Acta e Colap dopo la promessa riduzione delle imposte.\u00a0Piacciono il ritorno del tetto a 30 mila euro e le agevolazioni a favore dei giovani. La morsa tributaria per\u00f2 continua<\/em><\/p>\n<p>DI <a href=\"http:\/\/www.apaform.it\/media\/k2\/attachments\/CorriereEconomia_5ott15.pdf\" target=\"_blank\" rel=\"noopener\"><span style=\"color: #0000ff;\">ISIDORO TROVATO &#8211; Corriere Economia<\/span><\/a><\/p>\n<p><img loading=\"lazy\" decoding=\"async\" class=\" alignleft\" src=\"http:\/\/www.impresamia.com\/wp-content\/uploads\/2015\/07\/00-ALESSANDRUCCI-01.jpg\" alt=\"\" width=\"362\" height=\"258\" \/>La fiscalit\u00e0 per i giovani professionisti torna al centro del dibattito politico. Il recente annuncio di una revisione del regime dei minimi (che tanto era stato criticato nella sua prima versione) riapre una finestra di dialogo con il popolo della partite Iva che si era sentito discriminato. Che l&#8217;aria sia cambiata lo dimostra anche una recente affermazione del viceministro dell&#8217;Economia e delle Finanze Luigi Gaser\u00f2: \u00abbisogna incominciare a dire che i professionisti rappresentano uno dei punti di forza del Paese, mentre per troppi anni si \u00e8 detto che erano un peso\u00bb. Una considerazione supportata, concretamente, dalle novit\u00e0 normative in vista: \u00abnella Legge di Stabilit\u00e0\u2014aggiunge il viceministro \u2014 si pensa si reintrodurre l&#8217;aliquota al 5% per i primi 5 anni di attivit\u00e0 e poi al 15%, ristabilendo per la categoria dei professionisti la soglia dei 30 mila euro, senza stavolta alcun limite di et\u00e0\u00bb.<\/p>\n<p><strong>La proposta<\/strong><\/p>\n<p>A beneficiare di questa misura, secondo il Dipartimento Finanze del ministero dell&#8217;Economia sarebbero quasi 1 milione e 800 mila lavoratori che sulle dichiarazioni del 2014 hanno riportato un volume d&#8217;affari sotto i 30 mila euro. In questo modo \u00abil regime fiscale diventa di nuovo accessibile per i liberi professionisti \u2014 sostiene il sottosegretario all&#8217;Economia, Enrico Zanetti \u2014 e si riproduce per le nuove attivit\u00e0 la stessa convenienza che dava il vecchio regime\u00bb. Correzioni e cambi di rotta che riguardano tutta l&#8217;area fiscale del lavoro autonomo. \u00abPi\u00f9 la dimensione di un&#8217;attivit\u00e0 commerciale \u00e8 ridotta, pi\u00f9 aumenta l&#8217;insostenibilit\u00e0 dei costi diretti e indiretti degli adempimenti burocratici \u2014 fa notare il sottosegretario \u2014. \u00c8 proprio pensando a queste imprese, come a tutti i privati cittadini, che stiamo lavorando per raggiungere l&#8217;obiettivo di creare un vero e proprio Tax Day unico\u00bb<\/p>\n<p><strong>Le reazioni<\/strong><\/p>\n<p>I<img loading=\"lazy\" decoding=\"async\" class=\" alignright\" src=\"http:\/\/www.sinistraecologialiberta.it\/wp-content\/uploads\/2014\/10\/anna_soru.jpeg\" alt=\"\" width=\"301\" height=\"310\" \/> primi commenti del mondo professionale e delle partite Iva non sono tardate ad arrivare. Tra scetticismo e sollievo. \u00abL&#8217;annunciata riformulazione del regime dei minimi \u00e8 una delle proposte contenute nella nostra road map \u2014 spiega la presidente del Colap <strong>Emiliana Alessandrucci<\/strong> [<em>nella foto a sinistra<\/em>] \u2014. Speriamo che sia davvero questa la formulazione che troveremo nella legge, non vorremmo scherzetti dell&#8217;ultimo minuto come l&#8217;anno scorso dove si prese una bella cantonata con il regime proposto. Il governo discuta con gli interessati, possiamo insieme costruire una proposta sostenibile e davvero incentivante per i professionisti. Vogliamo contribuire alla ripresa del paese anche pagando le tasse ma \u00e8 necessario renderle giuste, eque e sostenibili\u00bb. E sul tema il fronte delle richieste \u00e8 molto ampio. \u00abLa stabilit\u00e0 ha dei compiti importanti per incoraggiare la ripresa del nostro Paese \u2014 continua Alessandrucci \u2014. Per questo non si possono lasciare fuori i professionisti; \u00e8 necessaria la revisione del regime dei minimi, ma il settore necessita di altri provvedimenti, non solo fiscali. Dobbiamo agire sulla semplificazione, sulla competitivit\u00e0, sulla maggiore apertura del mercato\u00bb. Sulla probabile modifica del regime de minimi \u00e8 un po&#8217; pi\u00f9 critica la posizione di Acta (Associazione consulenti terziario avanzato): \u00abSi tratta di una buona pezza ma si tratta pur sempre di una toppa \u2014 osserva <strong>Anna Soru<\/strong>, presidente di Acta \u2014. La correzione \u00e8 sicuramente positiva: \u00e8 giusto togliere il limite d&#8217;et\u00e0 perch\u00e9 il lavoro autonomo non ha regole fisse legate alle fasce d&#8217;et\u00e0. Ma si tratta pur sempre di un provvedimento che rinvia la soluzione del problema, non vengono affrontati i nodi strutturali del lavoro autonomo e restano aperte le questioni pi\u00f9 profonde\u00bb. Il riferimento \u00e8 rivolto all&#8217;equiparazione tra lavoro autonomo e lavoro dipendente. \u00abCerto \u2014 conferma Som \u2014. Da tempo ci appelliamo a questa parit\u00e0: per chi ha reddito basso chiediamo una no tax area che attualmente \u00e8 fissata a 4.800 euro e invece dovrebbe essere portata ad almeno 8 mila euro. Inoltre sarebbe giusto introdurre il bonus da 80 euro anche ai lavoratori a partita Iva\u00bb.<\/p>\n<p>Notizia correlata:\u00a0<span style=\"color: #0000ff;\"><a style=\"color: #0000ff;\" href=\"http:\/\/www.fedaiisf.it\/riparte-litalia-con-la-roadmap-del-colap\/\" target=\"_blank\">Riparte l\u2019Italia con la Roadmap del CoLAP<\/a><\/span><\/p>\n<p><a href=\"http:\/\/www.laleggepertutti.it\/98033_se-lazienda-ti-assume-come-lavoratore-autonomo-a-partita-iva\" target=\"_blank\" rel=\"noopener\"><span style=\"color: #0000ff;\">Se l\u2019azienda ti \u201cassume\u201d come lavoratore autonomo a partita IVA<\/span><\/a><\/p>\n<p><a href=\"http:\/\/it.blastingnews.com\/lavoro\/2015\/10\/partita-iva-nuovo-regime-dei-minimi-la-legge-di-stabilita-alza-il-tetto-a-30-mila-euro-00578969.html\" target=\"_blank\" rel=\"noopener\"><span style=\"color: #0000ff;\">PARTITA IVA, NUOVO REGIME DEI MINIMI: LA LEGGE DI STABILIT\u00c0 ALZA IL TETTO A 30 MILA EURO?<\/span><\/a><\/p>\n<p class=\"article-title\"><a href=\"http:\/\/www.corriere.it\/notizie-ultima-ora\/Economia\/Lavoro-Ancot-Jobs-Act-diminuiscono-partite-Iva\/01-10-2015\/1-A_020136242.shtml\" target=\"_blank\" rel=\"noopener\"><span style=\"color: #0000ff;\">Lavoro: Ancot, con Jobs Act diminuiscono partite Iva<\/span><\/a><\/p>\n<p><a href=\"http:\/\/it.blastingnews.com\/tasse\/2015\/10\/legge-stabilita-2016-dalle-pensioni-all-abolizione-tasi-ecco-i-programmi-del-governo-00588811.html\" target=\"_blank\" rel=\"noopener\"><span style=\"color: #0000ff;\">LEGGE STABILIT\u00c0 2016:\u00a0congelare l&#8217;<strong>aumento dell&#8217;Iva<\/strong> e delle accise<\/span><\/a><\/p>\n","protected":false},"excerpt":{"rendered":"<p>Le opinioni di Acta e Colap dopo la promessa riduzione delle imposte.\u00a0Piacciono il ritorno del tetto a 30 mila euro e le agevolazioni a favore dei giovani. La morsa tributaria per\u00f2 continua DI ISIDORO TROVATO &#8211; Corriere Economia La fiscalit\u00e0 per i giovani professionisti torna al centro del dibattito politico. Il recente annuncio di una &hellip;<\/p>","protected":false},"author":4,"featured_media":21952,"comment_status":"closed","ping_status":"closed","sticky":false,"template":"","format":"standard","meta":{"footnotes":""},"categories":[1],"tags":[23],"class_list":["post-21948","post","type-post","status-publish","format-standard","has-post-thumbnail","hentry","category-notizie","tag-informatore"],"amp_enabled":true,"_links":{"self":[{"href":"https:\/\/www.fedaiisf.it\/en\/wp-json\/wp\/v2\/posts\/21948","targetHints":{"allow":["GET"]}}],"collection":[{"href":"https:\/\/www.fedaiisf.it\/en\/wp-json\/wp\/v2\/posts"}],"about":[{"href":"https:\/\/www.fedaiisf.it\/en\/wp-json\/wp\/v2\/types\/post"}],"author":[{"embeddable":true,"href":"https:\/\/www.fedaiisf.it\/en\/wp-json\/wp\/v2\/users\/4"}],"replies":[{"embeddable":true,"href":"https:\/\/www.fedaiisf.it\/en\/wp-json\/wp\/v2\/comments?post=21948"}],"version-history":[{"count":0,"href":"https:\/\/www.fedaiisf.it\/en\/wp-json\/wp\/v2\/posts\/21948\/revisions"}],"wp:featuredmedia":[{"embeddable":true,"href":"https:\/\/www.fedaiisf.it\/en\/wp-json\/wp\/v2\/media\/21952"}],"wp:attachment":[{"href":"https:\/\/www.fedaiisf.it\/en\/wp-json\/wp\/v2\/media?parent=21948"}],"wp:term":[{"taxonomy":"category","embeddable":true,"href":"https:\/\/www.fedaiisf.it\/en\/wp-json\/wp\/v2\/categories?post=21948"},{"taxonomy":"post_tag","embeddable":true,"href":"https:\/\/www.fedaiisf.it\/en\/wp-json\/wp\/v2\/tags?post=21948"}],"curies":[{"name":"wp","href":"https:\/\/api.w.org\/{rel}","templated":true}]}}