{"id":22004,"date":"2015-10-08T12:36:07","date_gmt":"2015-10-08T10:36:07","guid":{"rendered":"http:\/\/www.fedaiisf.it\/?p=22004"},"modified":"2015-10-10T17:56:58","modified_gmt":"2015-10-10T15:56:58","slug":"rinnovo-ccnl-farmaceutici-sindacati-subito-lavvio-delle-trattative-contrattuali-nostra-disponibilita-per-un-primo-incontro-il-12-ottobre","status":"publish","type":"post","link":"https:\/\/www.fedaiisf.it\/en\/rinnovo-ccnl-farmaceutici-sindacati-subito-lavvio-delle-trattative-contrattuali-nostra-disponibilita-per-un-primo-incontro-il-12-ottobre\/","title":{"rendered":"Renewal of the pharmaceutical CCNL. Unions: &#039;Contract negotiations start immediately. Our availability for a first meeting on October 12th&#039;"},"content":{"rendered":"<h2 class=\"titolinewsgrande\"><span style=\"color: #ff0000;\">CHIMICI: pronta la piattaforma per il rinnovo del contratto. 123 euro \u00e8 la richiesta salariale per il triennio 2016-2018<\/span><\/h2>\n<div class=\"notizia_subtitle1\">\n<div class=\"element\">\n<p class=\"sottotitolonewsrosso\"><em>Miceli, Colombini, Pirani: &#8216;Subito l&#8217;avvio delle trattative contrattuali con Federchimica e Farmindustria: la nostra disponibilit\u00e0 per un primo incontro il 12 ottobre<\/em><em>&#8216;<\/em><\/p>\n<p class=\"sottotitolonewsrosso\"><a href=\"http:\/\/www.filctemcgil.it\/index.php?option=com_flexicontent&amp;view=items&amp;cid=9&amp;id=5615&amp;Itemid=3\" target=\"_blank\" rel=\"noopener\"><span style=\"color: #0000ff;\">\u00a0Filctem &#8211;\u00a0Mercoled\u00ec 07 Ottobre 2015<\/span><\/a><\/p>\n<div class=\"element\">\n<div class=\"articolo\" align=\"justify\">\n<p>THE<img loading=\"lazy\" decoding=\"async\" class=\"alignleft\" src=\"http:\/\/www.fedaiisf.it\/wp-content\/uploads\/2015\/09\/ccnl.chim_.farm_-890x395_c.jpg\" alt=\"\" width=\"340\" height=\"151\" \/>l 7 ottobre Emilio Miceli, Angelo Colombini, Paolo Pirani &#8211; segretari generali di Filctem Cgil, Femca Cisl, Uiltec Uil &#8211; hanno scritto una <span style=\"color: #0000ff;\"><a style=\"color: #0000ff;\" href=\"http:\/\/www.filctemcgil.it\/images\/stories\/flexicontent\/news\/chimico_farmaceutico\/7.10.15Prot378a_Farm_e_Federc_x_incontro_CCNL.pdf\" target=\"_blank\" rel=\"noopener\">letter<\/a><\/span> ai presidenti di Federchimica e Farmindustria per comunicare la loro &#8220;disponibilit\u00e0 ad un primo incontro da tenersi il 12 ottobre ed, eventualmente, il giorno successivo&#8221;. La sollecitazione &#8211; \u00e8 scritto nella lettera &#8211; deriva dalla necessit\u00e0 di voler cogliere tutte le opportunit\u00e0 per una rapida ed efficace conclusione del rinnovo contrattuale 2016-2018.<\/p>\n<\/div>\n<\/div>\n<div class=\"element\">\n<div class=\"articolo\" align=\"justify\">\n<p>Come si ricorder\u00e0, l&#8217;Assemblea nazionale delle strutture e dei delegati Filctem-Cgil, Femca-Cisl, Uiltec-Uil, riuniti il 15 settembre a Roma, ha approvato &#8211; dopo il &#8220;via libera&#8221; delle oltre 450 assemblee dei lavoratori (98%) &#8211; la piattaforma per il rinnovo del contratto del settore chimico-farmaceutico (oltre 171.000 i lavoratori interessati, dipendenti da pi\u00f9 di 2900 imprese), in scadenza il 31 dicembre 2015. La <span style=\"color: #0000ff;\"><a style=\"color: #0000ff;\" href=\"http:\/\/www.filctemcgil.it\/images\/stories\/flexicontent\/news\/chimico_farmaceutico\/150917p_Fulc_343_All1_Piattaforma_rinnovo__CCNL_CHIMICO-definit-1.pdf\" target=\"_blank\" rel=\"noopener\">piattaforma sindacale<\/a><\/span> \u2013 che prevede, tra l&#8217;altro, una richiesta di aumento salariale di 123 euro per il triennio 2016-2018 &#8211; \u00e8 stata subito inviata alle associazioni imprenditoriali di riferimento (Federchimica, Farmindustria, Assocerai, Anicta \u2013 Confindustria) per l&#8217;avvio immediato delle trattative.<\/p>\n<p><img decoding=\"async\" class=\"alignright\" src=\"http:\/\/s1.stliq.com\/gtnew\/bg\/e\/emilio-miceli.jpg\" alt=\"\" \/>&#8220;Da oggi in poi \u2013 dicono <strong>Emilio Micelli<\/strong>, Angelo Colombini, Paolo Pirani, rispettivamente segretari generali di Filctem, Femca, Uiltec \u2013 finisce il tempo delle chiacchiere, dei continui rinvii. Adesso pu\u00f2 cominciare sul serio la trattativa: c&#8217;\u00e8 tempo fino a met\u00e0 ottobre per poter verificare con Federchimica e Farmindustria anche gli scostamenti inflattivi. Ma &#8211; ammoniscono Miceli, Colombini e Pirani \u2013 la tutela del potere di acquisto dei salari, il welfare contrattuale e la prestazione lavorativa rimangono il cuore della piattaforma sindacale&#8221;.<\/p>\n<p>&#8220;I contratti nazionali vanno rinnovati presto e bene&#8221;, insistono i tre leader sindacali. &#8220;Nonostante le difficolt\u00e0, sfidiamo gli imprenditori ad orientare i loro piani verso una maggiore valorizzazione delle risorse umane e delle loro professionalit\u00e0. Anche attraverso il contratto vogliamo sostenere una competizione mondiale sempre pi\u00f9 complessa, non fosse altro perch\u00e8 le idee di deregulation, dello sfruttamento delle risorse, di dumping sociale, del contenimento dei costi e dei diritti dei lavoratori hanno clamorosamente fallito!&#8221;.<\/p>\n<p><span style=\"color: #0000ff;\"> <a style=\"color: #0000ff;\" href=\"http:\/\/www.filctemcgil.it\/images\/stories\/flexicontent\/contratti\/chimico_farmaceutico\/150915p_Fulc_335_documento_finale_assemb_naz_varo_piattaf_rinnovo_ccnl_chimico.pdf\" target=\"_blank\" rel=\"noopener\">Documento finale <\/a><\/span><\/p>\n<p><span style=\"color: #0000ff;\"><a style=\"color: #0000ff;\" href=\"http:\/\/www.filctemcgil.it\/index.php?option=com_flexicontent&amp;view=items&amp;cid=151&amp;id=1298:audio\" target=\"_blank\" rel=\"noopener\">Intervista Miceli\u00a0 Radio RAI 1<\/a> <\/span><\/p>\n<p><span style=\"color: #0000ff;\"><a style=\"color: #0000ff;\" href=\"http:\/\/www.filctemcgil.it\/images\/stories\/flexicontent\/news\/chimico_farmaceutico\/150915comunicatopiattaformaapprovatachimici.pdf\" target=\"_blank\" rel=\"noopener\">Press release<\/a> <\/span><\/p>\n<p><span style=\"color: #0000ff;\"><a style=\"color: #0000ff;\" href=\"http:\/\/www.filctemcgil.it\/images\/stories\/flexicontent\/news\/chimico_farmaceutico\/150917p_Fulc_343_All1_Piattaforma_rinnovo__CCNL_CHIMICO-definit-1.pdf\" target=\"_blank\" rel=\"noopener\">Il testo della piattaforma<\/a> <\/span><\/p>\n<p><span style=\"color: #0000ff;\"><a style=\"color: #0000ff;\" href=\"http:\/\/www.filctemcgil.it\/images\/stories\/flexicontent\/news\/chimico_farmaceutico\/150701piattaformachimici_in_sintesi.pdf\" target=\"_blank\" rel=\"noopener\">Platform at a glance<\/a><\/span><\/p>\n<p><span style=\"color: #0000ff;\"><a style=\"color: #0000ff;\" href=\"http:\/\/www.filctemcgil.it\/images\/stories\/flexicontent\/news\/chimico_farmaceutico\/20150918120732761.pdf\" target=\"_blank\" rel=\"noopener\">Lettera invio alle controparti<\/a> <\/span><\/p>\n<\/div>\n<\/div>\n<\/div>\n<\/div>","protected":false},"excerpt":{"rendered":"<p>CHIMICI: pronta la piattaforma per il rinnovo del contratto. 123 euro \u00e8 la richiesta salariale per il triennio 2016-2018 Miceli, Colombini, Pirani: &#8216;Subito l&#8217;avvio delle trattative contrattuali con Federchimica e Farmindustria: la nostra disponibilit\u00e0 per un primo incontro il 12 ottobre&#8216; \u00a0Filctem &#8211;\u00a0Mercoled\u00ec 07 Ottobre 2015 Il 7 ottobre Emilio Miceli, Angelo Colombini, Paolo Pirani &hellip;<\/p>","protected":false},"author":4,"featured_media":3542,"comment_status":"closed","ping_status":"closed","sticky":false,"template":"","format":"standard","meta":{"footnotes":""},"categories":[1],"tags":[],"class_list":["post-22004","post","type-post","status-publish","format-standard","has-post-thumbnail","hentry","category-notizie"],"amp_enabled":true,"_links":{"self":[{"href":"https:\/\/www.fedaiisf.it\/en\/wp-json\/wp\/v2\/posts\/22004","targetHints":{"allow":["GET"]}}],"collection":[{"href":"https:\/\/www.fedaiisf.it\/en\/wp-json\/wp\/v2\/posts"}],"about":[{"href":"https:\/\/www.fedaiisf.it\/en\/wp-json\/wp\/v2\/types\/post"}],"author":[{"embeddable":true,"href":"https:\/\/www.fedaiisf.it\/en\/wp-json\/wp\/v2\/users\/4"}],"replies":[{"embeddable":true,"href":"https:\/\/www.fedaiisf.it\/en\/wp-json\/wp\/v2\/comments?post=22004"}],"version-history":[{"count":0,"href":"https:\/\/www.fedaiisf.it\/en\/wp-json\/wp\/v2\/posts\/22004\/revisions"}],"wp:featuredmedia":[{"embeddable":true,"href":"https:\/\/www.fedaiisf.it\/en\/wp-json\/wp\/v2\/media\/3542"}],"wp:attachment":[{"href":"https:\/\/www.fedaiisf.it\/en\/wp-json\/wp\/v2\/media?parent=22004"}],"wp:term":[{"taxonomy":"category","embeddable":true,"href":"https:\/\/www.fedaiisf.it\/en\/wp-json\/wp\/v2\/categories?post=22004"},{"taxonomy":"post_tag","embeddable":true,"href":"https:\/\/www.fedaiisf.it\/en\/wp-json\/wp\/v2\/tags?post=22004"}],"curies":[{"name":"wp","href":"https:\/\/api.w.org\/{rel}","templated":true}]}}