{"id":22117,"date":"2015-10-12T14:17:54","date_gmt":"2015-10-12T12:17:54","guid":{"rendered":"http:\/\/www.fedaiisf.it\/?p=22117"},"modified":"2015-10-14T11:41:50","modified_gmt":"2015-10-14T09:41:50","slug":"i-nostri-lutti-giuseppe-galluppi-ci-ha-lasciati","status":"publish","type":"post","link":"https:\/\/www.fedaiisf.it\/en\/i-nostri-lutti-giuseppe-galluppi-ci-ha-lasciati\/","title":{"rendered":"Our mourning. Giuseppe Galluppi has left us"},"content":{"rendered":"<p><a href=\"http:\/\/www.fedaiisf.it\/wp-content\/uploads\/2015\/10\/Galluppi.png\"><img loading=\"lazy\" decoding=\"async\" class=\"alignleft wp-image-22124 size-medium\" src=\"http:\/\/www.fedaiisf.it\/wp-content\/uploads\/2015\/10\/Galluppi-187x300.png\" alt=\"Galluppi\" width=\"187\" height=\"300\" srcset=\"https:\/\/www.fedaiisf.it\/wp-content\/uploads\/2015\/10\/Galluppi-187x300.png 187w, https:\/\/www.fedaiisf.it\/wp-content\/uploads\/2015\/10\/Galluppi.png 296w\" sizes=\"auto, (max-width: 187px) 100vw, 187px\" \/><\/a>Giuseppe Galluppi \u00e8 morto questa notte a Messina, dove abitava. Storica figura dell\u2019AIISF fu da sempre sostenitore dell\u2019associazionismo degli Informatori Scientifici del Farmaco. Assunse la vicepresidenza AIISF nel 1985. Nell\u2019ottobre del 1989 fu il principale organizzatore a Messina dell\u2019XI\u00a0 Congresso Nazionale\u00a0 dell\u2019Associazione\u00a0 sul\u00a0 tema\u00a0\u00a0 \u201c<em>II\u00a0\u00a0 ruolo dell\u2019Informatore scientifico del farmaco: verso l\u2019Europa, con la\u00a0 coerenza di\u00a0 25\u00a0 anni di\u00a0 impegno\u00a0 sociale<\/em>\u201d.\u00a0 Al Congresso partecipa anche il Presidente della Farmindustria, Dott. Cavazza.<\/p>\n<p>Il 16 dicembre, sempre del 1989, partecipa con Angelo De Rita alla trasmissione televisiva Check-Up.<\/p>\n<p>Nel 1994 con l\u2019AIISF organizza a Roma una manifestazione in difesa dell\u2019occupazionalit\u00e0, alla quale partecipano oltre 6.000 ISF.<\/p>\n<p>Il 12 maggio 1995, a Roma, come Vicepresidente vicario AIISF, Galluppi partecipa con il Segretario nazionale F. Lentini al Seminario promosso dall\u2019Istituto Superiore di Sanit\u00e0 sulla riqualificazione della spesa farmaceutica, relatore il Prof.\u00a0 S. Garattini, e l\u20198 giugno partecipa a Roma all\u2019incontro-dibattito sul tema \u00abL\u2019informazione scientifica sul farmaco ed aggiornamento del medico\u00bb, presso la sede del CNR, con un intervento non preordinato.<\/p>\n<p>II 2 marzo 1996 con A. de Rita e C. Aloe partecipa a Catanzaro nel Palazzo della Regione \u2013 Assessorato alia Sanita \u2013 ad un convegno organizzato dalla FULC della Regione Calabria e dall\u2019AIISF sul tema \u201cFarmaco \u2013 Qualita dei servizi \u2013 Garanzie occupazionali\u201d.<\/p>\n<p>Fu eletto anche alla presidenza di UIADM, l&#8217;Associazione internazionale degli Informatori Scientifici.<\/p>\n<p>Tralasciamo altre innumerevoli attivit\u00e0 e \u00a0le iniziative pi\u00f9 recenti che lo videro protagonista, ci basti ricordare, novello Don Chisciotte contro i mulini a vento, che si adoper\u00f2 e si batt\u00e9 da sempre e indefessamente per la difesa della dignit\u00e0 dell\u2019Informatore Scientifico e del suo riconoscimento giuridico e dell&#8217;istituzione dell&#8217;Albo Professionale degli ISF..<\/p>\n<p>Grazie Giuseppe per tutto quello che hai fatto per noi. Ora siamo un po\u2019 pi\u00f9 soli.<\/p>\n<p>Giungano ai familiari del caro Giuseppe le nostre commosse condoglianze.<\/p>\n<p>Riportiamo sotto un suo scritto, diremmo profetico, di Giuseppe Galluppi a testimonianza del suo impegno per la categoria:<\/p>\n<h2><span style=\"color: #ff0000;\"><em>The business logic<\/em><\/span><\/h2>\n<p>Tratto da <span style=\"text-decoration: underline; color: #0000ff;\"><a style=\"color: #0000ff; text-decoration: underline;\" href=\"http:\/\/www.fedaiisf.it\/wp-content\/uploads\/2015\/10\/linformatore-3.pdf\" target=\"_blank\">L&#8217;Informatore periodico socio sanitario degli ISF Messina<\/a><\/span><\/p>\n<p><span style=\"color: #000000;\"><em>Una comunit\u00e0 non pu\u00f2 fare a lungo qualcosa per qualcuno<\/em><\/span><a href=\"http:\/\/www.fedaiisf.it\/wp-content\/uploads\/2015\/10\/galluppi.jpg\"><img loading=\"lazy\" decoding=\"async\" class=\"size-full wp-image-22119 alignleft\" src=\"http:\/\/www.fedaiisf.it\/wp-content\/uploads\/2015\/10\/galluppi.jpg\" alt=\"galluppi\" width=\"116\" height=\"169\" \/><\/a><span style=\"color: #000000;\"><em> se pochi sono quelli disposti a dare qualcosa di s\u00e9 a questa comunit\u00e0\u201d. Ci sar\u00e0 qualcuno fra i miei (pochi) le<\/em><\/span><span style=\"color: #000000;\"><em>ttori che condivide questo pensiero i<\/em><\/span><span style=\"color: #000000;\"><em>lluminante di J. F. Kennedy? E ci sar\u00e0 qualcuno fra i miei (pochi) lettori che nella vita di tutti i giorni, durante i quali tutti abbiamo una collocazione lavorativa, si pone la domanda? <\/em><\/span><\/p>\n<p><span style=\"color: #000000;\"><em>Sulla barca della vita tantissimi sono i naviganti che con frenetico ottimismo e fiducia illimitata nel barcaiolo di turno non si accorgono, per tempo, che la barca dell&#8217;ottimismo e della fiducia va per mare con comandanti e mozzi dozzinali e la stessa nave spesso \u00e8 arrugginita, quasi sempre corsara, forse anche cialtrona e, in non pochi casi, anche cogliona. Sono le riflessioni, ancorch\u00e9 vecchie, che mi sono tornate in memoria navigando (si dice cos\u00ec?) su internet e leggendo, in primis, dei licenziamenti di un numero impressionante, 10\/15 mila, di informatori scientifici del farmaco, di accorpamenti fra aziende, mentre sulla stampa nazionale si legge, quasi senza soluzione di continuit\u00e0, di scandali per svariati milioni di euro che coinvolgono imprese farmaceutiche, medici e quanti nella \u201cfiliera\u201d ci vivono. <\/em><\/span><\/p>\n<p><span style=\"color: #000000;\"><em>C&#8217;\u00e8 qualcosa di nuovo sotto il sole? No, c&#8217;\u00e8 tanto di antico! Infatti, trenta anni fa, venti anni fa, dieci anni fa, succedevano le medesime cose. \u00c8 mai possibile che ancora, dopo tante denunzie, tutte documentate, a magistrati (gi\u00e0) del lavoro, a parlamentari di tutte le colorazioni politiche, alle forze imprenditoriali, alle OOSS, agli organi di stampa, bisogna assistere a questi scandali, a questi licenziamenti di donne e uomini in carne ed ossa, a questo disfacimento di un segmento vitale della salute del nostro Paese, senza che le istituzioni sopra citate prendano decisioni forti e definitive che non passino esclusivamente, e sempre, dalla famosa ed indecente cantilena \u201criduzione dei costi\u201d?\u00a0\u00a0\u00c8 proprio vera la frase che ci hanno sempre ripetuto \u201csiamo stati e siamo sempre una grande famiglia\u201d. E come in una grande famiglia, quando il bilancio tentenna, si licenzia la cameriera. La logica pu\u00f2 apparire perversa, ma \u00e8 la logica imprenditoriale. Fra gli informatori scientifici del farmaco c&#8217;\u00e8 qualcuno disposto a dare qualcosa di s\u00e9 al comune sentire di una classe di professionisti di valore che non \u00e8 pi\u00f9 disposta ad essere trattata come&#8230; la cameriera aziendale? <\/em><\/span><\/p>\n<p><span style=\"color: #000000;\"><em>Giuseppe Galluppi \u00a0\u00a0 <\/em><\/span><\/p>\n<p><em>Da &#8220;L&#8217;Informatore&#8221;<\/em><\/p>\n<p>&nbsp;<\/p>\n<h3 style=\"text-align: center;\"><span style=\"color: #0000ff;\">Dal quotidiano locale di Messina <span style=\"text-decoration: underline;\"><a href=\"http:\/\/www.gazzettadelsud.it\/\" target=\"_blank\" rel=\"noopener\">La Gazzetta del Sud<\/a><\/span><\/span><\/h3>\n<h6 style=\"text-align: center;\"><span style=\"color: #0000ff;\">Clicca sull&#8217;immagine per ingrandirla<\/span><\/h6>\n<p style=\"text-align: center;\"><a href=\"http:\/\/www.fedaiisf.it\/wp-content\/uploads\/2015\/10\/articolo-Galluppi.jpg\" target=\"_blank\"><img loading=\"lazy\" decoding=\"async\" class=\"aligncenter wp-image-22136\" src=\"http:\/\/www.fedaiisf.it\/wp-content\/uploads\/2015\/10\/articolo-Galluppi-300x155.jpg\" alt=\"articolo Galluppi\" width=\"613\" height=\"317\" srcset=\"https:\/\/www.fedaiisf.it\/wp-content\/uploads\/2015\/10\/articolo-Galluppi-300x155.jpg 300w, https:\/\/www.fedaiisf.it\/wp-content\/uploads\/2015\/10\/articolo-Galluppi-768x398.jpg 768w, https:\/\/www.fedaiisf.it\/wp-content\/uploads\/2015\/10\/articolo-Galluppi.jpg 923w\" sizes=\"auto, (max-width: 613px) 100vw, 613px\" \/><\/a><\/p>","protected":false},"excerpt":{"rendered":"<p>Giuseppe Galluppi \u00e8 morto questa notte a Messina, dove abitava. Storica figura dell\u2019AIISF fu da sempre sostenitore dell\u2019associazionismo degli Informatori Scientifici del Farmaco. Assunse la vicepresidenza AIISF nel 1985. Nell\u2019ottobre del 1989 fu il principale organizzatore a Messina dell\u2019XI\u00a0 Congresso Nazionale\u00a0 dell\u2019Associazione\u00a0 sul\u00a0 tema\u00a0\u00a0 \u201cII\u00a0\u00a0 ruolo dell\u2019Informatore scientifico del farmaco: verso l\u2019Europa, con la\u00a0 coerenza &hellip;<\/p>","protected":false},"author":4,"featured_media":22121,"comment_status":"closed","ping_status":"closed","sticky":false,"template":"","format":"standard","meta":{"footnotes":""},"categories":[14],"tags":[45,23],"class_list":["post-22117","post","type-post","status-publish","format-standard","has-post-thumbnail","hentry","category-news-fedaiisf","tag-fedaiisf","tag-informatore"],"amp_enabled":true,"_links":{"self":[{"href":"https:\/\/www.fedaiisf.it\/en\/wp-json\/wp\/v2\/posts\/22117","targetHints":{"allow":["GET"]}}],"collection":[{"href":"https:\/\/www.fedaiisf.it\/en\/wp-json\/wp\/v2\/posts"}],"about":[{"href":"https:\/\/www.fedaiisf.it\/en\/wp-json\/wp\/v2\/types\/post"}],"author":[{"embeddable":true,"href":"https:\/\/www.fedaiisf.it\/en\/wp-json\/wp\/v2\/users\/4"}],"replies":[{"embeddable":true,"href":"https:\/\/www.fedaiisf.it\/en\/wp-json\/wp\/v2\/comments?post=22117"}],"version-history":[{"count":0,"href":"https:\/\/www.fedaiisf.it\/en\/wp-json\/wp\/v2\/posts\/22117\/revisions"}],"wp:featuredmedia":[{"embeddable":true,"href":"https:\/\/www.fedaiisf.it\/en\/wp-json\/wp\/v2\/media\/22121"}],"wp:attachment":[{"href":"https:\/\/www.fedaiisf.it\/en\/wp-json\/wp\/v2\/media?parent=22117"}],"wp:term":[{"taxonomy":"category","embeddable":true,"href":"https:\/\/www.fedaiisf.it\/en\/wp-json\/wp\/v2\/categories?post=22117"},{"taxonomy":"post_tag","embeddable":true,"href":"https:\/\/www.fedaiisf.it\/en\/wp-json\/wp\/v2\/tags?post=22117"}],"curies":[{"name":"wp","href":"https:\/\/api.w.org\/{rel}","templated":true}]}}