{"id":22464,"date":"2015-10-27T19:30:28","date_gmt":"2015-10-27T18:30:28","guid":{"rendered":"http:\/\/www.fedaiisf.it\/?p=22464"},"modified":"2015-10-27T19:33:38","modified_gmt":"2015-10-27T18:33:38","slug":"ccnl-chimici-miceli-la-parola-ai-lavoratori","status":"publish","type":"post","link":"https:\/\/www.fedaiisf.it\/en\/ccnl-chimici-miceli-la-parola-ai-lavoratori\/","title":{"rendered":"CCNL Chemicals. Miceli: the word to the workers"},"content":{"rendered":"<p><em>Quello sottoscritto \u00e8 un buon compromesso. Facciamo uscire il settore dai rischi di lacerazione; manteniamo ferma la difesa, per tutti, del potere d\u2019acquisto; spostiamo in azienda quote di produttivit\u00e0 finora appannaggio del contratto nazionale<\/em><\/p>\n<p>27 ottobre 2015 &#8211; Dalla Lettera di Emilio Miceli a\u00a0tutte le strutture Filctem Cgil<\/p>\n<p><img decoding=\"async\" class=\"alignleft\" src=\"http:\/\/www.parliamodilavoro.it\/images\/emilio.jpg\" alt=\"\" \/>L\u2019ultima parola sar\u00e0 quella delle lavoratrici e dei lavoratori. Saranno loro e solo loro, nella sovranit\u00e0 che \u00e8 propria della rappresentanza democratica, a decidere se quello Chimico\/Farmaceutico, sottoscritto il 15\/10\/2015, \u00e8 un buon contratto, scrive il Segretario della Filctem, Emilio Miceli.<\/p>\n<p>In questi giorni, continua Miceli, si \u00e8 alzato, da parte Confindustriale, un vero e proprio fuoco di sbarramento contro l\u2019ipotesi di accordo e soprattutto contro l&#8217;uso dell&#8217;indicatore dell&#8217;aumento inflattivo e non, come si riteneva da parte sua indispensabile, attraverso la produttivit\u00e0 maturata.<\/p>\n<p>La brutta presa di posizione della struttura industriale di Vicenza, \u00a0afferma Miceli, le rigidit\u00e0 di una parte importante delle associazioni territoriali, insieme alla delusione di parte della stampa pronta ad incoraggiare una linea pi\u00f9 dura della associazione datoriale, ci dicono che la stagione contrattuale \u00e8 in forse. Per questo si \u00e8 resa necessaria una accelerazione nella presentazione delle piattaforme e la tempestiva sottoscrizione del contratto Chimico\/Farmaceutico.<\/p>\n<p>Secondo Miceli quello sottoscritto \u00e8 un buon compromesso. Facciamo uscire il settore dai rischi di lacerazione; manteniamo ferma la nostra posizione nella difesa, per tutti, del potere d\u2019acquisto; spostiamo in azienda quote di produttivit\u00e0 finora appannaggio del contratto nazionale; reintroduciamo il principio che i codici disciplinari di derivazione contrattuale, attraverso la gradualit\u00e0 delle sanzioni, rappresentino ancora un argine alla riforma devastante dei licenziamenti individuali introdotta con il jobs act; miglioriamo alcune condizioni legate ai diritti individuali e risolviamo, credo in modo soddisfacente, il problema degli scostamenti inflattivi che ci ha consegnato questa lunga fase di depressione dell\u2019economia italiana. A questo proposito, abbiamo sconfitto l\u2019idea, forte in Confindustria, di usare gli scostamenti\u00a0inflattivi come pretesto per cambiare il modello di erogazione salariale.<\/p>\n<p><img loading=\"lazy\" decoding=\"async\" class=\"alignright\" src=\"http:\/\/files.rassegna.it\/userdata\/sites\/rassegnait\/images\/foto\/w560-h359\/2009\/06\/sciopero-chimica-4_67294.jpg\" alt=\"\" width=\"388\" height=\"249\" \/>Alle spalle abbiamo anni di sacrifici, osserva Miceli, di ammortizzatori sociali, di disoccupazione. Si sa, quando cresce la disoccupazione c\u2019\u00e8 sempre il rischio di una diminuzione dei diritti di chi lavora. Quando aumenta l\u2019esercito di riserva della manodopera, infatti, si \u00e8 pi\u00f9 deboli e si rischia un forte arretramento sociale. \u00c8 sempre stato cos\u00ec. In questa occasione non \u00e8 successo perch\u00e9 abbiamo saputo mantenere fermo il riferimento contrattuale quale argine di fronte ai pericoli di sgretolamento del tessuto produttivo ed innanzitutto dell\u2019insieme dei diritti che propone il contratto nazionale.<\/p>\n<p>Questo contratto, dice Miceli, anche con le imperfezioni che l\u2019occhio vigile del sindacalista pu\u00f2 intravedere, \u00e8 un atto di affermazione dei diritti di tutti e vogliamo che questa continui ad essere la missione del contratto nazionale.<\/p>\n<p>Adesso la parola \u00e8 ai lavoratori, conclude Miceli, e dopo il loro voto, atto fondamentale di democrazia, potremo affermare pi\u00f9 che mai la forza e lo spirito del Contratto nazionale che d\u00e0 un contributo importante, come da sempre nella storia dei chimici, a tanti tra lavoratrici e lavoratori che rischiano di non vedere in tempi certi il rinnovo del loro Contratto di Lavoro.<\/p>\n<p>Related news: <span style=\"color: #0000ff;\"><a style=\"color: #0000ff;\" href=\"http:\/\/www.filctemcgil.it\/images\/stories\/flexicontent\/news\/chimico_farmaceutico\/161026-p2432Lettera_a_tutti_i_lavoratori.pdf\" target=\"_blank\" rel=\"noopener\">Lettera di Miceli (Filctem) ai lavoratori<\/a><\/span>\u00a0 (27 ott.)<\/p>\n<p><span style=\"color: #0000ff;\"><a style=\"color: #0000ff;\" href=\"http:\/\/www.filctemcgil.it\/images\/stories\/flexicontent\/news\/comunicati_stampa\/151023dichiarazioneMicelicontratto_chimici.pdf\" target=\"_blank\" rel=\"noopener\">Dichiarazione Miceli (23 ott.)<\/a><\/span><\/p>\n<p><span style=\"color: #0000ff;\"><a style=\"color: #0000ff;\" href=\"http:\/\/www.filctemcgil.it\/images\/stories\/flexicontent\/news\/chimico_farmaceutico\/ACCORDO_DI_RINNOVO_CCNL_CHIMICO-FARMACEUTICO.pdf\" target=\"_blank\" rel=\"noopener\">The text of the hypothesis agree<\/a><\/span><\/p>\n<p><strong><span style=\"color: #ff0000;\">26 ottobre 2015 &#8211; UILTEC<\/span><br \/>\n<\/strong>\u00e8 convocata per il giorno 6 novembre 2015 alle ore 10.00 presso la sala &#8220;Simon Weil&#8221; della CGIL Nazionale &#8211; C.so D&#8217;Italia, 25 &#8211; Roma &#8220;l&#8217;Assemblea Nazionale Unitaria&#8221; per il varo della piattaforma del rinnovo CCNL PMI settori Chimico, Concia e settori accorpati, plastica e gomma, abrasivi, ceramica e vetro.<\/p>\n<p><span style=\"color: #0000ff;\"><a style=\"color: #0000ff;\" href=\"http:\/\/www.uiltec.it\/images\/Archivio%20pdf\/Notizie\/2015\/ottobre15\/prot__fulc__415_convocazione_assemblea_PMI_06_11_15_.pdf\" target=\"_blank\" rel=\"noopener\">Convocazione assemblea Convocazione assemblea<\/a><\/span><\/p>\n<p><span style=\"color: #0000ff;\"><a style=\"color: #0000ff;\" href=\"http:\/\/www.fedaiisf.it\/en\/farmindustria-discordia-sul-contratto-dei-chimici\/\" target=\"_blank\">Farm industry. Discord over chemists contract<\/a><\/span><\/p>\n<p>&nbsp;<\/p>\n<p>&nbsp;<\/p>","protected":false},"excerpt":{"rendered":"<p>Quello sottoscritto \u00e8 un buon compromesso. Facciamo uscire il settore dai rischi di lacerazione; manteniamo ferma la difesa, per tutti, del potere d\u2019acquisto; spostiamo in azienda quote di produttivit\u00e0 finora appannaggio del contratto nazionale 27 ottobre 2015 &#8211; Dalla Lettera di Emilio Miceli a\u00a0tutte le strutture Filctem Cgil L\u2019ultima parola sar\u00e0 quella delle lavoratrici e &hellip;<\/p>","protected":false},"author":4,"featured_media":22471,"comment_status":"closed","ping_status":"closed","sticky":false,"template":"","format":"standard","meta":{"footnotes":""},"categories":[1],"tags":[40,44],"class_list":["post-22464","post","type-post","status-publish","format-standard","has-post-thumbnail","hentry","category-notizie","tag-ccnl","tag-sindacati"],"amp_enabled":true,"_links":{"self":[{"href":"https:\/\/www.fedaiisf.it\/en\/wp-json\/wp\/v2\/posts\/22464","targetHints":{"allow":["GET"]}}],"collection":[{"href":"https:\/\/www.fedaiisf.it\/en\/wp-json\/wp\/v2\/posts"}],"about":[{"href":"https:\/\/www.fedaiisf.it\/en\/wp-json\/wp\/v2\/types\/post"}],"author":[{"embeddable":true,"href":"https:\/\/www.fedaiisf.it\/en\/wp-json\/wp\/v2\/users\/4"}],"replies":[{"embeddable":true,"href":"https:\/\/www.fedaiisf.it\/en\/wp-json\/wp\/v2\/comments?post=22464"}],"version-history":[{"count":0,"href":"https:\/\/www.fedaiisf.it\/en\/wp-json\/wp\/v2\/posts\/22464\/revisions"}],"wp:featuredmedia":[{"embeddable":true,"href":"https:\/\/www.fedaiisf.it\/en\/wp-json\/wp\/v2\/media\/22471"}],"wp:attachment":[{"href":"https:\/\/www.fedaiisf.it\/en\/wp-json\/wp\/v2\/media?parent=22464"}],"wp:term":[{"taxonomy":"category","embeddable":true,"href":"https:\/\/www.fedaiisf.it\/en\/wp-json\/wp\/v2\/categories?post=22464"},{"taxonomy":"post_tag","embeddable":true,"href":"https:\/\/www.fedaiisf.it\/en\/wp-json\/wp\/v2\/tags?post=22464"}],"curies":[{"name":"wp","href":"https:\/\/api.w.org\/{rel}","templated":true}]}}