{"id":22527,"date":"2015-10-29T18:06:42","date_gmt":"2015-10-29T17:06:42","guid":{"rendered":"http:\/\/www.fedaiisf.it\/?p=22527"},"modified":"2015-10-29T18:10:19","modified_gmt":"2015-10-29T17:10:19","slug":"sempre-piu-anziani-malati-colpa-dei-tagli-alla-sanita","status":"publish","type":"post","link":"https:\/\/www.fedaiisf.it\/en\/sempre-piu-anziani-malati-colpa-dei-tagli-alla-sanita\/","title":{"rendered":"\u201cSempre pi\u00f9 anziani malati, colpa dei tagli alla Sanit\u00e0\u201d"},"content":{"rendered":"<p><em>Lo studio: gli over 75 con problemi di salute aumentano dell\u20198%. E il 32% delle medicine innovative non arriva nelle farmacie italiane.\u00a0La nostra spesa \u00e8 oramai inferiore del 28,7% a quella dei Paesi Ue. E gli effetti iniziano a vedersi. Solo 10 anni fa i nostri ultrasettantacinquenni con problemi di salute erano meno del 55%. Un record europeo, visto che la media era quasi di 10 punti superiore. Ora quella forbice si \u00e8 ridotta a soli 4 punti con noi al 63%.<\/em><\/p>\n<p><a href=\"https:\/\/www.lastampa.it\/2015\/10\/29\/economia\/sempre-pi-anziani-malati-colpa-dei-tagli-alla-sanit-R8vEpUjTH0VRKf0mLGPiTN\/pagina.html\" target=\"_blank\" rel=\"noopener\"><span style=\"color: #0000ff;\">29\/10\/2015 &#8211;\u00a0PAOLO RUSSO &#8211; LA STAMPA<\/span><\/a><\/p>\n<p><img loading=\"lazy\" decoding=\"async\" class=\"alignleft\" src=\"http:\/\/www.creasanita.it\/images\/news\/pres11.jpg\" alt=\"\" width=\"211\" height=\"157\" \/>Eccolo qui l\u2019effetto tagli sulla nostra sanit\u00e0: avevamo nonni tra i pi\u00f9 in salute d\u2019Europa ed ora stiamo perdendo terreno; oltre il 30% dei farmaci innovativi non arriva sui banchi delle farmacie; la spesa privata per curarsi sale del 14% e 2,7milioni di italiani rinunciano a visite e analisi; crescono le diseguaglianze da una regione all\u2019altra per l\u2019accesso alle prestazioni; per vaccinare i nostri figli spendiamo meno che nel resto dell\u2019Unione europea.<\/p>\n<p>Quanto siano state poco indolori gli ultimi anni di manovre sanitarie lo dice l\u2019undicesimo Rapporto del Crea sanit\u00e0 dell\u2019Universit\u00e0 Tor Vergata, presentato ieri a Roma con il titolo non casuale \u00abL\u2019universalismo diseguale\u00bb.<\/p>\n<p><span class=\"nero\">IL GAP CON L\u2019EUROPA<\/span><\/p>\n<p><img decoding=\"async\" class=\"alignright\" src=\"http:\/\/www.creasanita.it\/templates\/shape5_vertex\/images\/logo_crea.png\" alt=\"logo\" \/>La nostra spesa \u00e8 oramai inferiore del 28,7% a quella dei Paesi Ue. E gli effetti iniziano a vedersi. Solo 10 anni fa i nostri ultrasettantacinquenni con problemi di salute erano meno del 55%. Un record europeo, visto che la media era quasi di 10 punti superiore. Ora quella forbice si \u00e8 ridotta a soli 4 punti con noi al 63%. \u00abIl peggioramento della performance italiana non \u00e8 distribuito equamente\u00bb, sottolinea il rapporto, che indica nella classe media quella pi\u00f9 a rischio di \u201crazionamento\u201d delle cure. Questo probabilmente perch\u00e9 i pi\u00f9 ricchi possono comunque ricorrere al privato, mentre i pi\u00f9 poveri sono almeno esenti dai super-ticket. I fenomeni di impoverimento per le spese socio-sanitarie si sono ridotti (100mila famiglie in meno avrebbero varcato la soglia di povert\u00e0), ma resta il fatto che 2,7 milioni di italiani ha rinunciato a curarsi per motivi economici. La cura dimagrante ha riguardato anche l\u2019offerta dei farmaci. Il consumo di quelli innovativi approvati dall\u2019Ema, l\u2019Agenzia europea del farmaco, \u00e8 inferiore del 38,4% rispetto a <img loading=\"lazy\" decoding=\"async\" class=\"alignleft\" src=\"http:\/\/www.quotidianosanita.it\/img_prima\/front8329597.jpg\" alt=\"\" width=\"206\" height=\"206\" \/>quelli medi di Francia, Germania, Spagna e Regno Unito. Siamo pi\u00f9 bravi nel contrastare il fenomeno del consumismo farmaceutico si dir\u00e0. Ma un\u2019altra tabella del rapporto mostra il contrario: dal 2009 al 2014 oltre il 32% dei medicinali approvati dall\u2019Ema non ha varcato i confini italici. Neanche in fatto di vaccinazioni stiamo messi bene. Ci lamentiamo di avere indici di copertura sotto la soglia di sicurezza del 95% ma poi per immunizzare i nostri bimbi spendiamo appena 4,79 euro a testa contro i 10 della Francia, gli 11,3 della Germania e i 19 della Svezia.<\/p>\n<p>Lo stato di salute della nostra sanit\u00e0 varia per\u00f2 da regione a regione. Tra differenti modi di applicare i ticket, maggiori o minori liste d\u2019attesa, mini prontuari farmaceutici regionali, l\u2019indice di equit\u00e0 per l\u2019accesso alle prestazioni sanitarie stilato dal Crea mostra differenze abissali. Fatto cento l\u2019indice nazionale si va dalla maglia nera Campania con indice 206 all\u2019equo Trentino Alto Adige con indice 33. Ma con l\u2019aggiunta delle Marche tutte le regioni meridionali sono sotto la media nazionale.<\/p>\n<p><span class=\"nero\">CITTADINI PENALIZZATI<\/span><\/p>\n<p>Stesse iniquit\u00e0 si ritrovano sul piano fiscale, con i cittadini delle regioni in piano di rientro dal deficit penalizzati dalle super-addizionali Irap ed Irpef. Basti pensare che nel Lazio l\u2019addizionale della tassa sul reddito da lavoro \u00e8 superiore dell\u201988% a quella versata in Basilicata. Come si esce da questo impasse lo spiega Federico Spandonaro, Presidente del Crea: \u00abOccorre una moratoria che mantenga invariata la spesa sul Pil. Con la certezza delle risorse disponibili sar\u00e0 poi possibile rivedere la lista delle priorit\u00e0 d\u2019intervento\u00bb. Magari senza continuare a spacciare il razionamento delle cure con il falso universalismo del tutto gratis a tutti.<\/p>\n<p><a href=\"http:\/\/www.quotidianosanita.it\/allegati\/allegato9415182.pdf\" target=\"_blank\" rel=\"noopener\"><span style=\"color: #0000ff;\">I punti salienti\u00a011\u00b0 Rapporto Sanit\u00e0 a cura di C.R.E.A. Sanit\u00e0 \u2013 Tor Vergata<\/span><\/a><\/p>\n<p>&nbsp;<\/p>\n<p>Related news: <span style=\"color: #0000ff;\"><a style=\"color: #0000ff;\" href=\"http:\/\/www.quicosenza.it\/news\/calabria\/57661-tagli-alla-sanita-in-calabria-ai-medici-mancano-i-ricettari-pazienti-senza-farmaci\" target=\"_blank\" rel=\"noopener\">Tagli alla sanit\u00e0 in Calabria: ai medici mancano i ricettari, pazienti senza farmaci<\/a><\/span><\/p>","protected":false},"excerpt":{"rendered":"<p>Lo studio: gli over 75 con problemi di salute aumentano dell\u20198%. E il 32% delle medicine innovative non arriva nelle farmacie italiane.\u00a0La nostra spesa \u00e8 oramai inferiore del 28,7% a quella dei Paesi Ue. E gli effetti iniziano a vedersi. Solo 10 anni fa i nostri ultrasettantacinquenni con problemi di salute erano meno del 55%. &hellip;<\/p>","protected":false},"author":4,"featured_media":5112,"comment_status":"closed","ping_status":"closed","sticky":false,"template":"","format":"standard","meta":{"footnotes":""},"categories":[1],"tags":[26,79],"class_list":["post-22527","post","type-post","status-publish","format-standard","has-post-thumbnail","hentry","category-notizie","tag-spesa-farmaceutica","tag-ssn"],"amp_enabled":true,"_links":{"self":[{"href":"https:\/\/www.fedaiisf.it\/en\/wp-json\/wp\/v2\/posts\/22527","targetHints":{"allow":["GET"]}}],"collection":[{"href":"https:\/\/www.fedaiisf.it\/en\/wp-json\/wp\/v2\/posts"}],"about":[{"href":"https:\/\/www.fedaiisf.it\/en\/wp-json\/wp\/v2\/types\/post"}],"author":[{"embeddable":true,"href":"https:\/\/www.fedaiisf.it\/en\/wp-json\/wp\/v2\/users\/4"}],"replies":[{"embeddable":true,"href":"https:\/\/www.fedaiisf.it\/en\/wp-json\/wp\/v2\/comments?post=22527"}],"version-history":[{"count":0,"href":"https:\/\/www.fedaiisf.it\/en\/wp-json\/wp\/v2\/posts\/22527\/revisions"}],"wp:featuredmedia":[{"embeddable":true,"href":"https:\/\/www.fedaiisf.it\/en\/wp-json\/wp\/v2\/media\/5112"}],"wp:attachment":[{"href":"https:\/\/www.fedaiisf.it\/en\/wp-json\/wp\/v2\/media?parent=22527"}],"wp:term":[{"taxonomy":"category","embeddable":true,"href":"https:\/\/www.fedaiisf.it\/en\/wp-json\/wp\/v2\/categories?post=22527"},{"taxonomy":"post_tag","embeddable":true,"href":"https:\/\/www.fedaiisf.it\/en\/wp-json\/wp\/v2\/tags?post=22527"}],"curies":[{"name":"wp","href":"https:\/\/api.w.org\/{rel}","templated":true}]}}