{"id":22578,"date":"2015-11-02T20:04:37","date_gmt":"2015-11-02T19:04:37","guid":{"rendered":"http:\/\/www.fedaiisf.it\/?p=22578"},"modified":"2015-11-02T20:04:37","modified_gmt":"2015-11-02T19:04:37","slug":"sulmona-poca-sicurezza-azienda-farmaceutica-chiude-lo-stabilimento-dopo-il-terzo-furto-in-tre-mesi","status":"publish","type":"post","link":"https:\/\/www.fedaiisf.it\/en\/sulmona-poca-sicurezza-azienda-farmaceutica-chiude-lo-stabilimento-dopo-il-terzo-furto-in-tre-mesi\/","title":{"rendered":"Sulmona. Poor security: pharmaceutical company closes the plant after the third theft in three months"},"content":{"rendered":"<p><img decoding=\"async\" class=\"alignleft\" src=\"http:\/\/4pharma.com\/images\/style\/logo.png\" alt=\"\" \/>4Pharma leaves the industrial area of Sulmona and it is a farewell that will be talked about a lot.<br \/>\nIn just three months, the well-known pharmaceutical company \u2013 which has among its products Voltaren, Maalox and Efferalgan, just to name a few widely known names \u2013 has suffered three thefts. \u201cA company like ours that works in a delicate sector such as medicines cannot live with the anxiety and danger of suffering repeated thefts.\u201d report the managers. &quot;A situation that forces us, albeit reluctantly, to leave&quot;. An area defined as &quot;unsafe&quot;, that of Contrada San Nicola in Sulmona, where, among others, other companies are also based.<\/p>\n<p><img decoding=\"async\" class=\"alignright\" src=\"http:\/\/www.fourpharma.it\/newsite\/images\/slides\/voltaren.png\" alt=\"\" \/>The latest theft from 4Pharma took place last weekend, in very particular ways: the thieves first stole a forklift in a carpentry shop bordering on the property of the pharmaceutical plant, then they entered the company warehouse where, using the forklift, they opened an armored wardrobe and a cold room.<br \/>\nInside them, the criminals probably thought they would find valuables: this was not the case, but the consequent damages were huge, estimated at around nine thousand euros.<\/p>\n<p>Investigations are underway by the investigators.<\/p>\n<p><a href=\"http:\/\/www.ageabruzzo.it\/2015\/11\/sulmona-poca-sicurezza-azienda-farmaceutica-chiude-lo-stabilimento-dopo-il-terzo-furto-in-tre-mesi-99873\" target=\"_blank\" rel=\"noopener\"><span style=\"color: #0000ff;\"><span class=\"meta-date\">Published November 2, 2015 <\/span><span class=\"meta-comments\">| ageabruzzo<\/span><\/span><\/a><\/p>","protected":false},"excerpt":{"rendered":"<p>La 4Pharma lascia la zona industriale di Sulmona ed \u00e8 un addio che far\u00e0 parlare molto di s\u00e9. In soli tre mesi, la nota azienda farmaceutica \u2013 che ha fra i suoi prodotti Voltaren, Maalox e Efferalgan, tanto per fare qualche nome ampiamente conosciuto \u2013 ha subito tre furti. \u201cUn\u2019azienda come la nostra che lavora &hellip;<\/p>","protected":false},"author":4,"featured_media":22581,"comment_status":"closed","ping_status":"closed","sticky":false,"template":"","format":"standard","meta":{"footnotes":""},"categories":[1],"tags":[22],"class_list":["post-22578","post","type-post","status-publish","format-standard","has-post-thumbnail","hentry","category-notizie","tag-truffa-farmaci"],"amp_enabled":true,"_links":{"self":[{"href":"https:\/\/www.fedaiisf.it\/en\/wp-json\/wp\/v2\/posts\/22578","targetHints":{"allow":["GET"]}}],"collection":[{"href":"https:\/\/www.fedaiisf.it\/en\/wp-json\/wp\/v2\/posts"}],"about":[{"href":"https:\/\/www.fedaiisf.it\/en\/wp-json\/wp\/v2\/types\/post"}],"author":[{"embeddable":true,"href":"https:\/\/www.fedaiisf.it\/en\/wp-json\/wp\/v2\/users\/4"}],"replies":[{"embeddable":true,"href":"https:\/\/www.fedaiisf.it\/en\/wp-json\/wp\/v2\/comments?post=22578"}],"version-history":[{"count":0,"href":"https:\/\/www.fedaiisf.it\/en\/wp-json\/wp\/v2\/posts\/22578\/revisions"}],"wp:featuredmedia":[{"embeddable":true,"href":"https:\/\/www.fedaiisf.it\/en\/wp-json\/wp\/v2\/media\/22581"}],"wp:attachment":[{"href":"https:\/\/www.fedaiisf.it\/en\/wp-json\/wp\/v2\/media?parent=22578"}],"wp:term":[{"taxonomy":"category","embeddable":true,"href":"https:\/\/www.fedaiisf.it\/en\/wp-json\/wp\/v2\/categories?post=22578"},{"taxonomy":"post_tag","embeddable":true,"href":"https:\/\/www.fedaiisf.it\/en\/wp-json\/wp\/v2\/tags?post=22578"}],"curies":[{"name":"wp","href":"https:\/\/api.w.org\/{rel}","templated":true}]}}