{"id":22738,"date":"2015-11-10T12:16:42","date_gmt":"2015-11-10T11:16:42","guid":{"rendered":"http:\/\/www.fedaiisf.it\/?p=22738"},"modified":"2015-11-10T12:20:43","modified_gmt":"2015-11-10T11:20:43","slug":"beatrice-lorenzin-chi-puo-pagarsi-lantibiotico-lo-faccia-e-una-questione-di-civilta","status":"publish","type":"post","link":"https:\/\/www.fedaiisf.it\/en\/beatrice-lorenzin-chi-puo-pagarsi-lantibiotico-lo-faccia-e-una-questione-di-civilta\/","title":{"rendered":"Beatrice Lorenzin: &quot;Those who can pay for the antibiotic do so: it&#039;s a question of civilization&quot;"},"content":{"rendered":"<p>&#8216;<img loading=\"lazy\" decoding=\"async\" class=\"alignleft\" src=\"http:\/\/farmaciavirtuale.it\/w\/wp-content\/uploads\/2015\/02\/conasfa-non-titolari.jpg\" alt=\"\" width=\"331\" height=\"215\" \/>Le persone che possono pagarsi l&#8217;antibiotico, dovrebbero farlo. E&#8217; una questione di civilt\u00e0&#8221;. L&#8217;invito<a href=\"http:\/\/www.ansa.it\/saluteebenessere\/notizie\/rubriche\/salute\/2015\/11\/09\/sanita-lorenzin-chi-puo-pagarsi-lantibiotico-lo-faccia_2d7995af-d10b-4583-baa5-b6667e13519f.html\" target=\"_blank\" rel=\"noopener\"> arriva dal ministro della Salute Beatrice Lorenzin <\/a>intervenuta stamattina a Rainews24. Un appello &#8221;culturale&#8221;, non certo una indicazione formale (che per altro pu\u00f2 arrivare solo dalle Regioni).<\/p>\n<p>Ma \u00e8 abbastanza per riaprire il dibattito su un tema sentito e temuto: la paventata necessit\u00e0 di aumentare la compartecipazione del cittadino alle spese sanitarie. &#8220;Stiamo facendo di tutto per non far aumentare i ticket. Anzi stiamo dicendo alle Regioni &#8216;non aumentate i ticket&#8217;, perch\u00e9 c&#8217;\u00e8 stato un momento di grande difficolt\u00e0 nella popolazione&#8221;, ha per altro tenuto a precisare il ministro.<\/p>\n<p>La dichiarazione provoca reazioni, come quella del Tribunale dei Diritti del Malato: ricorda che i 4 miliardi che le Regioni non hanno ottenuto per il Fondo Sanitario nazionale, corrispondano esattamente alla cifra che lo stato intasca ogni anno per tutti i ticket. Ed intanto continua ad aumentare, anno dopo anno, il volume della spesa che i cittadini fanno di tasca propria, compresi i farmaci.<\/p>\n<p>c<img loading=\"lazy\" decoding=\"async\" class=\"alignright\" src=\"http:\/\/www.cittadinanzattivamarche.com\/wp-content\/uploads\/2013\/12\/tribunale_diritti_malato.jpg\" alt=\"\" width=\"160\" height=\"172\" \/>hi decide di andare lo stesso dal medico o di sottoporsi a esami specialistici pi\u00f9 o meno costosi spesso paga &#8216;di tasca propria&#8217; &#8220;il 18% della spesa sanitaria totale&#8221;. Una percentuale molto pi\u00f9 alta rispetto al 7% della Francia e al 9% dell&#8217;Inghilterra e che si traduce in una spesa pro capite annua di circa 500 euro. E il quadro si complica, ha spiegato Tonino Aceti, coordinatore del Tribunale per i diritti del malato-Cittadinanzattiva alla luce del livello gi\u00e0 troppo alto raggiunto dalla &#8216;giungla&#8217; di ticket regionali che hanno gi\u00e0 avviato lo spostamento di una quota di persone nella sanit\u00e0 privata.<\/p>\n<p>Nessun notizia intanto sul fronte dei tavoli avviati ormai piu&#8217; di un anno fa per riscrivere la riforma del sistema dei ticket. &#8221;Intanto come associazione dei cittadini vorremmo condividere le scelte che verranno fatte&#8221; ha precisato Aceti. Il punto, ha aggiunto, \u00e8 che il margine di manovra \u00e8 sempre pi\u00f9 stretto: &#8221;Se pu\u00f2 essere corretto rivedere lo compartecipazione in modo progressivo sulla base del reddito, \u00e8 necessario in realt\u00e0 abbassare i ticket per rendere davvero competitivo il servizio pubblico. In sostanza bisogna salvaguardare il servizio sanitario nazionale ma anche i malati, in particolare i cronici ed chi soffre di malattie rare, per evitare che siano soprattutto loro a pagare&#8221;.<\/p>\n<p><a href=\"http:\/\/www.huffingtonpost.it\/2015\/11\/10\/beatrice-lorenzin-antibiotico_n_8519080.html\" target=\"_blank\" rel=\"noopener\"><span style=\"color: #0000ff;\">Published: <\/span><\/a><time datetime=\"2015-11-10T04:09:50-05:00\"><a href=\"http:\/\/www.huffingtonpost.it\/2015\/11\/10\/beatrice-lorenzin-antibiotico_n_8519080.html\" target=\"_blank\" rel=\"noopener\"><span style=\"color: #0000ff;\">10\/11\/2015 &#8211; L&#8217;Huffington Post<\/span><\/a> (fonte Ansa)<\/time><\/p>\n<p>Related news:\u00a0<span style=\"color: #0000ff;\"><a style=\"color: #0000ff;\" href=\"http:\/\/www.fedaiisf.it\/en\/lettere-alla-redazione-la-gestione-sanitaria\/\" target=\"_blank\">Letters to the Editor. &quot;Health Management&quot;<\/a><\/span><\/p>\n<p><a href=\"http:\/\/www.cittadinanzattiva.it\/notizie\/salute\/8269-cittadinanzattiva-su-costi-e-tempi-della-sanita-sempre-piu-difficile-l-accesso.html\" target=\"_blank\" rel=\"noopener\"><span style=\"color: #0000ff;\">Cittadinanzattiva su costi e tempi della sanit\u00e0: sempre pi\u00f9 difficile l&#8217;accesso<\/span><\/a><\/p>","protected":false},"excerpt":{"rendered":"<p>&#8216;Le persone che possono pagarsi l&#8217;antibiotico, dovrebbero farlo. E&#8217; una questione di civilt\u00e0&#8221;. L&#8217;invito arriva dal ministro della Salute Beatrice Lorenzin intervenuta stamattina a Rainews24. Un appello &#8221;culturale&#8221;, non certo una indicazione formale (che per altro pu\u00f2 arrivare solo dalle Regioni). Ma \u00e8 abbastanza per riaprire il dibattito su un tema sentito e temuto: la &hellip;<\/p>","protected":false},"author":4,"featured_media":21812,"comment_status":"closed","ping_status":"closed","sticky":false,"template":"","format":"standard","meta":{"footnotes":""},"categories":[1],"tags":[28,29,79],"class_list":["post-22738","post","type-post","status-publish","format-standard","has-post-thumbnail","hentry","category-notizie","tag-lorenzin","tag-prezzo-farmaci","tag-ssn"],"amp_enabled":true,"_links":{"self":[{"href":"https:\/\/www.fedaiisf.it\/en\/wp-json\/wp\/v2\/posts\/22738","targetHints":{"allow":["GET"]}}],"collection":[{"href":"https:\/\/www.fedaiisf.it\/en\/wp-json\/wp\/v2\/posts"}],"about":[{"href":"https:\/\/www.fedaiisf.it\/en\/wp-json\/wp\/v2\/types\/post"}],"author":[{"embeddable":true,"href":"https:\/\/www.fedaiisf.it\/en\/wp-json\/wp\/v2\/users\/4"}],"replies":[{"embeddable":true,"href":"https:\/\/www.fedaiisf.it\/en\/wp-json\/wp\/v2\/comments?post=22738"}],"version-history":[{"count":0,"href":"https:\/\/www.fedaiisf.it\/en\/wp-json\/wp\/v2\/posts\/22738\/revisions"}],"wp:featuredmedia":[{"embeddable":true,"href":"https:\/\/www.fedaiisf.it\/en\/wp-json\/wp\/v2\/media\/21812"}],"wp:attachment":[{"href":"https:\/\/www.fedaiisf.it\/en\/wp-json\/wp\/v2\/media?parent=22738"}],"wp:term":[{"taxonomy":"category","embeddable":true,"href":"https:\/\/www.fedaiisf.it\/en\/wp-json\/wp\/v2\/categories?post=22738"},{"taxonomy":"post_tag","embeddable":true,"href":"https:\/\/www.fedaiisf.it\/en\/wp-json\/wp\/v2\/tags?post=22738"}],"curies":[{"name":"wp","href":"https:\/\/api.w.org\/{rel}","templated":true}]}}