{"id":22991,"date":"2015-11-23T17:42:35","date_gmt":"2015-11-23T16:42:35","guid":{"rendered":"http:\/\/www.fedaiisf.it\/?p=22991"},"modified":"2015-11-23T20:04:00","modified_gmt":"2015-11-23T19:04:00","slug":"sardegna-la-giunta-regionale-intende-contenere-la-spesa-farmaceutica-con-una-delibera","status":"publish","type":"post","link":"https:\/\/www.fedaiisf.it\/en\/sardegna-la-giunta-regionale-intende-contenere-la-spesa-farmaceutica-con-una-delibera\/","title":{"rendered":"Sardinia: the Regional Council intends to contain pharmaceutical expenditure with a resolution"},"content":{"rendered":"<p><em>Il provvedimento \u00e8 in grado di minare la qualit\u00e0 delle terapie erogate alle persone affette da tumori, sclerosi multipla e malattie rare. Si prevedono delle deroghe ma \u00e8 stato determinato un costo medio annuo per patologia da assumere come riferimento.\u00a0Un dato aritmetico che potrebbe non rappresentare la scelta economicamente pi\u00f9 conveniente.<\/em><\/p>\n<p><a href=\"http:\/\/www.osservatoriomalattierare.it\/politiche-socio-sanitarie\/9417-sardegna-la-giunta-regionale-intende-contenere-la-spesa-farmaceutica-con-una-delibera\" target=\"_blank\" rel=\"noopener\"><span style=\"color: #0000ff;\">Autore: Matteo Mascia<time datetime=\"2015-11-23T09:56:06+01:00\">, 23 Novembre 2015 &#8211; OMAR Osservatorio Malattie Rare<\/time><\/span><\/a><\/p>\n<p><img loading=\"lazy\" decoding=\"async\" class=\"alignleft\" src=\"http:\/\/formiche.net\/thumb\/580x950\/2014\/02\/10051\/a\/zc1\/q100\/francesco-pigliaru.jpg\" alt=\"\" width=\"233\" height=\"142\" \/>La Giunta regionale della Sardegna ha deciso di adottare una <strong>delibera per contenere la spesa farmaceutica<\/strong>. L&#8217;Isola \u00e8 infatti saldamente al primo posto nelle graduatorie sui livelli di spesa stilate dall&#8217;Agenzia italiana del farmaco. Una condizione che ha spinto l&#8217;esecutivo guidato da Francesco Pigliaru ad adottare un provvedimento che consenta di realizzare delle economie nel medio periodo: il dispositivo dovr\u00e0 infatti trovare esecuzione nei prossimi tre anni.<\/p>\n<p>Il contenuto dell&#8217;atto \u00e8 in grado di avere dirette ripercussione sulla qualit\u00e0 della vita delle persone affette da tumori, sclerosi multipla e malattie rare. Si prevedono delle deroghe ma \u00e8 stato determinato un costo medio annuo per patologia da assumere come riferimento.<\/p>\n<p>Un dato aritmetico che potrebbe non rappresentare la scelta economicamente pi\u00f9 conveniente. <strong>I farmaci innovativi \u2013 dal prezzo spesso ritenuto elevato \u2013 possono consentire di ridurre i tassi di ospedalizzazione, di diradare i controlli e, in definitiva, di gestire una migliore terapia di mantenimento<\/strong>.<\/p>\n<p><img loading=\"lazy\" decoding=\"async\" class=\"alignright\" src=\"http:\/\/www.aladinpensiero.it\/wp-content\/uploads\/2013\/11\/consiglio-regionale-SARDEGNA-1.jpg\" alt=\"\" width=\"296\" height=\"237\" \/>Sulla spinosa vicenda \u00e8 intervenuto <strong>Ignazio Locci<\/strong>, consigliere regionale di Forza Italia, sempre molto attento alle problematiche legate al Servizio sanitario regionale: \u201cLa delibera della Giunta regionale sul contenimento della spesa farmaceutica \u00e8 un provvedimento molto pericoloso. Non si perseguir\u00e0, infatti, nessun risparmio e, cosa ancora pi\u00f9 grave, caler\u00e0 la qualit\u00e0 delle terapie erogate sul territorio e all&#8217;interno degli ospedali. Aver scelto di fare economia sui farmaci oncologici, emoderivati e per malati di sclerosi multipla \u00e8 un clamoroso errore\u201d.<\/p>\n<p>L&#8217;avvocato azzurro ha poi evidenziato alcune <strong>discrepanze in merito alla tendenza registrata a livello nazionale<\/strong>: \u201cMentre a Roma si decide di finanziare attraverso la legge di Stabilit\u00e0 un fondo per i farmaci innovativi, a Cagliari oscuri burocrati si comportano come ragionieri di bassa lega. L&#8217;assessore alla Sanit\u00e0 Luigi Arru spieghi cosa ha intenzione di fare\u201d. Sull&#8217;aumento della spesa destinata all&#8217;acquisto di farmaci \u00e8 intervenuto anche il predecessore dell&#8217;attuale governatore, Ugo Cappellacci. L&#8217;ex presidente ha evidenziato come, durante il suo mandato, si sia riusciti a risparmiare senza intaccare la qualit\u00e0 delle prestazioni erogate sul territorio e negli ospedali.<\/p>\n<p>Related news:\u00a0<a href=\"http:\/\/notizie.admaioramedia.it\/sanita-assessore-arru-diminuire-spesa-farmaceutica-locci-rischio-per-pazienti-cappellacci-tengono-lezioni-ma-incapaci\/\" target=\"_blank\" rel=\"noopener\"><span style=\"color: #0000ff;\">Assessore Arru: \u201cDiminuire spesa farmaceutica\u201d. Locci: \u201cRischio per pazienti\u201d. Cappellacci: \u201cTengono lezioni, ma incapaci\u201d<\/span><\/a><\/p>\n<p><a href=\"http:\/\/www.rassegna.it\/articoli\/basta-tagli-lorenzin-dica-che-sanita-vuole\" target=\"_blank\" rel=\"noopener\"><span style=\"color: #0000ff;\">Basta tagli, Lorenzin dica che sanit\u00e0 vuole<\/span><\/a><\/p>\n<p class=\"blog-title\"><a href=\"http:\/\/www.ilfattoquotidiano.it\/2015\/11\/23\/malattie-rare-lodissea-dei-chemiosensibili-costretti-sul-lastrico-per-curarsi\/2237707\/\" target=\"_blank\" rel=\"noopener\"><span style=\"color: #0000ff;\">Malattie rare, l\u2019odissea dei chemiosensibili costretti sul lastrico per curarsi<\/span><\/a><\/p>","protected":false},"excerpt":{"rendered":"<p>Il provvedimento \u00e8 in grado di minare la qualit\u00e0 delle terapie erogate alle persone affette da tumori, sclerosi multipla e malattie rare. Si prevedono delle deroghe ma \u00e8 stato determinato un costo medio annuo per patologia da assumere come riferimento.\u00a0Un dato aritmetico che potrebbe non rappresentare la scelta economicamente pi\u00f9 conveniente. Autore: Matteo Mascia, 23 &hellip;<\/p>","protected":false},"author":4,"featured_media":4675,"comment_status":"closed","ping_status":"closed","sticky":false,"template":"","format":"standard","meta":{"footnotes":""},"categories":[1],"tags":[26,79],"class_list":["post-22991","post","type-post","status-publish","format-standard","has-post-thumbnail","hentry","category-notizie","tag-spesa-farmaceutica","tag-ssn"],"amp_enabled":true,"_links":{"self":[{"href":"https:\/\/www.fedaiisf.it\/en\/wp-json\/wp\/v2\/posts\/22991","targetHints":{"allow":["GET"]}}],"collection":[{"href":"https:\/\/www.fedaiisf.it\/en\/wp-json\/wp\/v2\/posts"}],"about":[{"href":"https:\/\/www.fedaiisf.it\/en\/wp-json\/wp\/v2\/types\/post"}],"author":[{"embeddable":true,"href":"https:\/\/www.fedaiisf.it\/en\/wp-json\/wp\/v2\/users\/4"}],"replies":[{"embeddable":true,"href":"https:\/\/www.fedaiisf.it\/en\/wp-json\/wp\/v2\/comments?post=22991"}],"version-history":[{"count":0,"href":"https:\/\/www.fedaiisf.it\/en\/wp-json\/wp\/v2\/posts\/22991\/revisions"}],"wp:featuredmedia":[{"embeddable":true,"href":"https:\/\/www.fedaiisf.it\/en\/wp-json\/wp\/v2\/media\/4675"}],"wp:attachment":[{"href":"https:\/\/www.fedaiisf.it\/en\/wp-json\/wp\/v2\/media?parent=22991"}],"wp:term":[{"taxonomy":"category","embeddable":true,"href":"https:\/\/www.fedaiisf.it\/en\/wp-json\/wp\/v2\/categories?post=22991"},{"taxonomy":"post_tag","embeddable":true,"href":"https:\/\/www.fedaiisf.it\/en\/wp-json\/wp\/v2\/tags?post=22991"}],"curies":[{"name":"wp","href":"https:\/\/api.w.org\/{rel}","templated":true}]}}